{"id":21294,"date":"2018-03-09T09:11:00","date_gmt":"2018-03-09T09:11:00","guid":{"rendered":"https:\/\/www.deberes.net\/tesis\/sin-categoria\/el-misterio-de-la-encarnacion-en-los-manuscritos-liturgicos-de-la-biblioteca-nacional\/"},"modified":"2018-03-09T09:11:00","modified_gmt":"2018-03-09T09:11:00","slug":"el-misterio-de-la-encarnacion-en-los-manuscritos-liturgicos-de-la-biblioteca-nacional","status":"publish","type":"post","link":"https:\/\/www.deberes.net\/tesis\/nacional-de-educacion-a-distancia\/el-misterio-de-la-encarnacion-en-los-manuscritos-liturgicos-de-la-biblioteca-nacional\/","title":{"rendered":"El misterio de la encarnaci\u00f3n en los manuscritos lit\u00fargicos de la biblioteca nacional"},"content":{"rendered":"<h2>Tesis doctoral de <strong> Luis Garc\u00eda Guti\u00e9rrez <\/strong><\/h2>\n<p>Es un estudio iconogr\u00e1fico e iconol\u00f3gico del misterio de la encarnaci\u00f3n.  consta de una introducci\u00f3n en la que se analizan los manuscritos medievales en general y los lit\u00fargicos en particular, con un cat\u00e1logo de los pertenecientes a la biblioteca nacional. Sigue una exposici\u00f3n de los problemas que plantea el mundo de los signos, de las im\u00e1genes y de los s\u00edmbolos de la edad media.  la tesis propiamente dicha consta de dos partes:  1,- proyecto divido de la encarnaci\u00f3n, la relaci\u00f3n entre encarnaci\u00f3n-redenci\u00f3n y anuncios sobre este plan divino, ya desde el mundo pagano (vaticinios de las sibilas), ya desde las profec\u00edas del antiguo testamento (\u00e1rbol de jess\u00e9)-  2,- el hecho hist\u00f3rico de la encarnaci\u00f3n: anunciaci\u00f3n. Visitaci\u00f3n. Natividad. presentaci\u00f3n del ni\u00f1o en el templo. Adoraci\u00f3n de los magos y huida a egipto.  se cierra con el colof\u00f3n de las conclusiones.<\/p>\n<p>&nbsp;<\/p>\n<h3>Datos acad\u00e9micos de la tesis doctoral \u00ab<strong>El misterio de la encarnaci\u00f3n en los manuscritos lit\u00fargicos de la biblioteca nacional<\/strong>\u00ab<\/h3>\n<ul>\n<li><strong>T\u00edtulo de la tesis:<\/strong>\u00a0 El misterio de la encarnaci\u00f3n en los manuscritos lit\u00fargicos de la biblioteca nacional <\/li>\n<li><strong>Autor:<\/strong>\u00a0 Luis Garc\u00eda Guti\u00e9rrez <\/li>\n<li><strong>Universidad:<\/strong>\u00a0 Nacional de educaci\u00f3n a distancia<\/li>\n<li><strong>Fecha de lectura de la tesis:<\/strong>\u00a0 22\/01\/2003<\/li>\n<\/ul>\n<p>&nbsp;<\/p>\n<h3>Direcci\u00f3n y tribunal<\/h3>\n<ul>\n<li><strong>Director de la tesis<\/strong>\n<ul>\n<li>Victor Nieto Alcaide<\/li>\n<\/ul>\n<\/li>\n<li><strong>Tribunal<\/strong>\n<ul>\n<li>Presidente del tribunal: Francisco jos\u00e9 Portela sandoval <\/li>\n<li>palma Mart\u00ednez-burgos Garc\u00eda (vocal)<\/li>\n<li> Garc\u00eda morales Mar\u00eda  victoria (vocal)<\/li>\n<li>Miguel angel Castillo oreja (vocal)<\/li>\n<\/ul>\n<\/li>\n<\/ul>\n<p>&nbsp;<\/p>\n","protected":false},"excerpt":{"rendered":"<p>Tesis doctoral de Luis Garc\u00eda Guti\u00e9rrez Es un estudio iconogr\u00e1fico e iconol\u00f3gico del misterio de la encarnaci\u00f3n. consta de una [&hellip;]<\/p>\n","protected":false},"author":1,"featured_media":0,"comment_status":"open","ping_status":"open","sticky":false,"template":"","format":"standard","meta":{"site-sidebar-layout":"default","site-content-layout":"","ast-site-content-layout":"","site-content-style":"default","site-sidebar-style":"default","ast-global-header-display":"","ast-banner-title-visibility":"","ast-main-header-display":"","ast-hfb-above-header-display":"","ast-hfb-below-header-display":"","ast-hfb-mobile-header-display":"","site-post-title":"","ast-breadcrumbs-content":"","ast-featured-img":"","footer-sml-layout":"","theme-transparent-header-meta":"","adv-header-id-meta":"","stick-header-meta":"","header-above-stick-meta":"","header-main-stick-meta":"","header-below-stick-meta":"","astra-migrate-meta-layouts":"default","ast-page-background-enabled":"default","ast-page-background-meta":{"desktop":{"background-color":"var(--ast-global-color-4)","background-image":"","background-repeat":"repeat","background-position":"center center","background-size":"auto","background-attachment":"scroll","background-type":"","background-media":"","overlay-type":"","overlay-color":"","overlay-gradient":""},"tablet":{"background-color":"","background-image":"","background-repeat":"repeat","background-position":"center center","background-size":"auto","background-attachment":"scroll","background-type":"","background-media":"","overlay-type":"","overlay-color":"","overlay-gradient":""},"mobile":{"background-color":"","background-image":"","background-repeat":"repeat","background-position":"center center","background-size":"auto","background-attachment":"scroll","background-type":"","background-media":"","overlay-type":"","overlay-color":"","overlay-gradient":""}},"ast-content-background-meta":{"desktop":{"background-color":"var(--ast-global-color-5)","background-image":"","background-repeat":"repeat","background-position":"center center","background-size":"auto","background-attachment":"scroll","background-type":"","background-media":"","overlay-type":"","overlay-color":"","overlay-gradient":""},"tablet":{"background-color":"var(--ast-global-color-5)","background-image":"","background-repeat":"repeat","background-position":"center center","background-size":"auto","background-attachment":"scroll","background-type":"","background-media":"","overlay-type":"","overlay-color":"","overlay-gradient":""},"mobile":{"background-color":"var(--ast-global-color-5)","background-image":"","background-repeat":"repeat","background-position":"center center","background-size":"auto","background-attachment":"scroll","background-type":"","background-media":"","overlay-type":"","overlay-color":"","overlay-gradient":""}},"footnotes":""},"categories":[17070],"tags":[5884,64317,64315,17197,64316,14793],"class_list":["post-21294","post","type-post","status-publish","format-standard","hentry","category-nacional-de-educacion-a-distancia","tag-francisco-jose-portela-sandoval","tag-garcia-morales-maria-victoria","tag-luis-garcia-gutierrez","tag-miguel-angel-castillo-oreja","tag-palma-Martinez-burgos-garcia","tag-victor-nieto-alcaide"],"_links":{"self":[{"href":"https:\/\/www.deberes.net\/tesis\/wp-json\/wp\/v2\/posts\/21294","targetHints":{"allow":["GET"]}}],"collection":[{"href":"https:\/\/www.deberes.net\/tesis\/wp-json\/wp\/v2\/posts"}],"about":[{"href":"https:\/\/www.deberes.net\/tesis\/wp-json\/wp\/v2\/types\/post"}],"author":[{"embeddable":true,"href":"https:\/\/www.deberes.net\/tesis\/wp-json\/wp\/v2\/users\/1"}],"replies":[{"embeddable":true,"href":"https:\/\/www.deberes.net\/tesis\/wp-json\/wp\/v2\/comments?post=21294"}],"version-history":[{"count":0,"href":"https:\/\/www.deberes.net\/tesis\/wp-json\/wp\/v2\/posts\/21294\/revisions"}],"wp:attachment":[{"href":"https:\/\/www.deberes.net\/tesis\/wp-json\/wp\/v2\/media?parent=21294"}],"wp:term":[{"taxonomy":"category","embeddable":true,"href":"https:\/\/www.deberes.net\/tesis\/wp-json\/wp\/v2\/categories?post=21294"},{"taxonomy":"post_tag","embeddable":true,"href":"https:\/\/www.deberes.net\/tesis\/wp-json\/wp\/v2\/tags?post=21294"}],"curies":[{"name":"wp","href":"https:\/\/api.w.org\/{rel}","templated":true}]}}