{"id":21314,"date":"2018-03-09T09:11:02","date_gmt":"2018-03-09T09:11:02","guid":{"rendered":"https:\/\/www.deberes.net\/tesis\/sin-categoria\/universidad-calidad-y-docencia-evaluacion-de-la-actividad-docente-del-profesorado-de-la-universitat-rovira-i-virgili-desde-la-perspectiva-de-los-alumnos\/"},"modified":"2018-03-09T09:11:02","modified_gmt":"2018-03-09T09:11:02","slug":"universidad-calidad-y-docencia-evaluacion-de-la-actividad-docente-del-profesorado-de-la-universitat-rovira-i-virgili-desde-la-perspectiva-de-los-alumnos","status":"publish","type":"post","link":"https:\/\/www.deberes.net\/tesis\/rovira-i-virgili\/universidad-calidad-y-docencia-evaluacion-de-la-actividad-docente-del-profesorado-de-la-universitat-rovira-i-virgili-desde-la-perspectiva-de-los-alumnos\/","title":{"rendered":"Universidad, calidad y docencia: evaluaci\u00f3n de la actividad docente del profesorado de la universitat rovira i virgili desde la perspectiva de los alumnos"},"content":{"rendered":"<h2>Tesis doctoral de <strong> Juan a M. Tierno Garc\u00eda <\/strong><\/h2>\n<p>Esta tesis doctroal analiza las valoraciones sobre la docencia del profesorado que realizan los alumnos de la universidad rovira i virgili (urv), desde 1993 hasta 2001, y reflexiona acerca de sus limitaciones y potencialidades para el cambio y la mejor de la evaluaci\u00f3n del profesorado.  en una primera aproximaci\u00f3n al tema, se ofrece un marco te\u00f3rico donde se encuadra el problema de estudio, utilizando como principales ejes: la calidad, la universidad, la evaluaci\u00f3n institucional, y la evaluaci\u00f3n del profesorado en el contexto de la educaci\u00f3n superior.  la aproximaci\u00f3n al concepto de calidad se lleva a cabo mediante un recorrido a trav\u00e9s de su evoluci\u00f3n hist\u00f3rica, que se detiene en sus tres etapas b\u00e1sicas, recogiendo las ideas clave y las herramientas te\u00f3ricas y pr\u00e1cticas m\u00e1s importantes. Posteriormente se introduce la idea de calidad de los servicios como paso previo al an\u00e1lisis general de la calidad en la educaci\u00f3n.  por otro parte, se aborda el tema de educaci\u00f3n superior, recogiendo tanto las aportaciones de la unesco como las que se enmarcan en el \u00e1mbito de la uni\u00f3n europea, para concluir con una visi\u00f3n general de la universidad espa\u00f1ola.  a partir de estos dos \u00e1mbitos, se introduce la evaluaci\u00f3n como una de las v\u00edas para lograr la calidad en la educaci\u00f3n superior, desembocando en el concepto integrdor de evaluaci\u00f3n institucional universitaria. El bloque te\u00f3rico concluye con un cap\u00edtulo donde se analiza la complejidad de la figura del profesor universitario haciendo especial hincapi\u00e9 en su funci\u00f3n docente y en la evaluaci\u00f3n de la misma.  dentro ya del bloque pr\u00e1ctico, se realiza una contextualizaci\u00f3n de la universidad rovira i virgili utilizando los ejes (universidad &#8211; calidad &#8211; evaluaci\u00f3n institucional) y adapt\u00e1ndolos a peque\u00f1a escala: la universidad (historia, estatutos), la calidad (plan estrat\u00e9gico de calidad) y la evaluaci\u00f3n institucional de la urv (titulaciones, servicios y procesos).<\/p>\n<p>&nbsp;<\/p>\n<h3>Datos acad\u00e9micos de la tesis doctoral \u00ab<strong>Universidad, calidad y docencia: evaluaci\u00f3n de la actividad docente del profesorado de la universitat rovira i virgili desde la perspectiva de los alumnos<\/strong>\u00ab<\/h3>\n<ul>\n<li><strong>T\u00edtulo de la tesis:<\/strong>\u00a0 Universidad, calidad y docencia: evaluaci\u00f3n de la actividad docente del profesorado de la universitat rovira i virgili desde la perspectiva de los alumnos <\/li>\n<li><strong>Autor:<\/strong>\u00a0 Juan a M. Tierno Garc\u00eda <\/li>\n<li><strong>Universidad:<\/strong>\u00a0 Rovira i virgili<\/li>\n<li><strong>Fecha de lectura de la tesis:<\/strong>\u00a0 23\/01\/2003<\/li>\n<\/ul>\n<p>&nbsp;<\/p>\n<h3>Direcci\u00f3n y tribunal<\/h3>\n<ul>\n<li><strong>Director de la tesis<\/strong>\n<ul>\n<li>Bonifacio Jim\u00e9nez Jim\u00e9nez<\/li>\n<\/ul>\n<\/li>\n<li><strong>Tribunal<\/strong>\n<ul>\n<li>Presidente del tribunal: sebastian Rodr\u00edguez espinar <\/li>\n<li>vicente Ferreres pav\u00eda (vocal)<\/li>\n<li>josep Oliveras samitier (vocal)<\/li>\n<li>flor \u00e1ngeles Cabrera  rodr\u00edguez (vocal)<\/li>\n<\/ul>\n<\/li>\n<\/ul>\n<p>&nbsp;<\/p>\n","protected":false},"excerpt":{"rendered":"<p>Tesis doctoral de Juan a M. Tierno Garc\u00eda Esta tesis doctroal analiza las valoraciones sobre la docencia del profesorado que [&hellip;]<\/p>\n","protected":false},"author":1,"featured_media":0,"comment_status":"open","ping_status":"open","sticky":false,"template":"","format":"standard","meta":{"site-sidebar-layout":"default","site-content-layout":"","ast-site-content-layout":"","site-content-style":"default","site-sidebar-style":"default","ast-global-header-display":"","ast-banner-title-visibility":"","ast-main-header-display":"","ast-hfb-above-header-display":"","ast-hfb-below-header-display":"","ast-hfb-mobile-header-display":"","site-post-title":"","ast-breadcrumbs-content":"","ast-featured-img":"","footer-sml-layout":"","theme-transparent-header-meta":"","adv-header-id-meta":"","stick-header-meta":"","header-above-stick-meta":"","header-main-stick-meta":"","header-below-stick-meta":"","astra-migrate-meta-layouts":"default","ast-page-background-enabled":"default","ast-page-background-meta":{"desktop":{"background-color":"var(--ast-global-color-4)","background-image":"","background-repeat":"repeat","background-position":"center center","background-size":"auto","background-attachment":"scroll","background-type":"","background-media":"","overlay-type":"","overlay-color":"","overlay-gradient":""},"tablet":{"background-color":"","background-image":"","background-repeat":"repeat","background-position":"center center","background-size":"auto","background-attachment":"scroll","background-type":"","background-media":"","overlay-type":"","overlay-color":"","overlay-gradient":""},"mobile":{"background-color":"","background-image":"","background-repeat":"repeat","background-position":"center center","background-size":"auto","background-attachment":"scroll","background-type":"","background-media":"","overlay-type":"","overlay-color":"","overlay-gradient":""}},"ast-content-background-meta":{"desktop":{"background-color":"var(--ast-global-color-5)","background-image":"","background-repeat":"repeat","background-position":"center center","background-size":"auto","background-attachment":"scroll","background-type":"","background-media":"","overlay-type":"","overlay-color":"","overlay-gradient":""},"tablet":{"background-color":"var(--ast-global-color-5)","background-image":"","background-repeat":"repeat","background-position":"center center","background-size":"auto","background-attachment":"scroll","background-type":"","background-media":"","overlay-type":"","overlay-color":"","overlay-gradient":""},"mobile":{"background-color":"var(--ast-global-color-5)","background-image":"","background-repeat":"repeat","background-position":"center center","background-size":"auto","background-attachment":"scroll","background-type":"","background-media":"","overlay-type":"","overlay-color":"","overlay-gradient":""}},"footnotes":""},"categories":[18759],"tags":[13833,34242,1406,64367,4268,1291],"class_list":["post-21314","post","type-post","status-publish","format-standard","hentry","category-rovira-i-virgili","tag-bonifacio-jimenez-jimenez","tag-flor-angeles-cabrera-rodriguez","tag-josep-oliveras-samitier","tag-juan-a-m-tierno-garcia","tag-sebastian-rodriguez-espinar","tag-vicente-ferreres-pavia"],"_links":{"self":[{"href":"https:\/\/www.deberes.net\/tesis\/wp-json\/wp\/v2\/posts\/21314","targetHints":{"allow":["GET"]}}],"collection":[{"href":"https:\/\/www.deberes.net\/tesis\/wp-json\/wp\/v2\/posts"}],"about":[{"href":"https:\/\/www.deberes.net\/tesis\/wp-json\/wp\/v2\/types\/post"}],"author":[{"embeddable":true,"href":"https:\/\/www.deberes.net\/tesis\/wp-json\/wp\/v2\/users\/1"}],"replies":[{"embeddable":true,"href":"https:\/\/www.deberes.net\/tesis\/wp-json\/wp\/v2\/comments?post=21314"}],"version-history":[{"count":0,"href":"https:\/\/www.deberes.net\/tesis\/wp-json\/wp\/v2\/posts\/21314\/revisions"}],"wp:attachment":[{"href":"https:\/\/www.deberes.net\/tesis\/wp-json\/wp\/v2\/media?parent=21314"}],"wp:term":[{"taxonomy":"category","embeddable":true,"href":"https:\/\/www.deberes.net\/tesis\/wp-json\/wp\/v2\/categories?post=21314"},{"taxonomy":"post_tag","embeddable":true,"href":"https:\/\/www.deberes.net\/tesis\/wp-json\/wp\/v2\/tags?post=21314"}],"curies":[{"name":"wp","href":"https:\/\/api.w.org\/{rel}","templated":true}]}}