{"id":21326,"date":"2018-03-09T09:11:03","date_gmt":"2018-03-09T09:11:03","guid":{"rendered":"https:\/\/www.deberes.net\/tesis\/sin-categoria\/dificultades-en-la-integracion-curricular-de-los-medios-y-las-tecnologa%c2%adas-de-la-informacion-y-de-la-comunicacion-estudios-de-casos-en-la-provincia-de-granada\/"},"modified":"2018-03-09T09:11:03","modified_gmt":"2018-03-09T09:11:03","slug":"dificultades-en-la-integracion-curricular-de-los-medios-y-las-tecnologa%c2%adas-de-la-informacion-y-de-la-comunicacion-estudios-de-casos-en-la-provincia-de-granada","status":"publish","type":"post","link":"https:\/\/www.deberes.net\/tesis\/matematicas\/dificultades-en-la-integracion-curricular-de-los-medios-y-las-tecnologa%c2%adas-de-la-informacion-y-de-la-comunicacion-estudios-de-casos-en-la-provincia-de-granada\/","title":{"rendered":"Dificultades en la integraci\u00f3n curricular de los medios y las tecnolog\u00edas de la informaci\u00f3n y de la comunicaci\u00f3n: estudios de casos en la provincia de granada"},"content":{"rendered":"<h2>Tesis doctoral de <strong> Juan  Antonio Fuentes Esparrell <\/strong><\/h2>\n<p>La investigaci\u00f3n contenida en esta tesis aborda diversas problem\u00e1ticas derivadas de la integraci\u00f3n curricular de las tecnolog\u00edas anal\u00f3gicas y digitales en los centros educativos rurales y urbanos.  contiene una revisi\u00f3n sobre la literatura cient\u00edfica concerniente al an\u00e1lisis de las barreras que obstaculizan dicha integraci\u00f3n en la praxis de los distintos niveles educativos.  la investigaci\u00f3n aplicada profundiza sobre las dificultades declaradas por el profesorado a la hora de usar sistem\u00e1ticamente los medios y tecnolog\u00edas en el aula.  el m\u00e9todo de recogida de datos utilizado es la entrevista estandarizada no programada realizada a m\u00e1s de dos centenares de profesores de diversos niveles educativos que prestan sus servicios en centros p\u00fablicos de granada capital y de la comarca de hu\u00e9scar (una de las de menos renta per-c\u00e1pita de la uni\u00f3n europea).  los resultados plantean la necesidad de mejorar la formaci\u00f3n del profesorado en medios y recursos tecnol\u00f3gicos y dotarla de un car\u00e1cter eminentemente pr\u00e1ctico, as\u00ed como las necesidades de optimizar las f\u00f3rmulas de organizaci\u00f3n y gesti\u00f3n de los medios y soportes de informaci\u00f3n.  finalmente, queremos destacar como la mayor parte del profesorado entrevistado declara no conocer en profundizar el amplio abanico de posibilidades did\u00e1cticas que ofrecen los medios y tecnolog\u00edas a la totalidad de las \u00e1reas de conocimiento. por lo que consideran innecesaria su incorporaci\u00f3n a los desarrollos curriculares.<\/p>\n<p>&nbsp;<\/p>\n<h3>Datos acad\u00e9micos de la tesis doctoral \u00ab<strong>Dificultades en la integraci\u00f3n curricular de los medios y las tecnolog\u00edas de la informaci\u00f3n y de la comunicaci\u00f3n: estudios de casos en la provincia de granada<\/strong>\u00ab<\/h3>\n<ul>\n<li><strong>T\u00edtulo de la tesis:<\/strong>\u00a0 Dificultades en la integraci\u00f3n curricular de los medios y las tecnolog\u00edas de la informaci\u00f3n y de la comunicaci\u00f3n: estudios de casos en la provincia de granada <\/li>\n<li><strong>Autor:<\/strong>\u00a0 Juan  Antonio Fuentes Esparrell <\/li>\n<li><strong>Universidad:<\/strong>\u00a0 Granada<\/li>\n<li><strong>Fecha de lectura de la tesis:<\/strong>\u00a0 24\/01\/2003<\/li>\n<\/ul>\n<p>&nbsp;<\/p>\n<h3>Direcci\u00f3n y tribunal<\/h3>\n<ul>\n<li><strong>Director de la tesis<\/strong>\n<ul>\n<li>Manuel Lorenzo Delgado<\/li>\n<\/ul>\n<\/li>\n<li><strong>Tribunal<\/strong>\n<ul>\n<li>Presidente del tribunal: sebastian Sanchez fernandez <\/li>\n<li>Juan Granda vera (vocal)<\/li>\n<li>Mar\u00eda Luisa Sevillano Garc\u00eda (vocal)<\/li>\n<li>Jos\u00e9 Antonio Torres gonzalez (vocal)<\/li>\n<\/ul>\n<\/li>\n<\/ul>\n<p>&nbsp;<\/p>\n","protected":false},"excerpt":{"rendered":"<p>Tesis doctoral de Juan Antonio Fuentes Esparrell La investigaci\u00f3n contenida en esta tesis aborda diversas problem\u00e1ticas derivadas de la integraci\u00f3n [&hellip;]<\/p>\n","protected":false},"author":1,"featured_media":0,"comment_status":"open","ping_status":"open","sticky":false,"template":"","format":"standard","meta":{"site-sidebar-layout":"default","site-content-layout":"","ast-site-content-layout":"","site-content-style":"default","site-sidebar-style":"default","ast-global-header-display":"","ast-banner-title-visibility":"","ast-main-header-display":"","ast-hfb-above-header-display":"","ast-hfb-below-header-display":"","ast-hfb-mobile-header-display":"","site-post-title":"","ast-breadcrumbs-content":"","ast-featured-img":"","footer-sml-layout":"","theme-transparent-header-meta":"","adv-header-id-meta":"","stick-header-meta":"","header-above-stick-meta":"","header-main-stick-meta":"","header-below-stick-meta":"","astra-migrate-meta-layouts":"default","ast-page-background-enabled":"default","ast-page-background-meta":{"desktop":{"background-color":"var(--ast-global-color-4)","background-image":"","background-repeat":"repeat","background-position":"center center","background-size":"auto","background-attachment":"scroll","background-type":"","background-media":"","overlay-type":"","overlay-color":"","overlay-gradient":""},"tablet":{"background-color":"","background-image":"","background-repeat":"repeat","background-position":"center center","background-size":"auto","background-attachment":"scroll","background-type":"","background-media":"","overlay-type":"","overlay-color":"","overlay-gradient":""},"mobile":{"background-color":"","background-image":"","background-repeat":"repeat","background-position":"center center","background-size":"auto","background-attachment":"scroll","background-type":"","background-media":"","overlay-type":"","overlay-color":"","overlay-gradient":""}},"ast-content-background-meta":{"desktop":{"background-color":"var(--ast-global-color-5)","background-image":"","background-repeat":"repeat","background-position":"center center","background-size":"auto","background-attachment":"scroll","background-type":"","background-media":"","overlay-type":"","overlay-color":"","overlay-gradient":""},"tablet":{"background-color":"var(--ast-global-color-5)","background-image":"","background-repeat":"repeat","background-position":"center center","background-size":"auto","background-attachment":"scroll","background-type":"","background-media":"","overlay-type":"","overlay-color":"","overlay-gradient":""},"mobile":{"background-color":"var(--ast-global-color-5)","background-image":"","background-repeat":"repeat","background-position":"center center","background-size":"auto","background-attachment":"scroll","background-type":"","background-media":"","overlay-type":"","overlay-color":"","overlay-gradient":""}},"footnotes":""},"categories":[1890,1892,1140,126,1141,1288],"tags":[35407,64385,35589,8686,6263,35590],"class_list":["post-21326","post","type-post","status-publish","format-standard","hentry","category-ciencia-de-los-ordenadores","category-ensenanza-con-ayuda-de-ordenador","category-formacion-y-empleo-de-profesores","category-matematicas","category-pedagogia","category-preparacion-de-profesores","tag-jose-antonio-torres-gonzalez","tag-juan-antonio-fuentes-esparrell","tag-juan-granda-vera","tag-manuel-lorenzo-delgado","tag-maria-luisa-sevillano-garcia","tag-sebastian-sanchez-fernandez"],"_links":{"self":[{"href":"https:\/\/www.deberes.net\/tesis\/wp-json\/wp\/v2\/posts\/21326","targetHints":{"allow":["GET"]}}],"collection":[{"href":"https:\/\/www.deberes.net\/tesis\/wp-json\/wp\/v2\/posts"}],"about":[{"href":"https:\/\/www.deberes.net\/tesis\/wp-json\/wp\/v2\/types\/post"}],"author":[{"embeddable":true,"href":"https:\/\/www.deberes.net\/tesis\/wp-json\/wp\/v2\/users\/1"}],"replies":[{"embeddable":true,"href":"https:\/\/www.deberes.net\/tesis\/wp-json\/wp\/v2\/comments?post=21326"}],"version-history":[{"count":0,"href":"https:\/\/www.deberes.net\/tesis\/wp-json\/wp\/v2\/posts\/21326\/revisions"}],"wp:attachment":[{"href":"https:\/\/www.deberes.net\/tesis\/wp-json\/wp\/v2\/media?parent=21326"}],"wp:term":[{"taxonomy":"category","embeddable":true,"href":"https:\/\/www.deberes.net\/tesis\/wp-json\/wp\/v2\/categories?post=21326"},{"taxonomy":"post_tag","embeddable":true,"href":"https:\/\/www.deberes.net\/tesis\/wp-json\/wp\/v2\/tags?post=21326"}],"curies":[{"name":"wp","href":"https:\/\/api.w.org\/{rel}","templated":true}]}}