{"id":21348,"date":"2018-03-09T09:11:04","date_gmt":"2018-03-09T09:11:04","guid":{"rendered":"https:\/\/www.deberes.net\/tesis\/sin-categoria\/diccionario-sintactico-del-lexico-verbal-del-ingles-antiguo-verbos-de-habla\/"},"modified":"2018-03-09T09:11:04","modified_gmt":"2018-03-09T09:11:04","slug":"diccionario-sintactico-del-lexico-verbal-del-ingles-antiguo-verbos-de-habla","status":"publish","type":"post","link":"https:\/\/www.deberes.net\/tesis\/la-laguna\/diccionario-sintactico-del-lexico-verbal-del-ingles-antiguo-verbos-de-habla\/","title":{"rendered":"Diccionario sint\u00e1ctico del l\u00e9xico verbal del ingl\u00e9s antiguo: verbos de habla"},"content":{"rendered":"<h2>Tesis doctoral de <strong>  Gonz\u00e1lez Orta Marta M. <\/strong><\/h2>\n<p>El componente lexic\u00f3n ha ocupado en los \u00faltimos a\u00f1os una posici\u00f3n central tanto en teor\u00edas ling\u00ed\u00bc\u00edsticas formales como funcionales al ser considerado depositario de las propiedades sint\u00e1cticas de los predicados. Dentro de los modelos que conciben el lexic\u00f3n como fuente de informaci\u00f3n sobre la estructura de la oraci\u00f3n se encuentra el modelo lexem\u00e1tico-funcional con la reciente integraci\u00f3n en el mismo de las plantillas l\u00e9xicas, desarroll\u00e1ndose &#8212; de enlace que recogen la conexi\u00f3n existente entre la informaci\u00f3n almacenada en el l\u00e9xico y la realizaci\u00f3n sint\u00e1ctica de un lexema.  las plantillas l\u00e9xicas est\u00e1n concebidas como representaciones l\u00e9xicas que aportan una descomposici\u00f3n sem\u00e1ntica a las estructuras l\u00f3gicas de la gram\u00e1tica del papel y la referencia, las cuales permiten predecir aspectos de la sintaxis de un predicado. As\u00ed, esta tesis propone derivar la realizaci\u00f3n morfol\u00f3gica y sint\u00e1ctica de los predicados que conforman el domino de los verbos de habla en ingl\u00e9s antiguo, a partir de la plantilla l\u00e9xica correspondiente a estos vertos, y aplicando las reglas de enlace de la gram\u00e1tica del papel y la referencia.<\/p>\n<p>&nbsp;<\/p>\n<h3>Datos acad\u00e9micos de la tesis doctoral \u00ab<strong>Diccionario sint\u00e1ctico del l\u00e9xico verbal del ingl\u00e9s antiguo: verbos de habla<\/strong>\u00ab<\/h3>\n<ul>\n<li><strong>T\u00edtulo de la tesis:<\/strong>\u00a0 Diccionario sint\u00e1ctico del l\u00e9xico verbal del ingl\u00e9s antiguo: verbos de habla <\/li>\n<li><strong>Autor:<\/strong>\u00a0  Gonz\u00e1lez Orta Marta M. <\/li>\n<li><strong>Universidad:<\/strong>\u00a0 La laguna<\/li>\n<li><strong>Fecha de lectura de la tesis:<\/strong>\u00a0 24\/01\/2003<\/li>\n<\/ul>\n<p>&nbsp;<\/p>\n<h3>Direcci\u00f3n y tribunal<\/h3>\n<ul>\n<li><strong>Director de la tesis<\/strong>\n<ul>\n<li>Franscisco Cort\u00e9s Rodr\u00edguez<\/li>\n<\/ul>\n<\/li>\n<li><strong>Tribunal<\/strong>\n<ul>\n<li>Presidente del tribunal: pablo Dom\u00ednguez gonz\u00e1lez <\/li>\n<li>Javier Mar\u00edn arista (vocal)<\/li>\n<li>ricardo Mairal us\u00f3n (vocal)<\/li>\n<li>alicia Rodr\u00edguez \u00e1lvarez (vocal)<\/li>\n<\/ul>\n<\/li>\n<\/ul>\n<p>&nbsp;<\/p>\n","protected":false},"excerpt":{"rendered":"<p>Tesis doctoral de Gonz\u00e1lez Orta Marta M. El componente lexic\u00f3n ha ocupado en los \u00faltimos a\u00f1os una posici\u00f3n central tanto [&hellip;]<\/p>\n","protected":false},"author":1,"featured_media":0,"comment_status":"open","ping_status":"open","sticky":false,"template":"","format":"standard","meta":{"site-sidebar-layout":"default","site-content-layout":"","ast-site-content-layout":"","site-content-style":"default","site-sidebar-style":"default","ast-global-header-display":"","ast-banner-title-visibility":"","ast-main-header-display":"","ast-hfb-above-header-display":"","ast-hfb-below-header-display":"","ast-hfb-mobile-header-display":"","site-post-title":"","ast-breadcrumbs-content":"","ast-featured-img":"","footer-sml-layout":"","theme-transparent-header-meta":"","adv-header-id-meta":"","stick-header-meta":"","header-above-stick-meta":"","header-main-stick-meta":"","header-below-stick-meta":"","astra-migrate-meta-layouts":"default","ast-page-background-enabled":"default","ast-page-background-meta":{"desktop":{"background-color":"var(--ast-global-color-4)","background-image":"","background-repeat":"repeat","background-position":"center center","background-size":"auto","background-attachment":"scroll","background-type":"","background-media":"","overlay-type":"","overlay-color":"","overlay-gradient":""},"tablet":{"background-color":"","background-image":"","background-repeat":"repeat","background-position":"center center","background-size":"auto","background-attachment":"scroll","background-type":"","background-media":"","overlay-type":"","overlay-color":"","overlay-gradient":""},"mobile":{"background-color":"","background-image":"","background-repeat":"repeat","background-position":"center center","background-size":"auto","background-attachment":"scroll","background-type":"","background-media":"","overlay-type":"","overlay-color":"","overlay-gradient":""}},"ast-content-background-meta":{"desktop":{"background-color":"var(--ast-global-color-5)","background-image":"","background-repeat":"repeat","background-position":"center center","background-size":"auto","background-attachment":"scroll","background-type":"","background-media":"","overlay-type":"","overlay-color":"","overlay-gradient":""},"tablet":{"background-color":"var(--ast-global-color-5)","background-image":"","background-repeat":"repeat","background-position":"center center","background-size":"auto","background-attachment":"scroll","background-type":"","background-media":"","overlay-type":"","overlay-color":"","overlay-gradient":""},"mobile":{"background-color":"var(--ast-global-color-5)","background-image":"","background-repeat":"repeat","background-position":"center center","background-size":"auto","background-attachment":"scroll","background-type":"","background-media":"","overlay-type":"","overlay-color":"","overlay-gradient":""}},"footnotes":""},"categories":[9915],"tags":[62079,26023,64440,64441,9976,2308],"class_list":["post-21348","post","type-post","status-publish","format-standard","hentry","category-la-laguna","tag-alicia-rodriguez-alvarez","tag-franscisco-cortes-rodriguez","tag-gonzalez-orta-marta-m","tag-javier-marin-arista","tag-pablo-dominguez-gonzalez","tag-ricardo-mairal-uson"],"_links":{"self":[{"href":"https:\/\/www.deberes.net\/tesis\/wp-json\/wp\/v2\/posts\/21348","targetHints":{"allow":["GET"]}}],"collection":[{"href":"https:\/\/www.deberes.net\/tesis\/wp-json\/wp\/v2\/posts"}],"about":[{"href":"https:\/\/www.deberes.net\/tesis\/wp-json\/wp\/v2\/types\/post"}],"author":[{"embeddable":true,"href":"https:\/\/www.deberes.net\/tesis\/wp-json\/wp\/v2\/users\/1"}],"replies":[{"embeddable":true,"href":"https:\/\/www.deberes.net\/tesis\/wp-json\/wp\/v2\/comments?post=21348"}],"version-history":[{"count":0,"href":"https:\/\/www.deberes.net\/tesis\/wp-json\/wp\/v2\/posts\/21348\/revisions"}],"wp:attachment":[{"href":"https:\/\/www.deberes.net\/tesis\/wp-json\/wp\/v2\/media?parent=21348"}],"wp:term":[{"taxonomy":"category","embeddable":true,"href":"https:\/\/www.deberes.net\/tesis\/wp-json\/wp\/v2\/categories?post=21348"},{"taxonomy":"post_tag","embeddable":true,"href":"https:\/\/www.deberes.net\/tesis\/wp-json\/wp\/v2\/tags?post=21348"}],"curies":[{"name":"wp","href":"https:\/\/api.w.org\/{rel}","templated":true}]}}