{"id":21417,"date":"2018-03-09T09:11:11","date_gmt":"2018-03-09T09:11:11","guid":{"rendered":"https:\/\/www.deberes.net\/tesis\/sin-categoria\/sa%c2%adntesis-y-caracterizacion-de-materiales-va%c2%adtreos-de-oxicarburo-de-silicio-obtenidos-a-partir-del-sistema-sio2-teos-pdms\/"},"modified":"2018-03-09T09:11:11","modified_gmt":"2018-03-09T09:11:11","slug":"sa%c2%adntesis-y-caracterizacion-de-materiales-va%c2%adtreos-de-oxicarburo-de-silicio-obtenidos-a-partir-del-sistema-sio2-teos-pdms","status":"publish","type":"post","link":"https:\/\/www.deberes.net\/tesis\/sin-categoria\/sa%c2%adntesis-y-caracterizacion-de-materiales-va%c2%adtreos-de-oxicarburo-de-silicio-obtenidos-a-partir-del-sistema-sio2-teos-pdms\/","title":{"rendered":"S\u00edntesis y caracterizaci\u00f3n de materiales v\u00edtreos de oxicarburo de silicio obtenidos a partir del sistema sio2-teos-pdms"},"content":{"rendered":"<h2>Tesis doctoral de <strong> C\u00e9sar Martos Luj\u00e1n <\/strong><\/h2>\n<p>En este trabajo se han seguido las reacciones de obtenci\u00f3n, por el proceso sol-gel, de una serie de materiales h\u00edbridos denominados ormosiles (organically modified silicates) a partir de de s\u00edlice, tetraetilortosilicato (teos) y polidimetilsiloxano (pdms). Tambi\u00e9n se han estudiado las caracter\u00edsticas estructurales, microestructurales y texturales de estos ormosiles como precursores de materiales v\u00edtreos de oxicarburo de silicio. Por otro lado, se ha seguido el proceso de pir\u00f3lisis al que se someten los ormosiles en la obtenci\u00f3n de materiales de oxicarburo de silicio, y de igual manera, se han estudiado las caracter\u00edsticas estructurales, microestructurales y texturales de los oxicarburos de silicio, as\u00ed como algunas de las propiedades que presentan.<\/p>\n<p>&nbsp;<\/p>\n<h3>Datos acad\u00e9micos de la tesis doctoral \u00ab<strong>S\u00edntesis y caracterizaci\u00f3n de materiales v\u00edtreos de oxicarburo de silicio obtenidos a partir del sistema sio2-teos-pdms<\/strong>\u00ab<\/h3>\n<ul>\n<li><strong>T\u00edtulo de la tesis:<\/strong>\u00a0 S\u00edntesis y caracterizaci\u00f3n de materiales v\u00edtreos de oxicarburo de silicio obtenidos a partir del sistema sio2-teos-pdms <\/li>\n<li><strong>Autor:<\/strong>\u00a0 C\u00e9sar Martos Luj\u00e1n <\/li>\n<li><strong>Universidad:<\/strong>\u00a0 Aut\u00f3noma de Madrid<\/li>\n<li><strong>Fecha de lectura de la tesis:<\/strong>\u00a0 30\/01\/2003<\/li>\n<\/ul>\n<p>&nbsp;<\/p>\n<h3>Direcci\u00f3n y tribunal<\/h3>\n<ul>\n<li><strong>Director de la tesis<\/strong>\n<ul>\n<li> Oteo Mazo Jos\u00e9 Luis<\/li>\n<\/ul>\n<\/li>\n<li><strong>Tribunal<\/strong>\n<ul>\n<li>Presidente del tribunal: vicente Fernandez herrero <\/li>\n<li>Jos\u00e9 Mar\u00eda Gomez de salazar caso de los cobos (vocal)<\/li>\n<li>Jos\u00e9 Mar\u00eda Guil pinto (vocal)<\/li>\n<li>Juan Rubio alonso (vocal)<\/li>\n<\/ul>\n<\/li>\n<\/ul>\n<p>&nbsp;<\/p>\n","protected":false},"excerpt":{"rendered":"<p>Tesis doctoral de C\u00e9sar Martos Luj\u00e1n En este trabajo se han seguido las reacciones de obtenci\u00f3n, por el proceso sol-gel, [&hellip;]<\/p>\n","protected":false},"author":1,"featured_media":0,"comment_status":"open","ping_status":"open","sticky":false,"template":"","format":"standard","meta":{"site-sidebar-layout":"default","site-content-layout":"","ast-site-content-layout":"","site-content-style":"default","site-sidebar-style":"default","ast-global-header-display":"","ast-banner-title-visibility":"","ast-main-header-display":"","ast-hfb-above-header-display":"","ast-hfb-below-header-display":"","ast-hfb-mobile-header-display":"","site-post-title":"","ast-breadcrumbs-content":"","ast-featured-img":"","footer-sml-layout":"","theme-transparent-header-meta":"","adv-header-id-meta":"","stick-header-meta":"","header-above-stick-meta":"","header-main-stick-meta":"","header-below-stick-meta":"","astra-migrate-meta-layouts":"default","ast-page-background-enabled":"default","ast-page-background-meta":{"desktop":{"background-color":"var(--ast-global-color-4)","background-image":"","background-repeat":"repeat","background-position":"center center","background-size":"auto","background-attachment":"scroll","background-type":"","background-media":"","overlay-type":"","overlay-color":"","overlay-gradient":""},"tablet":{"background-color":"","background-image":"","background-repeat":"repeat","background-position":"center center","background-size":"auto","background-attachment":"scroll","background-type":"","background-media":"","overlay-type":"","overlay-color":"","overlay-gradient":""},"mobile":{"background-color":"","background-image":"","background-repeat":"repeat","background-position":"center center","background-size":"auto","background-attachment":"scroll","background-type":"","background-media":"","overlay-type":"","overlay-color":"","overlay-gradient":""}},"ast-content-background-meta":{"desktop":{"background-color":"var(--ast-global-color-5)","background-image":"","background-repeat":"repeat","background-position":"center center","background-size":"auto","background-attachment":"scroll","background-type":"","background-media":"","overlay-type":"","overlay-color":"","overlay-gradient":""},"tablet":{"background-color":"var(--ast-global-color-5)","background-image":"","background-repeat":"repeat","background-position":"center center","background-size":"auto","background-attachment":"scroll","background-type":"","background-media":"","overlay-type":"","overlay-color":"","overlay-gradient":""},"mobile":{"background-color":"var(--ast-global-color-5)","background-image":"","background-repeat":"repeat","background-position":"center center","background-size":"auto","background-attachment":"scroll","background-type":"","background-media":"","overlay-type":"","overlay-color":"","overlay-gradient":""}},"footnotes":""},"categories":[1],"tags":[64598,19671,5971,64599,7404,5517],"class_list":["post-21417","post","type-post","status-publish","format-standard","hentry","category-sin-categoria","tag-cesar-martos-lujan","tag-jose-maria-gomez-de-salazar-caso-de-los-cobos","tag-jose-maria-guil-pinto","tag-juan-rubio-alonso","tag-oteo-mazo-jose-luis","tag-vicente-fernandez-herrero"],"_links":{"self":[{"href":"https:\/\/www.deberes.net\/tesis\/wp-json\/wp\/v2\/posts\/21417","targetHints":{"allow":["GET"]}}],"collection":[{"href":"https:\/\/www.deberes.net\/tesis\/wp-json\/wp\/v2\/posts"}],"about":[{"href":"https:\/\/www.deberes.net\/tesis\/wp-json\/wp\/v2\/types\/post"}],"author":[{"embeddable":true,"href":"https:\/\/www.deberes.net\/tesis\/wp-json\/wp\/v2\/users\/1"}],"replies":[{"embeddable":true,"href":"https:\/\/www.deberes.net\/tesis\/wp-json\/wp\/v2\/comments?post=21417"}],"version-history":[{"count":0,"href":"https:\/\/www.deberes.net\/tesis\/wp-json\/wp\/v2\/posts\/21417\/revisions"}],"wp:attachment":[{"href":"https:\/\/www.deberes.net\/tesis\/wp-json\/wp\/v2\/media?parent=21417"}],"wp:term":[{"taxonomy":"category","embeddable":true,"href":"https:\/\/www.deberes.net\/tesis\/wp-json\/wp\/v2\/categories?post=21417"},{"taxonomy":"post_tag","embeddable":true,"href":"https:\/\/www.deberes.net\/tesis\/wp-json\/wp\/v2\/tags?post=21417"}],"curies":[{"name":"wp","href":"https:\/\/api.w.org\/{rel}","templated":true}]}}