{"id":21438,"date":"2018-03-09T09:11:13","date_gmt":"2018-03-09T09:11:13","guid":{"rendered":"https:\/\/www.deberes.net\/tesis\/sin-categoria\/mass-media-y-la-libertad-de-expresion-en-etiopa%c2%ada-vision-general-desde-africa\/"},"modified":"2018-03-09T09:11:13","modified_gmt":"2018-03-09T09:11:13","slug":"mass-media-y-la-libertad-de-expresion-en-etiopa%c2%ada-vision-general-desde-africa","status":"publish","type":"post","link":"https:\/\/www.deberes.net\/tesis\/sin-categoria\/mass-media-y-la-libertad-de-expresion-en-etiopa%c2%ada-vision-general-desde-africa\/","title":{"rendered":"Mass media y la libertad de expresi\u00f3n en etiop\u00eda. visi\u00f3n general desde \u00e1frica"},"content":{"rendered":"<h2>Tesis doctoral de <strong> Getachew Fisiha Aredo <\/strong><\/h2>\n<p>La presente investigaci\u00f3n est\u00e1 motivada por dos razones, por un lado est\u00e1 la influencia de mass media para ser utilizado con el fin de no ser informativos; y por otra parte de la prensa con ideolog\u00eda de un sistema pol\u00edtico, social y econ\u00f3mico, ajeno y distante.  he cre\u00eddo interesante observar c\u00f3mo desde un organismo internacional dedicado no sol\u00f3 a la defensa de la libertad de expresi\u00f3n en general sino a la protecci\u00f3n del periodista en el ejercicio de su profesi\u00f3n, se logra que los gobiernos africanos -en particular etiop\u00eda- y la clase pol\u00edtica tomen conciencia del problema que se les plantea, act\u00faen y finalmente, busquen la soluci\u00f3n m\u00e1s adecuada en cada caso. Soy consciente que a la hora de centrarnos \u00fanicamente en un organismo, este es s\u00f3lo uno de los que afrontan la tarea de proteger al informador. Pero el objeto de la presente investigaci\u00f3n es el de llamar la atenci\u00f3n de c\u00f3mo es el periodista que trabaja en \u00e1frica (etiop\u00eda) en cualquier condici\u00f3n y en cualquier medio en el que sufre ataques y presiones que le impiden realizar su profesi\u00f3n.  el trabajo de mass media (prensa escrita, radio y televisi\u00f3n) en lugares conflictivos, debido unas veces a la situaci\u00f3n sociopol\u00edtica y otras a las presiones y violaciones que provienen de acciones tanto gubernamentales como de \u00edndole religiosa, ideol\u00f3gica, social, terrorista, econ\u00f3mica, etc., tendr\u00e1 siempre un riesgo, que algunos reporteros con frecuencia deciden tomar. Es en estas situaciones en las que se hace necesaria una contribuci\u00f3n internacional que sirva para crear las condiciones necesarias para compeler a las autoridades a respetar las normas de derecho internacional en materia de libertad de expresi\u00f3n.  la cuesti\u00f3n central de esta investigaci\u00f3n es el hecho de que las libertades de expresi\u00f3n y de prensa carecen de garant\u00edas en muchos lugares de \u00e1frica (etiop\u00eda) y que los periodistas en esos pa\u00edses no se encuentran los suficientemente protegidos<\/p>\n<p>&nbsp;<\/p>\n<h3>Datos acad\u00e9micos de la tesis doctoral \u00ab<strong>Mass media y la libertad de expresi\u00f3n en etiop\u00eda. visi\u00f3n general desde \u00e1frica<\/strong>\u00ab<\/h3>\n<ul>\n<li><strong>T\u00edtulo de la tesis:<\/strong>\u00a0 Mass media y la libertad de expresi\u00f3n en etiop\u00eda. visi\u00f3n general desde \u00e1frica <\/li>\n<li><strong>Autor:<\/strong>\u00a0 Getachew Fisiha Aredo <\/li>\n<li><strong>Universidad:<\/strong>\u00a0 Complutense de Madrid<\/li>\n<li><strong>Fecha de lectura de la tesis:<\/strong>\u00a0 31\/01\/2003<\/li>\n<\/ul>\n<p>&nbsp;<\/p>\n<h3>Direcci\u00f3n y tribunal<\/h3>\n<ul>\n<li><strong>Director de la tesis<\/strong>\n<ul>\n<li>Concepci\u00f3n Alonso Garran<\/li>\n<\/ul>\n<\/li>\n<li><strong>Tribunal<\/strong>\n<ul>\n<li>Presidente del tribunal:  Fern\u00e1ndez del moral alfonso javier <\/li>\n<li> Gonz\u00e1lez torga Jos\u00e9 Manuel (vocal)<\/li>\n<li>Santiago Castillo arredondo (vocal)<\/li>\n<li>Jos\u00e9 Manuel Gomez y mendez (vocal)<\/li>\n<\/ul>\n<\/li>\n<\/ul>\n<p>&nbsp;<\/p>\n","protected":false},"excerpt":{"rendered":"<p>Tesis doctoral de Getachew Fisiha Aredo La presente investigaci\u00f3n est\u00e1 motivada por dos razones, por un lado est\u00e1 la influencia [&hellip;]<\/p>\n","protected":false},"author":1,"featured_media":0,"comment_status":"open","ping_status":"open","sticky":false,"template":"","format":"standard","meta":{"site-sidebar-layout":"default","site-content-layout":"","ast-site-content-layout":"","site-content-style":"default","site-sidebar-style":"default","ast-global-header-display":"","ast-banner-title-visibility":"","ast-main-header-display":"","ast-hfb-above-header-display":"","ast-hfb-below-header-display":"","ast-hfb-mobile-header-display":"","site-post-title":"","ast-breadcrumbs-content":"","ast-featured-img":"","footer-sml-layout":"","theme-transparent-header-meta":"","adv-header-id-meta":"","stick-header-meta":"","header-above-stick-meta":"","header-main-stick-meta":"","header-below-stick-meta":"","astra-migrate-meta-layouts":"default","ast-page-background-enabled":"default","ast-page-background-meta":{"desktop":{"background-color":"var(--ast-global-color-4)","background-image":"","background-repeat":"repeat","background-position":"center center","background-size":"auto","background-attachment":"scroll","background-type":"","background-media":"","overlay-type":"","overlay-color":"","overlay-gradient":""},"tablet":{"background-color":"","background-image":"","background-repeat":"repeat","background-position":"center center","background-size":"auto","background-attachment":"scroll","background-type":"","background-media":"","overlay-type":"","overlay-color":"","overlay-gradient":""},"mobile":{"background-color":"","background-image":"","background-repeat":"repeat","background-position":"center center","background-size":"auto","background-attachment":"scroll","background-type":"","background-media":"","overlay-type":"","overlay-color":"","overlay-gradient":""}},"ast-content-background-meta":{"desktop":{"background-color":"var(--ast-global-color-5)","background-image":"","background-repeat":"repeat","background-position":"center center","background-size":"auto","background-attachment":"scroll","background-type":"","background-media":"","overlay-type":"","overlay-color":"","overlay-gradient":""},"tablet":{"background-color":"var(--ast-global-color-5)","background-image":"","background-repeat":"repeat","background-position":"center center","background-size":"auto","background-attachment":"scroll","background-type":"","background-media":"","overlay-type":"","overlay-color":"","overlay-gradient":""},"mobile":{"background-color":"var(--ast-global-color-5)","background-image":"","background-repeat":"repeat","background-position":"center center","background-size":"auto","background-attachment":"scroll","background-type":"","background-media":"","overlay-type":"","overlay-color":"","overlay-gradient":""}},"footnotes":""},"categories":[1],"tags":[5411,5054,64641,40012,5232,31569],"class_list":["post-21438","post","type-post","status-publish","format-standard","hentry","category-sin-categoria","tag-concepcion-alonso-garran","tag-fernandez-del-moral-alfonso-javier","tag-getachew-fisiha-aredo","tag-gonzalez-torga-jose-manuel","tag-jose-manuel-gomez-y-mendez","tag-santiago-castillo-arredondo"],"_links":{"self":[{"href":"https:\/\/www.deberes.net\/tesis\/wp-json\/wp\/v2\/posts\/21438","targetHints":{"allow":["GET"]}}],"collection":[{"href":"https:\/\/www.deberes.net\/tesis\/wp-json\/wp\/v2\/posts"}],"about":[{"href":"https:\/\/www.deberes.net\/tesis\/wp-json\/wp\/v2\/types\/post"}],"author":[{"embeddable":true,"href":"https:\/\/www.deberes.net\/tesis\/wp-json\/wp\/v2\/users\/1"}],"replies":[{"embeddable":true,"href":"https:\/\/www.deberes.net\/tesis\/wp-json\/wp\/v2\/comments?post=21438"}],"version-history":[{"count":0,"href":"https:\/\/www.deberes.net\/tesis\/wp-json\/wp\/v2\/posts\/21438\/revisions"}],"wp:attachment":[{"href":"https:\/\/www.deberes.net\/tesis\/wp-json\/wp\/v2\/media?parent=21438"}],"wp:term":[{"taxonomy":"category","embeddable":true,"href":"https:\/\/www.deberes.net\/tesis\/wp-json\/wp\/v2\/categories?post=21438"},{"taxonomy":"post_tag","embeddable":true,"href":"https:\/\/www.deberes.net\/tesis\/wp-json\/wp\/v2\/tags?post=21438"}],"curies":[{"name":"wp","href":"https:\/\/api.w.org\/{rel}","templated":true}]}}