{"id":21445,"date":"2018-03-09T09:11:13","date_gmt":"2018-03-09T09:11:13","guid":{"rendered":"https:\/\/www.deberes.net\/tesis\/sin-categoria\/malaga-150-anos-de-industria\/"},"modified":"2018-03-09T09:11:13","modified_gmt":"2018-03-09T09:11:13","slug":"malaga-150-anos-de-industria","status":"publish","type":"post","link":"https:\/\/www.deberes.net\/tesis\/malaga\/malaga-150-anos-de-industria\/","title":{"rendered":"M\u00e1laga, 150 a\u00f1os de industria"},"content":{"rendered":"<h2>Tesis doctoral de <strong> Benigno Perez Carrillo <\/strong><\/h2>\n<p>Introducci\u00f3n i  dedicada a la arqueolog\u00eda industrial y al proyecto regina, como fundamentos de la tesis, presentaci\u00f3n de objetivos.  capitulo ii  estudio introductorio sobre m\u00e1laga, la industria en m\u00e1laga: evoluci\u00f3n sobre cartograf\u00eda, futuro de la industria malague\u00f1a.  capitulo iii  la industria del aceite; proceso cl\u00e1sico, su evoluci\u00f3n; procesos modernos, comparaci\u00f3n; calidad del aceite. Futuro de esta industria.  capitulo iv  la toneler\u00eda malague\u00f1a como industria artesenal, su evoluci\u00f3n y ca\u00edda. recuperaci\u00f3n de una industria cl\u00e1sica.  conclusiones<\/p>\n<p>&nbsp;<\/p>\n<h3>Datos acad\u00e9micos de la tesis doctoral \u00ab<strong>M\u00e1laga, 150 a\u00f1os de industria<\/strong>\u00ab<\/h3>\n<ul>\n<li><strong>T\u00edtulo de la tesis:<\/strong>\u00a0 M\u00e1laga, 150 a\u00f1os de industria <\/li>\n<li><strong>Autor:<\/strong>\u00a0 Benigno Perez Carrillo <\/li>\n<li><strong>Universidad:<\/strong>\u00a0 M\u00e1laga<\/li>\n<li><strong>Fecha de lectura de la tesis:<\/strong>\u00a0 31\/01\/2003<\/li>\n<\/ul>\n<p>&nbsp;<\/p>\n<h3>Direcci\u00f3n y tribunal<\/h3>\n<ul>\n<li><strong>Director de la tesis<\/strong>\n<ul>\n<li>Jos\u00e9 Ramon De Andr\u00e9s Diaz<\/li>\n<\/ul>\n<\/li>\n<li><strong>Tribunal<\/strong>\n<ul>\n<li>Presidente del tribunal: pedro Portillo franquelo <\/li>\n<li>Miguel \u00e1ngel Parr\u00f3n vera (vocal)<\/li>\n<li>Javier Doria iriarte (vocal)<\/li>\n<li> Banavides velasco Carlos a. (vocal)<\/li>\n<\/ul>\n<\/li>\n<\/ul>\n<p>&nbsp;<\/p>\n","protected":false},"excerpt":{"rendered":"<p>Tesis doctoral de Benigno Perez Carrillo Introducci\u00f3n i dedicada a la arqueolog\u00eda industrial y al proyecto regina, como fundamentos de [&hellip;]<\/p>\n","protected":false},"author":1,"featured_media":0,"comment_status":"open","ping_status":"open","sticky":false,"template":"","format":"standard","meta":{"site-sidebar-layout":"default","site-content-layout":"","ast-site-content-layout":"","site-content-style":"default","site-sidebar-style":"default","ast-global-header-display":"","ast-banner-title-visibility":"","ast-main-header-display":"","ast-hfb-above-header-display":"","ast-hfb-below-header-display":"","ast-hfb-mobile-header-display":"","site-post-title":"","ast-breadcrumbs-content":"","ast-featured-img":"","footer-sml-layout":"","theme-transparent-header-meta":"","adv-header-id-meta":"","stick-header-meta":"","header-above-stick-meta":"","header-main-stick-meta":"","header-below-stick-meta":"","astra-migrate-meta-layouts":"default","ast-page-background-enabled":"default","ast-page-background-meta":{"desktop":{"background-color":"var(--ast-global-color-4)","background-image":"","background-repeat":"repeat","background-position":"center center","background-size":"auto","background-attachment":"scroll","background-type":"","background-media":"","overlay-type":"","overlay-color":"","overlay-gradient":""},"tablet":{"background-color":"","background-image":"","background-repeat":"repeat","background-position":"center center","background-size":"auto","background-attachment":"scroll","background-type":"","background-media":"","overlay-type":"","overlay-color":"","overlay-gradient":""},"mobile":{"background-color":"","background-image":"","background-repeat":"repeat","background-position":"center center","background-size":"auto","background-attachment":"scroll","background-type":"","background-media":"","overlay-type":"","overlay-color":"","overlay-gradient":""}},"ast-content-background-meta":{"desktop":{"background-color":"var(--ast-global-color-5)","background-image":"","background-repeat":"repeat","background-position":"center center","background-size":"auto","background-attachment":"scroll","background-type":"","background-media":"","overlay-type":"","overlay-color":"","overlay-gradient":""},"tablet":{"background-color":"var(--ast-global-color-5)","background-image":"","background-repeat":"repeat","background-position":"center center","background-size":"auto","background-attachment":"scroll","background-type":"","background-media":"","overlay-type":"","overlay-color":"","overlay-gradient":""},"mobile":{"background-color":"var(--ast-global-color-5)","background-image":"","background-repeat":"repeat","background-position":"center center","background-size":"auto","background-attachment":"scroll","background-type":"","background-media":"","overlay-type":"","overlay-color":"","overlay-gradient":""}},"footnotes":""},"categories":[7834],"tags":[64661,64659,64660,51689,52289,51688],"class_list":["post-21445","post","type-post","status-publish","format-standard","hentry","category-malaga","tag-banavides-velasco-carlos-a","tag-benigno-perez-carrillo","tag-javier-doria-iriarte","tag-jose-ramon-de-andres-diaz","tag-miguel-angel-parron-vera","tag-pedro-portillo-franquelo"],"_links":{"self":[{"href":"https:\/\/www.deberes.net\/tesis\/wp-json\/wp\/v2\/posts\/21445","targetHints":{"allow":["GET"]}}],"collection":[{"href":"https:\/\/www.deberes.net\/tesis\/wp-json\/wp\/v2\/posts"}],"about":[{"href":"https:\/\/www.deberes.net\/tesis\/wp-json\/wp\/v2\/types\/post"}],"author":[{"embeddable":true,"href":"https:\/\/www.deberes.net\/tesis\/wp-json\/wp\/v2\/users\/1"}],"replies":[{"embeddable":true,"href":"https:\/\/www.deberes.net\/tesis\/wp-json\/wp\/v2\/comments?post=21445"}],"version-history":[{"count":0,"href":"https:\/\/www.deberes.net\/tesis\/wp-json\/wp\/v2\/posts\/21445\/revisions"}],"wp:attachment":[{"href":"https:\/\/www.deberes.net\/tesis\/wp-json\/wp\/v2\/media?parent=21445"}],"wp:term":[{"taxonomy":"category","embeddable":true,"href":"https:\/\/www.deberes.net\/tesis\/wp-json\/wp\/v2\/categories?post=21445"},{"taxonomy":"post_tag","embeddable":true,"href":"https:\/\/www.deberes.net\/tesis\/wp-json\/wp\/v2\/tags?post=21445"}],"curies":[{"name":"wp","href":"https:\/\/api.w.org\/{rel}","templated":true}]}}