{"id":21452,"date":"2018-03-09T09:11:14","date_gmt":"2018-03-09T09:11:14","guid":{"rendered":"https:\/\/www.deberes.net\/tesis\/sin-categoria\/pintura-del-siglo-xx-en-zamora\/"},"modified":"2018-03-09T09:11:14","modified_gmt":"2018-03-09T09:11:14","slug":"pintura-del-siglo-xx-en-zamora","status":"publish","type":"post","link":"https:\/\/www.deberes.net\/tesis\/valladolid\/pintura-del-siglo-xx-en-zamora\/","title":{"rendered":"Pintura del siglo xx en zamora"},"content":{"rendered":"<h2>Tesis doctoral de <strong> In\u00e9s Guti\u00e9rrez Carbajal <\/strong><\/h2>\n<p>Tesis que trata de c\u00f3mo ha sido el desarrollo de la pintura en zamora a lo largo del siglo xx. Se encuentra desarrollada bajo los siguientes ep\u00edgrafes:  a,- panorama demogr\u00e1fico, sociocultural, y econ\u00f3mico de zamora y su provincia, en torno al siglo xx.  1,- situaci\u00f3n en la pen\u00ednsula ib\u00e9rica.  2,- causas que influir\u00e1n en la actividad art\u00edstica  * causas generales  * causas remotas  * causas pr\u00f3ximas  * causas determinantes  3,- a modo de resumen  4,- actividad art\u00edstica en zamora durante el siglo xx.  * creaci\u00f3n de la bienal de pintura \u00abciudad de zamora\u00bb.  * relaci\u00f3n general de exposiciones celebradas en la provincia (1901-2000)  b,- estudio de los pintores zamoranos en el siglo xx.  1,- pintores entre los siglos xix-xx  2,- piontores nacidos entre 1900-1933  3,- pintores nacidos entre 1933-1955  4,- pintores nacidos a partir de 1955  5,- la \u00faltima generaci\u00f3n  6,- conclusiones que se deducen en este estudio  7,- bibliograf\u00eda.  mecenazgo de las instituciones p\u00fablicas zamoranas a las artes pl\u00e1sticas durante el siglo xx.  planos de las diferentes salas de exposiciones.  documentos.<\/p>\n<p>&nbsp;<\/p>\n<h3>Datos acad\u00e9micos de la tesis doctoral \u00ab<strong>Pintura del siglo xx en zamora<\/strong>\u00ab<\/h3>\n<ul>\n<li><strong>T\u00edtulo de la tesis:<\/strong>\u00a0 Pintura del siglo xx en zamora <\/li>\n<li><strong>Autor:<\/strong>\u00a0 In\u00e9s Guti\u00e9rrez Carbajal <\/li>\n<li><strong>Universidad:<\/strong>\u00a0 Valladolid<\/li>\n<li><strong>Fecha de lectura de la tesis:<\/strong>\u00a0 31\/01\/2003<\/li>\n<\/ul>\n<p>&nbsp;<\/p>\n<h3>Direcci\u00f3n y tribunal<\/h3>\n<ul>\n<li><strong>Director de la tesis<\/strong>\n<ul>\n<li>Teresa Ortega Coca<\/li>\n<\/ul>\n<\/li>\n<li><strong>Tribunal<\/strong>\n<ul>\n<li>Presidente del tribunal:  Plaza Santiago Francisco Javierde la <\/li>\n<li>\u00e1ngel Azpeitia burgos (vocal)<\/li>\n<li>Carlos P\u00e9rez reyes (vocal)<\/li>\n<li>teresa Beguiristain alcorta (vocal)<\/li>\n<\/ul>\n<\/li>\n<\/ul>\n<p>&nbsp;<\/p>\n","protected":false},"excerpt":{"rendered":"<p>Tesis doctoral de In\u00e9s Guti\u00e9rrez Carbajal Tesis que trata de c\u00f3mo ha sido el desarrollo de la pintura en zamora [&hellip;]<\/p>\n","protected":false},"author":1,"featured_media":0,"comment_status":"open","ping_status":"open","sticky":false,"template":"","format":"standard","meta":{"site-sidebar-layout":"default","site-content-layout":"","ast-site-content-layout":"","site-content-style":"default","site-sidebar-style":"default","ast-global-header-display":"","ast-banner-title-visibility":"","ast-main-header-display":"","ast-hfb-above-header-display":"","ast-hfb-below-header-display":"","ast-hfb-mobile-header-display":"","site-post-title":"","ast-breadcrumbs-content":"","ast-featured-img":"","footer-sml-layout":"","theme-transparent-header-meta":"","adv-header-id-meta":"","stick-header-meta":"","header-above-stick-meta":"","header-main-stick-meta":"","header-below-stick-meta":"","astra-migrate-meta-layouts":"default","ast-page-background-enabled":"default","ast-page-background-meta":{"desktop":{"background-color":"var(--ast-global-color-4)","background-image":"","background-repeat":"repeat","background-position":"center center","background-size":"auto","background-attachment":"scroll","background-type":"","background-media":"","overlay-type":"","overlay-color":"","overlay-gradient":""},"tablet":{"background-color":"","background-image":"","background-repeat":"repeat","background-position":"center center","background-size":"auto","background-attachment":"scroll","background-type":"","background-media":"","overlay-type":"","overlay-color":"","overlay-gradient":""},"mobile":{"background-color":"","background-image":"","background-repeat":"repeat","background-position":"center center","background-size":"auto","background-attachment":"scroll","background-type":"","background-media":"","overlay-type":"","overlay-color":"","overlay-gradient":""}},"ast-content-background-meta":{"desktop":{"background-color":"var(--ast-global-color-5)","background-image":"","background-repeat":"repeat","background-position":"center center","background-size":"auto","background-attachment":"scroll","background-type":"","background-media":"","overlay-type":"","overlay-color":"","overlay-gradient":""},"tablet":{"background-color":"var(--ast-global-color-5)","background-image":"","background-repeat":"repeat","background-position":"center center","background-size":"auto","background-attachment":"scroll","background-type":"","background-media":"","overlay-type":"","overlay-color":"","overlay-gradient":""},"mobile":{"background-color":"var(--ast-global-color-5)","background-image":"","background-repeat":"repeat","background-position":"center center","background-size":"auto","background-attachment":"scroll","background-type":"","background-media":"","overlay-type":"","overlay-color":"","overlay-gradient":""}},"footnotes":""},"categories":[12451],"tags":[36355,5816,64674,43516,37653,64675],"class_list":["post-21452","post","type-post","status-publish","format-standard","hentry","category-valladolid","tag-angel-azpeitia-burgos","tag-carlos-perez-reyes","tag-ines-gutierrez-carbajal","tag-plaza-santiago-francisco-javierde-la","tag-teresa-beguiristain-alcorta","tag-teresa-ortega-coca"],"_links":{"self":[{"href":"https:\/\/www.deberes.net\/tesis\/wp-json\/wp\/v2\/posts\/21452","targetHints":{"allow":["GET"]}}],"collection":[{"href":"https:\/\/www.deberes.net\/tesis\/wp-json\/wp\/v2\/posts"}],"about":[{"href":"https:\/\/www.deberes.net\/tesis\/wp-json\/wp\/v2\/types\/post"}],"author":[{"embeddable":true,"href":"https:\/\/www.deberes.net\/tesis\/wp-json\/wp\/v2\/users\/1"}],"replies":[{"embeddable":true,"href":"https:\/\/www.deberes.net\/tesis\/wp-json\/wp\/v2\/comments?post=21452"}],"version-history":[{"count":0,"href":"https:\/\/www.deberes.net\/tesis\/wp-json\/wp\/v2\/posts\/21452\/revisions"}],"wp:attachment":[{"href":"https:\/\/www.deberes.net\/tesis\/wp-json\/wp\/v2\/media?parent=21452"}],"wp:term":[{"taxonomy":"category","embeddable":true,"href":"https:\/\/www.deberes.net\/tesis\/wp-json\/wp\/v2\/categories?post=21452"},{"taxonomy":"post_tag","embeddable":true,"href":"https:\/\/www.deberes.net\/tesis\/wp-json\/wp\/v2\/tags?post=21452"}],"curies":[{"name":"wp","href":"https:\/\/api.w.org\/{rel}","templated":true}]}}