{"id":21497,"date":"2003-04-02T00:00:00","date_gmt":"2003-04-02T00:00:00","guid":{"rendered":"https:\/\/www.deberes.net\/tesis\/sin-categoria\/la-fotografa%c2%ada-documental-contemporanea-en-brasil\/"},"modified":"2003-04-02T00:00:00","modified_gmt":"2003-04-02T00:00:00","slug":"la-fotografa%c2%ada-documental-contemporanea-en-brasil","status":"publish","type":"post","link":"https:\/\/www.deberes.net\/tesis\/ciencias-de-las-artes-y-las-letras\/la-fotografa%c2%ada-documental-contemporanea-en-brasil\/","title":{"rendered":"La fotograf\u00edadocumental contempor\u00e1nea en brasil"},"content":{"rendered":"<h2>Tesis doctoral de <strong>  Borges Vaz Dos Reis Etelvina Teresa <\/strong><\/h2>\n<p>A lo largo de esta tesis se investiga la fotograf\u00eda documental contempor\u00e1nea en brasil, a trav\u00e9s de los principales fot\u00f3grafos documentalistas brasile\u00f1os y sus obras. Para ello, se estudia la evoluci\u00f3n anal\u00edstica y el desarrollo t\u00e9cnico de la fotograf\u00eda documental en el pa\u00eds a partir de los a\u00f1os cincuenta, y se ofrece una visi\u00f3n panor\u00e1mica y descriptiva del tema, &#8212; una aportaci\u00f3n bibliogr\u00e1fica y documental.  al mismo tiempo, es un trabajo humano y po\u00e9tico. En resumen, aporta los siguientes contenidos:  1,- una visi\u00f3n global sobre la fotograf\u00eda documental.  2,- una trayectoria de la fotograf\u00eda en brasil y en particular, la fotograf\u00eda documental contempor\u00e1nea brasile\u00f1a.  3,- analiza con especial inter\u00e9s los documentalistas contempor\u00e1neos brasile\u00f1os y sus obras.  4,- relaciona las caracter\u00edsticas geogr\u00e1ficas y culturales de cada regi\u00f3n del pa\u00eds con el tipo de documentalismo pr\u00e1cticado.  5,- sistematiza y establece una clasificaci\u00f3n de las tipolog\u00edas del documentalismo contemporaneo brasile\u00f1o.<\/p>\n<p>&nbsp;<\/p>\n<h3>Datos acad\u00e9micos de la tesis doctoral \u00ab<strong>La fotograf\u00edadocumental contempor\u00e1nea en brasil<\/strong>\u00ab<\/h3>\n<ul>\n<li><strong>T\u00edtulo de la tesis:<\/strong>\u00a0 La fotograf\u00edadocumental contempor\u00e1nea en brasil <\/li>\n<li><strong>Autor:<\/strong>\u00a0  Borges Vaz Dos Reis Etelvina Teresa <\/li>\n<li><strong>Universidad:<\/strong>\u00a0 Barcelona<\/li>\n<li><strong>Fecha de lectura de la tesis:<\/strong>\u00a0 04\/02\/2003<\/li>\n<\/ul>\n<p>&nbsp;<\/p>\n<h3>Direcci\u00f3n y tribunal<\/h3>\n<ul>\n<li><strong>Director de la tesis<\/strong>\n<ul>\n<li>Manuel Laguillo Men\u00e9ndez<\/li>\n<\/ul>\n<\/li>\n<li><strong>Tribunal<\/strong>\n<ul>\n<li>Presidente del tribunal: margarita Ledo andi\u00f3n <\/li>\n<li>anna Calvera sagu\u00e9 (vocal)<\/li>\n<li>enric Tormo ballester (vocal)<\/li>\n<li> Torres mart\u00ednez Jos\u00e9 m. (vocal)<\/li>\n<\/ul>\n<\/li>\n<\/ul>\n<p>&nbsp;<\/p>\n","protected":false},"excerpt":{"rendered":"<p>Tesis doctoral de Borges Vaz Dos Reis Etelvina Teresa A lo largo de esta tesis se investiga la fotograf\u00eda documental [&hellip;]<\/p>\n","protected":false},"author":1,"featured_media":0,"comment_status":"open","ping_status":"open","sticky":false,"template":"","format":"standard","meta":{"site-sidebar-layout":"default","site-content-layout":"","ast-site-content-layout":"","site-content-style":"default","site-sidebar-style":"default","ast-global-header-display":"","ast-banner-title-visibility":"","ast-main-header-display":"","ast-hfb-above-header-display":"","ast-hfb-below-header-display":"","ast-hfb-mobile-header-display":"","site-post-title":"","ast-breadcrumbs-content":"","ast-featured-img":"","footer-sml-layout":"","theme-transparent-header-meta":"","adv-header-id-meta":"","stick-header-meta":"","header-above-stick-meta":"","header-main-stick-meta":"","header-below-stick-meta":"","astra-migrate-meta-layouts":"default","ast-page-background-enabled":"default","ast-page-background-meta":{"desktop":{"background-color":"var(--ast-global-color-4)","background-image":"","background-repeat":"repeat","background-position":"center center","background-size":"auto","background-attachment":"scroll","background-type":"","background-media":"","overlay-type":"","overlay-color":"","overlay-gradient":""},"tablet":{"background-color":"","background-image":"","background-repeat":"repeat","background-position":"center center","background-size":"auto","background-attachment":"scroll","background-type":"","background-media":"","overlay-type":"","overlay-color":"","overlay-gradient":""},"mobile":{"background-color":"","background-image":"","background-repeat":"repeat","background-position":"center center","background-size":"auto","background-attachment":"scroll","background-type":"","background-media":"","overlay-type":"","overlay-color":"","overlay-gradient":""}},"ast-content-background-meta":{"desktop":{"background-color":"var(--ast-global-color-5)","background-image":"","background-repeat":"repeat","background-position":"center center","background-size":"auto","background-attachment":"scroll","background-type":"","background-media":"","overlay-type":"","overlay-color":"","overlay-gradient":""},"tablet":{"background-color":"var(--ast-global-color-5)","background-image":"","background-repeat":"repeat","background-position":"center center","background-size":"auto","background-attachment":"scroll","background-type":"","background-media":"","overlay-type":"","overlay-color":"","overlay-gradient":""},"mobile":{"background-color":"var(--ast-global-color-5)","background-image":"","background-repeat":"repeat","background-position":"center center","background-size":"auto","background-attachment":"scroll","background-type":"","background-media":"","overlay-type":"","overlay-color":"","overlay-gradient":""}},"footnotes":""},"categories":[951,147,5270,269,2232,13716,1111],"tags":[15951,64789,31261,47602,2910,64790],"class_list":["post-21497","post","type-post","status-publish","format-standard","hentry","category-barcelona","category-ciencias-de-las-artes-y-las-letras","category-fotografia","category-sociologia","category-sociologia-cultural","category-sociologia-del-arte","category-teoria-analisis-y-critica-de-las-bellas-artes","tag-anna-calvera-sague","tag-borges-vaz-dos-reis-etelvina-teresa","tag-enric-tormo-ballester","tag-manuel-laguillo-menendez","tag-margarita-ledo-andion","tag-torres-Martinez-jose-m"],"_links":{"self":[{"href":"https:\/\/www.deberes.net\/tesis\/wp-json\/wp\/v2\/posts\/21497","targetHints":{"allow":["GET"]}}],"collection":[{"href":"https:\/\/www.deberes.net\/tesis\/wp-json\/wp\/v2\/posts"}],"about":[{"href":"https:\/\/www.deberes.net\/tesis\/wp-json\/wp\/v2\/types\/post"}],"author":[{"embeddable":true,"href":"https:\/\/www.deberes.net\/tesis\/wp-json\/wp\/v2\/users\/1"}],"replies":[{"embeddable":true,"href":"https:\/\/www.deberes.net\/tesis\/wp-json\/wp\/v2\/comments?post=21497"}],"version-history":[{"count":0,"href":"https:\/\/www.deberes.net\/tesis\/wp-json\/wp\/v2\/posts\/21497\/revisions"}],"wp:attachment":[{"href":"https:\/\/www.deberes.net\/tesis\/wp-json\/wp\/v2\/media?parent=21497"}],"wp:term":[{"taxonomy":"category","embeddable":true,"href":"https:\/\/www.deberes.net\/tesis\/wp-json\/wp\/v2\/categories?post=21497"},{"taxonomy":"post_tag","embeddable":true,"href":"https:\/\/www.deberes.net\/tesis\/wp-json\/wp\/v2\/tags?post=21497"}],"curies":[{"name":"wp","href":"https:\/\/api.w.org\/{rel}","templated":true}]}}