{"id":21499,"date":"2003-04-02T00:00:00","date_gmt":"2003-04-02T00:00:00","guid":{"rendered":"https:\/\/www.deberes.net\/tesis\/sin-categoria\/la-traslacion-sintactica\/"},"modified":"2003-04-02T00:00:00","modified_gmt":"2003-04-02T00:00:00","slug":"la-traslacion-sintactica","status":"publish","type":"post","link":"https:\/\/www.deberes.net\/tesis\/linguistica\/la-traslacion-sintactica\/","title":{"rendered":"La traslaci\u00f3n sint\u00e1ctica"},"content":{"rendered":"<h2>Tesis doctoral de <strong> Nuria Campos Carrasco <\/strong><\/h2>\n<p>En muchas gram\u00e1ticas del espa\u00f1ol se ha hablado de adjetivaciones, sustantivaciones, adverbializaciones, etc., Aludiendo con ello al cambio de categor\u00eda experimentado por unidades puntuales en contextos muy concretos. Estos cambios han sido objeto de diversas denominaciones. As\u00ed, se ha hablado de traslaci\u00f3n sint\u00e1ctica, transposici\u00f3n funcional, transcategorizaci\u00f3n, conversi\u00f3n categorial, etc. esta heterogeneidad de criterios se traslada tambi\u00e9n al \u00e1mbito de la definici\u00f3n del propio concepto de traslaci\u00f3n, de forma que encontramos tres tipos de criterios utilizados por los diferentes autores: morfol\u00f3gico, sint\u00e1ctico y sem\u00e1ntico. El uso que se ha llevado a cabo de estos criterios ha variado no s\u00f3lo en autores diferentes, sino incluso, en distintos estudios de un mismo autor. De esta forma, encontramos que la disparidad de criterios impide hablar de traslaci\u00f3n sint\u00e1ctica como de un concepto de definici\u00f3n un\u00edvoca y generalmente aceptada por quienes se han dedicado al an\u00e1lisis de la lengua espa\u00f1ola y de otras lenguas hist\u00f3ricas. Esto nos ha conducido a desarrollar un estudio pormenorizado cuyo objetivo principal ha sido comprobar si, efectivamente, el cambio categorial descrito, entre otros, con el nombre de traslaci\u00f3n sint\u00e1ctica, ha de ser considerado como un concepto perteneciente, como todo concepto ling\u00ed\u00bc\u00edstico, a la teor\u00eda del lenguaje y suceptible de aparecer representado en la descripci\u00f3n de las lenguas concretas. Para ello, el estudio se divide en dos bloques:  1,- an\u00e1lisis cr\u00edtico de cada una de las definiciones que se han establecido con respecto al cambio categorial. En \u00e9l se alude a la imposibilidad, establecida ya por algunos autores, de justificar el cambio desde una perspectiva morfol\u00f3gica y sem\u00e1ntica.  2,- dado que el criterio sint\u00e1ctico es el m\u00e1s utilizado y que no ha sido objeto de cr\u00edtica inequ\u00edvoca por parte de ning\u00fan autor, se demostrar\u00e1 la dificultad que se supone hablar de traslaci\u00f3<\/p>\n<p>&nbsp;<\/p>\n<h3>Datos acad\u00e9micos de la tesis doctoral \u00ab<strong>La traslaci\u00f3n sint\u00e1ctica<\/strong>\u00ab<\/h3>\n<ul>\n<li><strong>T\u00edtulo de la tesis:<\/strong>\u00a0 La traslaci\u00f3n sint\u00e1ctica <\/li>\n<li><strong>Autor:<\/strong>\u00a0 Nuria Campos Carrasco <\/li>\n<li><strong>Universidad:<\/strong>\u00a0 C\u00e1diz<\/li>\n<li><strong>Fecha de lectura de la tesis:<\/strong>\u00a0 04\/02\/2003<\/li>\n<\/ul>\n<p>&nbsp;<\/p>\n<h3>Direcci\u00f3n y tribunal<\/h3>\n<ul>\n<li><strong>Director de la tesis<\/strong>\n<ul>\n<li> Dev\u00eds M\u00e1rquez Pedro Pablo<\/li>\n<\/ul>\n<\/li>\n<li><strong>Tribunal<\/strong>\n<ul>\n<li>Presidente del tribunal: thomas Kotschi <\/li>\n<li>Jes\u00fas Pena seijas (vocal)<\/li>\n<li> Mart\u00edn zorraquino Mar\u00eda antonia (vocal)<\/li>\n<li>agust\u00edn Vera luj\u00e1n (vocal)<\/li>\n<\/ul>\n<\/li>\n<\/ul>\n<p>&nbsp;<\/p>\n","protected":false},"excerpt":{"rendered":"<p>Tesis doctoral de Nuria Campos Carrasco En muchas gram\u00e1ticas del espa\u00f1ol se ha hablado de adjetivaciones, sustantivaciones, adverbializaciones, etc., Aludiendo [&hellip;]<\/p>\n","protected":false},"author":1,"featured_media":0,"comment_status":"open","ping_status":"open","sticky":false,"template":"","format":"standard","meta":{"site-sidebar-layout":"default","site-content-layout":"","ast-site-content-layout":"","site-content-style":"default","site-sidebar-style":"default","ast-global-header-display":"","ast-banner-title-visibility":"","ast-main-header-display":"","ast-hfb-above-header-display":"","ast-hfb-below-header-display":"","ast-hfb-mobile-header-display":"","site-post-title":"","ast-breadcrumbs-content":"","ast-featured-img":"","footer-sml-layout":"","theme-transparent-header-meta":"","adv-header-id-meta":"","stick-header-meta":"","header-above-stick-meta":"","header-main-stick-meta":"","header-below-stick-meta":"","astra-migrate-meta-layouts":"default","ast-page-background-enabled":"default","ast-page-background-meta":{"desktop":{"background-color":"var(--ast-global-color-4)","background-image":"","background-repeat":"repeat","background-position":"center center","background-size":"auto","background-attachment":"scroll","background-type":"","background-media":"","overlay-type":"","overlay-color":"","overlay-gradient":""},"tablet":{"background-color":"","background-image":"","background-repeat":"repeat","background-position":"center center","background-size":"auto","background-attachment":"scroll","background-type":"","background-media":"","overlay-type":"","overlay-color":"","overlay-gradient":""},"mobile":{"background-color":"","background-image":"","background-repeat":"repeat","background-position":"center center","background-size":"auto","background-attachment":"scroll","background-type":"","background-media":"","overlay-type":"","overlay-color":"","overlay-gradient":""}},"ast-content-background-meta":{"desktop":{"background-color":"var(--ast-global-color-5)","background-image":"","background-repeat":"repeat","background-position":"center center","background-size":"auto","background-attachment":"scroll","background-type":"","background-media":"","overlay-type":"","overlay-color":"","overlay-gradient":""},"tablet":{"background-color":"var(--ast-global-color-5)","background-image":"","background-repeat":"repeat","background-position":"center center","background-size":"auto","background-attachment":"scroll","background-type":"","background-media":"","overlay-type":"","overlay-color":"","overlay-gradient":""},"mobile":{"background-color":"var(--ast-global-color-5)","background-image":"","background-repeat":"repeat","background-position":"center center","background-size":"auto","background-attachment":"scroll","background-type":"","background-media":"","overlay-type":"","overlay-color":"","overlay-gradient":""}},"footnotes":""},"categories":[1506,59,62,409],"tags":[19424,64794,2542,37782,64793,64795],"class_list":["post-21499","post","type-post","status-publish","format-standard","hentry","category-cadiz","category-linguistica","category-linguistica-sincronica","category-sintaxis-y-analisis-sintactico","tag-agustin-vera-lujan","tag-devis-marquez-pedro-pablo","tag-jesus-pena-seijas","tag-martin-zorraquino-maria-antonia","tag-nuria-campos-carrasco","tag-thomas-kotschi"],"_links":{"self":[{"href":"https:\/\/www.deberes.net\/tesis\/wp-json\/wp\/v2\/posts\/21499","targetHints":{"allow":["GET"]}}],"collection":[{"href":"https:\/\/www.deberes.net\/tesis\/wp-json\/wp\/v2\/posts"}],"about":[{"href":"https:\/\/www.deberes.net\/tesis\/wp-json\/wp\/v2\/types\/post"}],"author":[{"embeddable":true,"href":"https:\/\/www.deberes.net\/tesis\/wp-json\/wp\/v2\/users\/1"}],"replies":[{"embeddable":true,"href":"https:\/\/www.deberes.net\/tesis\/wp-json\/wp\/v2\/comments?post=21499"}],"version-history":[{"count":0,"href":"https:\/\/www.deberes.net\/tesis\/wp-json\/wp\/v2\/posts\/21499\/revisions"}],"wp:attachment":[{"href":"https:\/\/www.deberes.net\/tesis\/wp-json\/wp\/v2\/media?parent=21499"}],"wp:term":[{"taxonomy":"category","embeddable":true,"href":"https:\/\/www.deberes.net\/tesis\/wp-json\/wp\/v2\/categories?post=21499"},{"taxonomy":"post_tag","embeddable":true,"href":"https:\/\/www.deberes.net\/tesis\/wp-json\/wp\/v2\/tags?post=21499"}],"curies":[{"name":"wp","href":"https:\/\/api.w.org\/{rel}","templated":true}]}}