{"id":21529,"date":"2003-06-02T00:00:00","date_gmt":"2003-06-02T00:00:00","guid":{"rendered":"https:\/\/www.deberes.net\/tesis\/sin-categoria\/el-diseno-de-la-ciudad-medieval-portuguesa\/"},"modified":"2003-06-02T00:00:00","modified_gmt":"2003-06-02T00:00:00","slug":"el-diseno-de-la-ciudad-medieval-portuguesa","status":"publish","type":"post","link":"https:\/\/www.deberes.net\/tesis\/ciencias-de-las-artes-y-las-letras\/el-diseno-de-la-ciudad-medieval-portuguesa\/","title":{"rendered":"El dise\u00f1o de la ciudad medieval portuguesa"},"content":{"rendered":"<h2>Tesis doctoral de <strong>  Sousa Rosa Isabel M. <\/strong><\/h2>\n<p>El periodo temporal de investigaci\u00f3n aparece delimitado entre la segunda mitad del siglo xii y finales del siglo xv en portugal.  el objetivo central de esta tesis es el de rebatir la obsoleta teor\u00eda urban\u00edstica de que la ciudad medieval responde a un trazado casual y organicista, argumentando en contrario, a trav\u00e9s del dise\u00f1o y del dibujo, su car\u00e1cter dominante de ciudad ordenada, regular y planeada conforme a unas l\u00f3gicas formales y a unas demandas funcionales, tomando como estudios de casos paradigm\u00e1ticos las plantas de las ciudades de braga y tomar.  el cuerpo de la tesis demuestra estos asertos, mediante el an\u00e1lisis de los procesos conceptuales, formales y constructivos de los arquitectos, maestros y constructores medievales que intervinieron en otras ciudades (gurmaraes, porto, coimbra, santander, lisboa y \u00e9vora), demostrando las hip\u00f3tesis iniciales con el recurso del dise\u00f1o y del dibujo, como m\u00e9todos operativos de comprensi\u00f3n de las l\u00f3gicas compositivas espaciales de las ciudades medievales.  la tesis abre nuevos horizontes de investigaci\u00f3n para los n\u00facleos geom\u00e9tricos de los centros hist\u00f3ricos con aplicaci\u00f3n al planeamiento especial y rehabilitaci\u00f3n.<\/p>\n<p>&nbsp;<\/p>\n<h3>Datos acad\u00e9micos de la tesis doctoral \u00ab<strong>El dise\u00f1o de la ciudad medieval portuguesa<\/strong>\u00ab<\/h3>\n<ul>\n<li><strong>T\u00edtulo de la tesis:<\/strong>\u00a0 El dise\u00f1o de la ciudad medieval portuguesa <\/li>\n<li><strong>Autor:<\/strong>\u00a0  Sousa Rosa Isabel M. <\/li>\n<li><strong>Universidad:<\/strong>\u00a0 Extremadura<\/li>\n<li><strong>Fecha de lectura de la tesis:<\/strong>\u00a0 06\/02\/2003<\/li>\n<\/ul>\n<p>&nbsp;<\/p>\n<h3>Direcci\u00f3n y tribunal<\/h3>\n<ul>\n<li><strong>Director de la tesis<\/strong>\n<ul>\n<li>Antonio Campesino Fern\u00e1ndez<\/li>\n<\/ul>\n<\/li>\n<li><strong>Tribunal<\/strong>\n<ul>\n<li>Presidente del tribunal: ram\u00f3n P\u00e9rez gonz\u00e1lez <\/li>\n<li>Juli\u00e1n Mora aliseda (vocal)<\/li>\n<li> Pizarro g\u00f3mez Francisco Javier (vocal)<\/li>\n<li>Jos\u00e9 custodio Vieira da silva (vocal)<\/li>\n<\/ul>\n<\/li>\n<\/ul>\n<p>&nbsp;<\/p>\n","protected":false},"excerpt":{"rendered":"<p>Tesis doctoral de Sousa Rosa Isabel M. El periodo temporal de investigaci\u00f3n aparece delimitado entre la segunda mitad del siglo [&hellip;]<\/p>\n","protected":false},"author":1,"featured_media":0,"comment_status":"open","ping_status":"open","sticky":false,"template":"","format":"standard","meta":{"site-sidebar-layout":"default","site-content-layout":"","ast-site-content-layout":"","site-content-style":"default","site-sidebar-style":"default","ast-global-header-display":"","ast-banner-title-visibility":"","ast-main-header-display":"","ast-hfb-above-header-display":"","ast-hfb-below-header-display":"","ast-hfb-mobile-header-display":"","site-post-title":"","ast-breadcrumbs-content":"","ast-featured-img":"","footer-sml-layout":"","theme-transparent-header-meta":"","adv-header-id-meta":"","stick-header-meta":"","header-above-stick-meta":"","header-main-stick-meta":"","header-below-stick-meta":"","astra-migrate-meta-layouts":"default","ast-page-background-enabled":"default","ast-page-background-meta":{"desktop":{"background-color":"var(--ast-global-color-4)","background-image":"","background-repeat":"repeat","background-position":"center center","background-size":"auto","background-attachment":"scroll","background-type":"","background-media":"","overlay-type":"","overlay-color":"","overlay-gradient":""},"tablet":{"background-color":"","background-image":"","background-repeat":"repeat","background-position":"center center","background-size":"auto","background-attachment":"scroll","background-type":"","background-media":"","overlay-type":"","overlay-color":"","overlay-gradient":""},"mobile":{"background-color":"","background-image":"","background-repeat":"repeat","background-position":"center center","background-size":"auto","background-attachment":"scroll","background-type":"","background-media":"","overlay-type":"","overlay-color":"","overlay-gradient":""}},"ast-content-background-meta":{"desktop":{"background-color":"var(--ast-global-color-5)","background-image":"","background-repeat":"repeat","background-position":"center center","background-size":"auto","background-attachment":"scroll","background-type":"","background-media":"","overlay-type":"","overlay-color":"","overlay-gradient":""},"tablet":{"background-color":"var(--ast-global-color-5)","background-image":"","background-repeat":"repeat","background-position":"center center","background-size":"auto","background-attachment":"scroll","background-type":"","background-media":"","overlay-type":"","overlay-color":"","overlay-gradient":""},"mobile":{"background-color":"var(--ast-global-color-5)","background-image":"","background-repeat":"repeat","background-position":"center center","background-size":"auto","background-attachment":"scroll","background-type":"","background-media":"","overlay-type":"","overlay-color":"","overlay-gradient":""}},"footnotes":""},"categories":[4509,147,949,1399,3090,8151,5371],"tags":[64886,64887,50595,19581,9377,64885],"class_list":["post-21529","post","type-post","status-publish","format-standard","hentry","category-arquitectura","category-ciencias-de-las-artes-y-las-letras","category-extremadura","category-geografia","category-geografia-regional","category-geografia-urbana","category-urbanismo","tag-antonio-campesino-fernandez","tag-jose-custodio-vieira-da-silva","tag-julian-mora-aliseda","tag-pizarro-gomez-francisco-javier","tag-ramon-perez-gonzalez","tag-sousa-rosa-isabel-m"],"_links":{"self":[{"href":"https:\/\/www.deberes.net\/tesis\/wp-json\/wp\/v2\/posts\/21529","targetHints":{"allow":["GET"]}}],"collection":[{"href":"https:\/\/www.deberes.net\/tesis\/wp-json\/wp\/v2\/posts"}],"about":[{"href":"https:\/\/www.deberes.net\/tesis\/wp-json\/wp\/v2\/types\/post"}],"author":[{"embeddable":true,"href":"https:\/\/www.deberes.net\/tesis\/wp-json\/wp\/v2\/users\/1"}],"replies":[{"embeddable":true,"href":"https:\/\/www.deberes.net\/tesis\/wp-json\/wp\/v2\/comments?post=21529"}],"version-history":[{"count":0,"href":"https:\/\/www.deberes.net\/tesis\/wp-json\/wp\/v2\/posts\/21529\/revisions"}],"wp:attachment":[{"href":"https:\/\/www.deberes.net\/tesis\/wp-json\/wp\/v2\/media?parent=21529"}],"wp:term":[{"taxonomy":"category","embeddable":true,"href":"https:\/\/www.deberes.net\/tesis\/wp-json\/wp\/v2\/categories?post=21529"},{"taxonomy":"post_tag","embeddable":true,"href":"https:\/\/www.deberes.net\/tesis\/wp-json\/wp\/v2\/tags?post=21529"}],"curies":[{"name":"wp","href":"https:\/\/api.w.org\/{rel}","templated":true}]}}