{"id":21577,"date":"2003-07-02T00:00:00","date_gmt":"2003-07-02T00:00:00","guid":{"rendered":"https:\/\/www.deberes.net\/tesis\/sin-categoria\/las-representaciones-sociales-que-los-profesores-de-educacion-especial-de-recife-pernambucho-hacen-de-su-formacion\/"},"modified":"2003-07-02T00:00:00","modified_gmt":"2003-07-02T00:00:00","slug":"las-representaciones-sociales-que-los-profesores-de-educacion-especial-de-recife-pernambucho-hacen-de-su-formacion","status":"publish","type":"post","link":"https:\/\/www.deberes.net\/tesis\/deusto\/las-representaciones-sociales-que-los-profesores-de-educacion-especial-de-recife-pernambucho-hacen-de-su-formacion\/","title":{"rendered":"Las representaciones sociales que los profesores de educaci\u00f3n especial de recife\/pernambucho hacen de su formaci\u00f3n"},"content":{"rendered":"<h2>Tesis doctoral de <strong>  Alves Cavalcanti Wanilda M. <\/strong><\/h2>\n<p>El objetivo de esta investigaci\u00f3n es conocer las representaciones sociales que los profesores de educaci\u00f3n especial hacen de su especializaic\u00f3n, observando las diferencias entre aquellos profesores especializados en la d\u00e9cada de 80 y en la d\u00e9cada de 90.  La metodolog\u00eda fue definida a partir de un estudio piloto. Los sujetos se encuentran impartidos en dos grupos:  el primer grupo est\u00e1 compuesto por 28 profesores que se especializaron en la d\u00e9cada de los 80 y el segundo por 39 profesores que la hicieron en la d\u00e9cada de los 90. Los datos fueron recogidos en las escuelas a trav\u00e9s de un cuestionario con cuestiones cerradas y una entrevista estructurada con cuestiones abiertas que fueran gravadas y transcriptas. El cuestionario, destinado a trazar el perfil de los sujetos, fue tratado a trav\u00e9s de un recuento de la frecuencia y elaboraci\u00f3n de porcentajes. A principio, fue realizado un an\u00e1lisis cuantitativo a trav\u00e9s de la categorizaci\u00f3n de las respuestas, cuantificaci\u00f3n y el empleo del test x2.  enseguida fue efectuado un an\u00e1lisis cualitativo en ocho entrevistas, con la finalidad de profundizar las informaciones ya obtenidas. Para ese an\u00e1lisis se agruparon las representaciones en bloques seg\u00fan expectativas, cr\u00edticas y sugerencias. Los resultados  de esa investigaci\u00f3n sugieren que los profesores de la d\u00e9cada de los 80 est\u00e1n m\u00e1s satisfechos con sus especializaciones, y los motivos presentados como justificaci\u00f3n representan los puntos m\u00e1s criticados por los especializados en la d\u00e9cada de los 90. A saber:  a,- los curr\u00edculums carentes de articulaci\u00f3n entre teor\u00eda y pr\u00e1ctica.  b,- una distribuci\u00f3n poco equilibrada de las asignaturas, teniendo abordado de modo insufiencie los aspectos espec\u00edficos.  c,- la grande mayor\u00eda de los docentes de los cursos no ten\u00edan el dominio esperado de los conocimientos referentes a las cuestiones tratadas en educaci\u00f3n especial.  sin embargo, los profesores presentan aisladamente e<\/p>\n<p>&nbsp;<\/p>\n<h3>Datos acad\u00e9micos de la tesis doctoral \u00ab<strong>Las representaciones sociales que los profesores de educaci\u00f3n especial de recife\/pernambucho hacen de su formaci\u00f3n<\/strong>\u00ab<\/h3>\n<ul>\n<li><strong>T\u00edtulo de la tesis:<\/strong>\u00a0 Las representaciones sociales que los profesores de educaci\u00f3n especial de recife\/pernambucho hacen de su formaci\u00f3n <\/li>\n<li><strong>Autor:<\/strong>\u00a0  Alves Cavalcanti Wanilda M. <\/li>\n<li><strong>Universidad:<\/strong>\u00a0 Deusto<\/li>\n<li><strong>Fecha de lectura de la tesis:<\/strong>\u00a0 07\/02\/2003<\/li>\n<\/ul>\n<p>&nbsp;<\/p>\n<h3>Direcci\u00f3n y tribunal<\/h3>\n<ul>\n<li><strong>Director de la tesis<\/strong>\n<ul>\n<li>Delf\u00edn Montero Centeno<\/li>\n<\/ul>\n<\/li>\n<li><strong>Tribunal<\/strong>\n<ul>\n<li>Presidente del tribunal:  San Luis costa concepci\u00f3n <\/li>\n<li> Borges del rosal africa (vocal)<\/li>\n<li>Mar\u00eda  de los angeles Parrilla latas (vocal)<\/li>\n<li>bego\u00f1a Matellanes febrero (vocal)<\/li>\n<\/ul>\n<\/li>\n<\/ul>\n<p>&nbsp;<\/p>\n","protected":false},"excerpt":{"rendered":"<p>Tesis doctoral de Alves Cavalcanti Wanilda M. El objetivo de esta investigaci\u00f3n es conocer las representaciones sociales que los profesores [&hellip;]<\/p>\n","protected":false},"author":1,"featured_media":0,"comment_status":"open","ping_status":"open","sticky":false,"template":"","format":"standard","meta":{"site-sidebar-layout":"default","site-content-layout":"","ast-site-content-layout":"","site-content-style":"default","site-sidebar-style":"default","ast-global-header-display":"","ast-banner-title-visibility":"","ast-main-header-display":"","ast-hfb-above-header-display":"","ast-hfb-below-header-display":"","ast-hfb-mobile-header-display":"","site-post-title":"","ast-breadcrumbs-content":"","ast-featured-img":"","footer-sml-layout":"","theme-transparent-header-meta":"","adv-header-id-meta":"","stick-header-meta":"","header-above-stick-meta":"","header-main-stick-meta":"","header-below-stick-meta":"","astra-migrate-meta-layouts":"default","ast-page-background-enabled":"default","ast-page-background-meta":{"desktop":{"background-color":"var(--ast-global-color-4)","background-image":"","background-repeat":"repeat","background-position":"center center","background-size":"auto","background-attachment":"scroll","background-type":"","background-media":"","overlay-type":"","overlay-color":"","overlay-gradient":""},"tablet":{"background-color":"","background-image":"","background-repeat":"repeat","background-position":"center center","background-size":"auto","background-attachment":"scroll","background-type":"","background-media":"","overlay-type":"","overlay-color":"","overlay-gradient":""},"mobile":{"background-color":"","background-image":"","background-repeat":"repeat","background-position":"center center","background-size":"auto","background-attachment":"scroll","background-type":"","background-media":"","overlay-type":"","overlay-color":"","overlay-gradient":""}},"ast-content-background-meta":{"desktop":{"background-color":"var(--ast-global-color-5)","background-image":"","background-repeat":"repeat","background-position":"center center","background-size":"auto","background-attachment":"scroll","background-type":"","background-media":"","overlay-type":"","overlay-color":"","overlay-gradient":""},"tablet":{"background-color":"var(--ast-global-color-5)","background-image":"","background-repeat":"repeat","background-position":"center center","background-size":"auto","background-attachment":"scroll","background-type":"","background-media":"","overlay-type":"","overlay-color":"","overlay-gradient":""},"mobile":{"background-color":"var(--ast-global-color-5)","background-image":"","background-repeat":"repeat","background-position":"center center","background-size":"auto","background-attachment":"scroll","background-type":"","background-media":"","overlay-type":"","overlay-color":"","overlay-gradient":""}},"footnotes":""},"categories":[31910],"tags":[65005,43021,43020,15572,38734,65006],"class_list":["post-21577","post","type-post","status-publish","format-standard","hentry","category-deusto","tag-alves-cavalcanti-wanilda-m","tag-begona-matellanes-febrero","tag-borges-del-rosal-africa","tag-delfin-montero-centeno","tag-maria-de-los-angeles-parrilla-latas","tag-san-luis-costa-concepcion"],"_links":{"self":[{"href":"https:\/\/www.deberes.net\/tesis\/wp-json\/wp\/v2\/posts\/21577","targetHints":{"allow":["GET"]}}],"collection":[{"href":"https:\/\/www.deberes.net\/tesis\/wp-json\/wp\/v2\/posts"}],"about":[{"href":"https:\/\/www.deberes.net\/tesis\/wp-json\/wp\/v2\/types\/post"}],"author":[{"embeddable":true,"href":"https:\/\/www.deberes.net\/tesis\/wp-json\/wp\/v2\/users\/1"}],"replies":[{"embeddable":true,"href":"https:\/\/www.deberes.net\/tesis\/wp-json\/wp\/v2\/comments?post=21577"}],"version-history":[{"count":0,"href":"https:\/\/www.deberes.net\/tesis\/wp-json\/wp\/v2\/posts\/21577\/revisions"}],"wp:attachment":[{"href":"https:\/\/www.deberes.net\/tesis\/wp-json\/wp\/v2\/media?parent=21577"}],"wp:term":[{"taxonomy":"category","embeddable":true,"href":"https:\/\/www.deberes.net\/tesis\/wp-json\/wp\/v2\/categories?post=21577"},{"taxonomy":"post_tag","embeddable":true,"href":"https:\/\/www.deberes.net\/tesis\/wp-json\/wp\/v2\/tags?post=21577"}],"curies":[{"name":"wp","href":"https:\/\/api.w.org\/{rel}","templated":true}]}}