{"id":21580,"date":"2003-08-02T00:00:00","date_gmt":"2003-08-02T00:00:00","guid":{"rendered":"https:\/\/www.deberes.net\/tesis\/sin-categoria\/la-guarda-del-enfermo-mental-deberes-y-responsabilidades\/"},"modified":"2003-08-02T00:00:00","modified_gmt":"2003-08-02T00:00:00","slug":"la-guarda-del-enfermo-mental-deberes-y-responsabilidades","status":"publish","type":"post","link":"https:\/\/www.deberes.net\/tesis\/ciencias-juridicas-y-derecho\/la-guarda-del-enfermo-mental-deberes-y-responsabilidades\/","title":{"rendered":"La guarda del enfermo mental: deberes y responsabilidades"},"content":{"rendered":"<h2>Tesis doctoral de <strong>  Guti\u00e9rrez Calles Jos\u00e9 Luis <\/strong><\/h2>\n<p>En el trabajo se trata de demostrar las exhorbitantes responsabilidades que recaen sobre el turor de un enfermo mental desde que acepta el cargo as\u00ed como el incumplimiento de algunas disposiciones normativas que dificultan la tutela del enfermo mental y especialmente la falta de creaci\u00f3n por la administraci\u00f3n sanitaria de dispositivos alternativos al vetusto manicomio que, al impedir una atenci\u00f3n y seguimiento adecuado de las personas que padecen una enfermedad mental provocan una situaci\u00f3n caracterizada por un pupilo deficientemente atendido m\u00e9dica y asistencialmente y, en consecuencia, en p\u00e9simas condiciones para prestarle la adecuada atenci\u00f3n y vigilancia que el c\u00f3digo civil exige en evitaci\u00f3n de actuaci\u00f3n da\u00f1osas, por lo que, de producirse estas, la b\u00fasqueda de un responsable debe orientarse hacia una administraci\u00f3n que al desvincularse del mandato legal que le obliga a crear una red socio &#8211; sanitaria suficiente y adecuada, est\u00e1 incumpliendo las obligaciones contenidas tanto en la ley general de sanidad de 25 de abril de 1986 como en la ley andaluza de salud.<\/p>\n<p>&nbsp;<\/p>\n<h3>Datos acad\u00e9micos de la tesis doctoral \u00ab<strong>La guarda del enfermo mental: deberes y responsabilidades<\/strong>\u00ab<\/h3>\n<ul>\n<li><strong>T\u00edtulo de la tesis:<\/strong>\u00a0 La guarda del enfermo mental: deberes y responsabilidades <\/li>\n<li><strong>Autor:<\/strong>\u00a0  Guti\u00e9rrez Calles Jos\u00e9 Luis <\/li>\n<li><strong>Universidad:<\/strong>\u00a0 C\u00f3rdoba<\/li>\n<li><strong>Fecha de lectura de la tesis:<\/strong>\u00a0 08\/02\/2003<\/li>\n<\/ul>\n<p>&nbsp;<\/p>\n<h3>Direcci\u00f3n y tribunal<\/h3>\n<ul>\n<li><strong>Director de la tesis<\/strong>\n<ul>\n<li>Rafael Linares Noci<\/li>\n<\/ul>\n<\/li>\n<li><strong>Tribunal<\/strong>\n<ul>\n<li>Presidente del tribunal: Jos\u00e9 manuel Gonzalez porras <\/li>\n<li>teodora felipa Torres garcia (vocal)<\/li>\n<li>vicente Guilarte zapatero (vocal)<\/li>\n<li>Jos\u00e9 Gonzalez garcia (vocal)<\/li>\n<\/ul>\n<\/li>\n<\/ul>\n<p>&nbsp;<\/p>\n","protected":false},"excerpt":{"rendered":"<p>Tesis doctoral de Guti\u00e9rrez Calles Jos\u00e9 Luis En el trabajo se trata de demostrar las exhorbitantes responsabilidades que recaen sobre [&hellip;]<\/p>\n","protected":false},"author":1,"featured_media":0,"comment_status":"open","ping_status":"open","sticky":false,"template":"","format":"standard","meta":{"site-sidebar-layout":"default","site-content-layout":"","ast-site-content-layout":"","site-content-style":"default","site-sidebar-style":"default","ast-global-header-display":"","ast-banner-title-visibility":"","ast-main-header-display":"","ast-hfb-above-header-display":"","ast-hfb-below-header-display":"","ast-hfb-mobile-header-display":"","site-post-title":"","ast-breadcrumbs-content":"","ast-featured-img":"","footer-sml-layout":"","theme-transparent-header-meta":"","adv-header-id-meta":"","stick-header-meta":"","header-above-stick-meta":"","header-main-stick-meta":"","header-below-stick-meta":"","astra-migrate-meta-layouts":"default","ast-page-background-enabled":"default","ast-page-background-meta":{"desktop":{"background-color":"var(--ast-global-color-4)","background-image":"","background-repeat":"repeat","background-position":"center center","background-size":"auto","background-attachment":"scroll","background-type":"","background-media":"","overlay-type":"","overlay-color":"","overlay-gradient":""},"tablet":{"background-color":"","background-image":"","background-repeat":"repeat","background-position":"center center","background-size":"auto","background-attachment":"scroll","background-type":"","background-media":"","overlay-type":"","overlay-color":"","overlay-gradient":""},"mobile":{"background-color":"","background-image":"","background-repeat":"repeat","background-position":"center center","background-size":"auto","background-attachment":"scroll","background-type":"","background-media":"","overlay-type":"","overlay-color":"","overlay-gradient":""}},"ast-content-background-meta":{"desktop":{"background-color":"var(--ast-global-color-5)","background-image":"","background-repeat":"repeat","background-position":"center center","background-size":"auto","background-attachment":"scroll","background-type":"","background-media":"","overlay-type":"","overlay-color":"","overlay-gradient":""},"tablet":{"background-color":"var(--ast-global-color-5)","background-image":"","background-repeat":"repeat","background-position":"center center","background-size":"auto","background-attachment":"scroll","background-type":"","background-media":"","overlay-type":"","overlay-color":"","overlay-gradient":""},"mobile":{"background-color":"var(--ast-global-color-5)","background-image":"","background-repeat":"repeat","background-position":"center center","background-size":"auto","background-attachment":"scroll","background-type":"","background-media":"","overlay-type":"","overlay-color":"","overlay-gradient":""}},"footnotes":""},"categories":[612,973,1251,979],"tags":[65012,37744,5642,65013,12707,5640],"class_list":["post-21580","post","type-post","status-publish","format-standard","hentry","category-ciencias-juridicas-y-derecho","category-cordoba","category-derecho-civil","category-derecho-y-legislacion-nacionales","tag-gutierrez-calles-jose-luis","tag-jose-gonzalez-garcia","tag-jose-manuel-gonzalez-porras","tag-rafael-linares-noci","tag-teodora-felipa-torres-garcia","tag-vicente-guilarte-zapatero"],"_links":{"self":[{"href":"https:\/\/www.deberes.net\/tesis\/wp-json\/wp\/v2\/posts\/21580","targetHints":{"allow":["GET"]}}],"collection":[{"href":"https:\/\/www.deberes.net\/tesis\/wp-json\/wp\/v2\/posts"}],"about":[{"href":"https:\/\/www.deberes.net\/tesis\/wp-json\/wp\/v2\/types\/post"}],"author":[{"embeddable":true,"href":"https:\/\/www.deberes.net\/tesis\/wp-json\/wp\/v2\/users\/1"}],"replies":[{"embeddable":true,"href":"https:\/\/www.deberes.net\/tesis\/wp-json\/wp\/v2\/comments?post=21580"}],"version-history":[{"count":0,"href":"https:\/\/www.deberes.net\/tesis\/wp-json\/wp\/v2\/posts\/21580\/revisions"}],"wp:attachment":[{"href":"https:\/\/www.deberes.net\/tesis\/wp-json\/wp\/v2\/media?parent=21580"}],"wp:term":[{"taxonomy":"category","embeddable":true,"href":"https:\/\/www.deberes.net\/tesis\/wp-json\/wp\/v2\/categories?post=21580"},{"taxonomy":"post_tag","embeddable":true,"href":"https:\/\/www.deberes.net\/tesis\/wp-json\/wp\/v2\/tags?post=21580"}],"curies":[{"name":"wp","href":"https:\/\/api.w.org\/{rel}","templated":true}]}}