{"id":21609,"date":"2018-03-09T09:11:28","date_gmt":"2018-03-09T09:11:28","guid":{"rendered":"https:\/\/www.deberes.net\/tesis\/sin-categoria\/el-orden-de-palabras-en-espanol-aspectos-sintacticos-semanticos-y-pragmaticos\/"},"modified":"2018-03-09T09:11:28","modified_gmt":"2018-03-09T09:11:28","slug":"el-orden-de-palabras-en-espanol-aspectos-sintacticos-semanticos-y-pragmaticos","status":"publish","type":"post","link":"https:\/\/www.deberes.net\/tesis\/linguistica\/el-orden-de-palabras-en-espanol-aspectos-sintacticos-semanticos-y-pragmaticos\/","title":{"rendered":"El orden de palabras en espa\u00f1ol (aspectos sint\u00e1cticos, sem\u00e1nticos y pragm\u00e1ticos)"},"content":{"rendered":"<h2>Tesis doctoral de <strong> Isabel Alijo Jimenez <\/strong><\/h2>\n<p>El estudio del orden de palabras en cualquier lengua del mundo es una tarea importante y de capital relevancia para un mejor conocimiento de la estructura ling\u00ed\u00bc\u00edstica de esa lengua en particular. En esta investigaci\u00f3n se aborda un an\u00e1lisis interdisciplinar (sint\u00e1ctico-sem\u00e1ntico-pragm\u00e1tico) de la problem\u00e1tica del orden de palabras en espa\u00f1ol tanto a nivel sintagm\u00e1tico como oracional.  la tesis aborda el an\u00e1lisis en profundidad de los siguientes aspectos:  * revisi\u00f3n cr\u00edtica de la bibliograf\u00eda existente con respecto al tema.  * an\u00e1lisis de las propuestas consideradas m\u00e1s relevantes sobre el estudio del orden de palabras en espa\u00f1ol.  * estudio de los par\u00e1metros de ordenaci\u00f3n y distribuci\u00f3n de los elementos que conforman el sintagma nominal en espa\u00f1ol.  * establecimiento de los esquemas oracionales posibles en las estructuras intransitivas y transitivas del espa\u00f1ol, teniendo en cuenta s\u00f3lo los actantes del verbo (sujeto, objeto directo, objeto indirecto).  * estudio de la posici\u00f3n del adverbio en espa\u00f1ol, en funci\u00f3n de complemento oracional y de complemento circunstancial.  * an\u00e1lisis de relaciones entre el orden de palabras y la copulatividad, las oraciones pasivas, interrogativas y exclamativas.  para el an\u00e1lisis de los hechos referidos, se ha utilizado una base heterog\u00e9nea, que abarca un conjunto representativo de narraci\u00f3n espa\u00f1ola e hispanoamericana desde el siglo xix hasta nuestros d\u00edas, as\u00ed como el corpus multiling\u00ed\u00bce informatizado del laboratorio de ling\u00ed\u00bc\u00edstica experimental y computacional de la universidad de granada, formado por alrededor de 200 millones de palabras (35 millones del espa\u00f1ol). Como complemento, se ha recurrido igualmente al crea de la real academia de la lengua espa\u00f1ola.  la presentaci\u00f3n de la investigaci\u00f3n interconecta todos los aspectos mencionados para alcanzar unas conclusiones definidas sobre la relaci\u00f3n del orden de palabras con m\u00faltiples niveles del an\u00e1lisis l<\/p>\n<p>&nbsp;<\/p>\n<h3>Datos acad\u00e9micos de la tesis doctoral \u00ab<strong>El orden de palabras en espa\u00f1ol (aspectos sint\u00e1cticos, sem\u00e1nticos y pragm\u00e1ticos)<\/strong>\u00ab<\/h3>\n<ul>\n<li><strong>T\u00edtulo de la tesis:<\/strong>\u00a0 El orden de palabras en espa\u00f1ol (aspectos sint\u00e1cticos, sem\u00e1nticos y pragm\u00e1ticos) <\/li>\n<li><strong>Autor:<\/strong>\u00a0 Isabel Alijo Jimenez <\/li>\n<li><strong>Universidad:<\/strong>\u00a0 Granada<\/li>\n<li><strong>Fecha de lectura de la tesis:<\/strong>\u00a0 13\/02\/2003<\/li>\n<\/ul>\n<p>&nbsp;<\/p>\n<h3>Direcci\u00f3n y tribunal<\/h3>\n<ul>\n<li><strong>Director de la tesis<\/strong>\n<ul>\n<li> De Molina Redondo  Jos\u00e9 Andres<\/li>\n<\/ul>\n<\/li>\n<li><strong>Tribunal<\/strong>\n<ul>\n<li>Presidente del tribunal: Juan  andr\u00e9s Villena ponsoda <\/li>\n<li>Juan  de dios Luque duran (vocal)<\/li>\n<li> Bell\u00f3n cazab\u00e1n Juan  alfredo (vocal)<\/li>\n<li>Francisco Osuna Garc\u00eda (vocal)<\/li>\n<\/ul>\n<\/li>\n<\/ul>\n<p>&nbsp;<\/p>\n","protected":false},"excerpt":{"rendered":"<p>Tesis doctoral de Isabel Alijo Jimenez El estudio del orden de palabras en cualquier lengua del mundo es una tarea [&hellip;]<\/p>\n","protected":false},"author":1,"featured_media":0,"comment_status":"open","ping_status":"open","sticky":false,"template":"","format":"standard","meta":{"site-sidebar-layout":"default","site-content-layout":"","ast-site-content-layout":"","site-content-style":"default","site-sidebar-style":"default","ast-global-header-display":"","ast-banner-title-visibility":"","ast-main-header-display":"","ast-hfb-above-header-display":"","ast-hfb-below-header-display":"","ast-hfb-mobile-header-display":"","site-post-title":"","ast-breadcrumbs-content":"","ast-featured-img":"","footer-sml-layout":"","theme-transparent-header-meta":"","adv-header-id-meta":"","stick-header-meta":"","header-above-stick-meta":"","header-main-stick-meta":"","header-below-stick-meta":"","astra-migrate-meta-layouts":"default","ast-page-background-enabled":"default","ast-page-background-meta":{"desktop":{"background-color":"var(--ast-global-color-4)","background-image":"","background-repeat":"repeat","background-position":"center center","background-size":"auto","background-attachment":"scroll","background-type":"","background-media":"","overlay-type":"","overlay-color":"","overlay-gradient":""},"tablet":{"background-color":"","background-image":"","background-repeat":"repeat","background-position":"center center","background-size":"auto","background-attachment":"scroll","background-type":"","background-media":"","overlay-type":"","overlay-color":"","overlay-gradient":""},"mobile":{"background-color":"","background-image":"","background-repeat":"repeat","background-position":"center center","background-size":"auto","background-attachment":"scroll","background-type":"","background-media":"","overlay-type":"","overlay-color":"","overlay-gradient":""}},"ast-content-background-meta":{"desktop":{"background-color":"var(--ast-global-color-5)","background-image":"","background-repeat":"repeat","background-position":"center center","background-size":"auto","background-attachment":"scroll","background-type":"","background-media":"","overlay-type":"","overlay-color":"","overlay-gradient":""},"tablet":{"background-color":"var(--ast-global-color-5)","background-image":"","background-repeat":"repeat","background-position":"center center","background-size":"auto","background-attachment":"scroll","background-type":"","background-media":"","overlay-type":"","overlay-color":"","overlay-gradient":""},"mobile":{"background-color":"var(--ast-global-color-5)","background-image":"","background-repeat":"repeat","background-position":"center center","background-size":"auto","background-attachment":"scroll","background-type":"","background-media":"","overlay-type":"","overlay-color":"","overlay-gradient":""}},"footnotes":""},"categories":[1624,2142,13411,104,59,62,3676],"tags":[3679,1517,63598,65072,7988,3521],"class_list":["post-21609","post","type-post","status-publish","format-standard","hentry","category-ciencias-auxiliares-de-la-historia","category-filologia","category-filologia-espanola","category-historia","category-linguistica","category-linguistica-sincronica","category-sociolinguistica","tag-bellon-cazaban-juan-alfredo","tag-de-molina-redondo-jose-andres","tag-francisco-osuna-garcia","tag-isabel-alijo-jimenez","tag-juan-andres-villena-ponsoda","tag-juan-de-dios-luque-duran"],"_links":{"self":[{"href":"https:\/\/www.deberes.net\/tesis\/wp-json\/wp\/v2\/posts\/21609","targetHints":{"allow":["GET"]}}],"collection":[{"href":"https:\/\/www.deberes.net\/tesis\/wp-json\/wp\/v2\/posts"}],"about":[{"href":"https:\/\/www.deberes.net\/tesis\/wp-json\/wp\/v2\/types\/post"}],"author":[{"embeddable":true,"href":"https:\/\/www.deberes.net\/tesis\/wp-json\/wp\/v2\/users\/1"}],"replies":[{"embeddable":true,"href":"https:\/\/www.deberes.net\/tesis\/wp-json\/wp\/v2\/comments?post=21609"}],"version-history":[{"count":0,"href":"https:\/\/www.deberes.net\/tesis\/wp-json\/wp\/v2\/posts\/21609\/revisions"}],"wp:attachment":[{"href":"https:\/\/www.deberes.net\/tesis\/wp-json\/wp\/v2\/media?parent=21609"}],"wp:term":[{"taxonomy":"category","embeddable":true,"href":"https:\/\/www.deberes.net\/tesis\/wp-json\/wp\/v2\/categories?post=21609"},{"taxonomy":"post_tag","embeddable":true,"href":"https:\/\/www.deberes.net\/tesis\/wp-json\/wp\/v2\/tags?post=21609"}],"curies":[{"name":"wp","href":"https:\/\/api.w.org\/{rel}","templated":true}]}}