{"id":21622,"date":"2018-03-09T09:11:29","date_gmt":"2018-03-09T09:11:29","guid":{"rendered":"https:\/\/www.deberes.net\/tesis\/sin-categoria\/constitucion-y-derecho-comunitario\/"},"modified":"2018-03-09T09:11:29","modified_gmt":"2018-03-09T09:11:29","slug":"constitucion-y-derecho-comunitario","status":"publish","type":"post","link":"https:\/\/www.deberes.net\/tesis\/sin-categoria\/constitucion-y-derecho-comunitario\/","title":{"rendered":"Constituci\u00f3n y derecho comunitario"},"content":{"rendered":"<h2>Tesis doctoral de <strong>  Jover Gomez-ferrer Jos\u00e9 M. <\/strong><\/h2>\n<p>El trabajo doctoral aborda el problema de la arquitectura de las relaciones entre el ordenamiento comunitario y el nacional. El estudio se hace partiendo de la consideraci\u00f3n de la cuesti\u00f3n dentro del tema de las relaciones entre ordenamientos, propio de la teor\u00eda general del derecho.  las relaciones entre ambos ordenamientos est\u00e1n condicionadas por dos circunstancias:  &#8211; primero, ambos ordenamientos comparten parcialmente un mismo \u00e1mbito de validez, el interno o dom\u00e9stico.  &#8211; sin embargo, a diferencia de lo que ocurre en el caso de los sistemas jur\u00eddicos federales, los dos ordenamientos no se integran en un sistema jur\u00eddico \u00fanico, sino permanecen diferenciados, dotado cada uno de ellos de sus respectivas normas constitucionales. Ello quiere decir que, en el caso del derecho comunitario, la validez de sus normas s\u00f3lo puede ser determinada a partir de lo dispuesto en los tratados.  la articulaci\u00f3n entre ambos ordenamientos no se produce, pues, por relaciones de jerarqu\u00eda, ya que ni los tratados son \u00abinfraconstitucionales\u00bb ni la constituci\u00f3n nacional, en tanto norma procedente del poder constituyente est\u00e1 sometida al derecho comunitario. Lo que ocurre es que la operaci\u00f3n autorizada por el art\u00edculo 93 de la constituci\u00f3n s\u00f3lo puede llevarse a cabo cuando los tratados respetan los l\u00edmites constitucionales a la integraci\u00f3n. en otro caso, la ley org\u00e1nica que autoriza su celebraci\u00f3n ser\u00eda inconstitucional, lo que de ser declarado as\u00ed por el tribunal constitucional implicar\u00eda la p\u00e9rdida de validez del derecho comunitario en el \u00e1mbito interno.<\/p>\n<p>&nbsp;<\/p>\n<h3>Datos acad\u00e9micos de la tesis doctoral \u00ab<strong>Constituci\u00f3n y derecho comunitario<\/strong>\u00ab<\/h3>\n<ul>\n<li><strong>T\u00edtulo de la tesis:<\/strong>\u00a0 Constituci\u00f3n y derecho comunitario <\/li>\n<li><strong>Autor:<\/strong>\u00a0  Jover Gomez-ferrer Jos\u00e9 M. <\/li>\n<li><strong>Universidad:<\/strong>\u00a0 Complutense de Madrid<\/li>\n<li><strong>Fecha de lectura de la tesis:<\/strong>\u00a0 14\/02\/2003<\/li>\n<\/ul>\n<p>&nbsp;<\/p>\n<h3>Direcci\u00f3n y tribunal<\/h3>\n<ul>\n<li><strong>Director de la tesis<\/strong>\n<ul>\n<li> Sauca Cano Jos\u00e9 M.<\/li>\n<\/ul>\n<\/li>\n<li><strong>Tribunal<\/strong>\n<ul>\n<li>Presidente del tribunal: gregorio Peces barba mart\u00ednez <\/li>\n<li>Javier Diez -hotchleitiner (vocal)<\/li>\n<li> Parejo alfonso luciano j. (vocal)<\/li>\n<li>Jorge Rodriguez-zapata perez (vocal)<\/li>\n<\/ul>\n<\/li>\n<\/ul>\n<p>&nbsp;<\/p>\n","protected":false},"excerpt":{"rendered":"<p>Tesis doctoral de Jover Gomez-ferrer Jos\u00e9 M. El trabajo doctoral aborda el problema de la arquitectura de las relaciones entre [&hellip;]<\/p>\n","protected":false},"author":1,"featured_media":0,"comment_status":"open","ping_status":"open","sticky":false,"template":"","format":"standard","meta":{"site-sidebar-layout":"default","site-content-layout":"","ast-site-content-layout":"","site-content-style":"default","site-sidebar-style":"default","ast-global-header-display":"","ast-banner-title-visibility":"","ast-main-header-display":"","ast-hfb-above-header-display":"","ast-hfb-below-header-display":"","ast-hfb-mobile-header-display":"","site-post-title":"","ast-breadcrumbs-content":"","ast-featured-img":"","footer-sml-layout":"","theme-transparent-header-meta":"","adv-header-id-meta":"","stick-header-meta":"","header-above-stick-meta":"","header-main-stick-meta":"","header-below-stick-meta":"","astra-migrate-meta-layouts":"default","ast-page-background-enabled":"default","ast-page-background-meta":{"desktop":{"background-color":"var(--ast-global-color-4)","background-image":"","background-repeat":"repeat","background-position":"center center","background-size":"auto","background-attachment":"scroll","background-type":"","background-media":"","overlay-type":"","overlay-color":"","overlay-gradient":""},"tablet":{"background-color":"","background-image":"","background-repeat":"repeat","background-position":"center center","background-size":"auto","background-attachment":"scroll","background-type":"","background-media":"","overlay-type":"","overlay-color":"","overlay-gradient":""},"mobile":{"background-color":"","background-image":"","background-repeat":"repeat","background-position":"center center","background-size":"auto","background-attachment":"scroll","background-type":"","background-media":"","overlay-type":"","overlay-color":"","overlay-gradient":""}},"ast-content-background-meta":{"desktop":{"background-color":"var(--ast-global-color-5)","background-image":"","background-repeat":"repeat","background-position":"center center","background-size":"auto","background-attachment":"scroll","background-type":"","background-media":"","overlay-type":"","overlay-color":"","overlay-gradient":""},"tablet":{"background-color":"var(--ast-global-color-5)","background-image":"","background-repeat":"repeat","background-position":"center center","background-size":"auto","background-attachment":"scroll","background-type":"","background-media":"","overlay-type":"","overlay-color":"","overlay-gradient":""},"mobile":{"background-color":"var(--ast-global-color-5)","background-image":"","background-repeat":"repeat","background-position":"center center","background-size":"auto","background-attachment":"scroll","background-type":"","background-media":"","overlay-type":"","overlay-color":"","overlay-gradient":""}},"footnotes":""},"categories":[1],"tags":[3196,65108,65109,65107,18454,18569],"class_list":["post-21622","post","type-post","status-publish","format-standard","hentry","category-sin-categoria","tag-gregorio-peces-barba-Martinez","tag-javier-diez-hotchleitiner","tag-jorge-rodriguez-zapata-perez","tag-jover-gomez-ferrer-jose-m","tag-parejo-alfonso-luciano-j","tag-sauca-cano-jose-m"],"_links":{"self":[{"href":"https:\/\/www.deberes.net\/tesis\/wp-json\/wp\/v2\/posts\/21622","targetHints":{"allow":["GET"]}}],"collection":[{"href":"https:\/\/www.deberes.net\/tesis\/wp-json\/wp\/v2\/posts"}],"about":[{"href":"https:\/\/www.deberes.net\/tesis\/wp-json\/wp\/v2\/types\/post"}],"author":[{"embeddable":true,"href":"https:\/\/www.deberes.net\/tesis\/wp-json\/wp\/v2\/users\/1"}],"replies":[{"embeddable":true,"href":"https:\/\/www.deberes.net\/tesis\/wp-json\/wp\/v2\/comments?post=21622"}],"version-history":[{"count":0,"href":"https:\/\/www.deberes.net\/tesis\/wp-json\/wp\/v2\/posts\/21622\/revisions"}],"wp:attachment":[{"href":"https:\/\/www.deberes.net\/tesis\/wp-json\/wp\/v2\/media?parent=21622"}],"wp:term":[{"taxonomy":"category","embeddable":true,"href":"https:\/\/www.deberes.net\/tesis\/wp-json\/wp\/v2\/categories?post=21622"},{"taxonomy":"post_tag","embeddable":true,"href":"https:\/\/www.deberes.net\/tesis\/wp-json\/wp\/v2\/tags?post=21622"}],"curies":[{"name":"wp","href":"https:\/\/api.w.org\/{rel}","templated":true}]}}