{"id":21651,"date":"2018-03-09T09:11:31","date_gmt":"2018-03-09T09:11:31","guid":{"rendered":"https:\/\/www.deberes.net\/tesis\/sin-categoria\/el-movimiento-libertario-en-galicia-1910-1936\/"},"modified":"2018-03-09T09:11:31","modified_gmt":"2018-03-09T09:11:31","slug":"el-movimiento-libertario-en-galicia-1910-1936","status":"publish","type":"post","link":"https:\/\/www.deberes.net\/tesis\/vigo\/el-movimiento-libertario-en-galicia-1910-1936\/","title":{"rendered":"El movimiento libertario en galicia (1910-1936)"},"content":{"rendered":"<h2>Tesis doctoral de <strong> Oscar Frean Hern\u00e1ndez <\/strong><\/h2>\n<p>El objetivo de la investigaci\u00f3n es el conocimiento del movimiento libertario gallego: el dinamismo de sus actividades y las diferentes medios y modos de difusi\u00f3n del mismo.  desde una perspectiva de an\u00e1lisis regional, reparamos en las diferentes organizaciones qu elo conforman, su evoluci\u00f3n y su inerci\u00f3n en la realidad econ\u00f3mica y social de gracia.  por \u00faltimo, nos acercamos tambi\u00e9n a las diferentes manifestaciones desarrolladas en el \u00e1mbito cultural, por parte de los libertarios gallegos.<\/p>\n<p>&nbsp;<\/p>\n<h3>Datos acad\u00e9micos de la tesis doctoral \u00ab<strong>El movimiento libertario en galicia (1910-1936)<\/strong>\u00ab<\/h3>\n<ul>\n<li><strong>T\u00edtulo de la tesis:<\/strong>\u00a0 El movimiento libertario en galicia (1910-1936) <\/li>\n<li><strong>Autor:<\/strong>\u00a0 Oscar Frean Hern\u00e1ndez <\/li>\n<li><strong>Universidad:<\/strong>\u00a0 Vigo<\/li>\n<li><strong>Fecha de lectura de la tesis:<\/strong>\u00a0 15\/02\/2003<\/li>\n<\/ul>\n<p>&nbsp;<\/p>\n<h3>Direcci\u00f3n y tribunal<\/h3>\n<ul>\n<li><strong>Director de la tesis<\/strong>\n<ul>\n<li>Alberto J. Valin Fernandez<\/li>\n<\/ul>\n<\/li>\n<li><strong>Tribunal<\/strong>\n<ul>\n<li>Presidente del tribunal: octavio Ruiz-manj\u00f3n cabeza <\/li>\n<li>claude Le bigot (vocal)<\/li>\n<li>julio Arostegui sanchez (vocal)<\/li>\n<li> Sola i gussinter pere (vocal)<\/li>\n<\/ul>\n<\/li>\n<\/ul>\n<p>&nbsp;<\/p>\n","protected":false},"excerpt":{"rendered":"<p>Tesis doctoral de Oscar Frean Hern\u00e1ndez El objetivo de la investigaci\u00f3n es el conocimiento del movimiento libertario gallego: el dinamismo [&hellip;]<\/p>\n","protected":false},"author":1,"featured_media":0,"comment_status":"open","ping_status":"open","sticky":false,"template":"","format":"standard","meta":{"site-sidebar-layout":"default","site-content-layout":"","ast-site-content-layout":"","site-content-style":"default","site-sidebar-style":"default","ast-global-header-display":"","ast-banner-title-visibility":"","ast-main-header-display":"","ast-hfb-above-header-display":"","ast-hfb-below-header-display":"","ast-hfb-mobile-header-display":"","site-post-title":"","ast-breadcrumbs-content":"","ast-featured-img":"","footer-sml-layout":"","theme-transparent-header-meta":"","adv-header-id-meta":"","stick-header-meta":"","header-above-stick-meta":"","header-main-stick-meta":"","header-below-stick-meta":"","astra-migrate-meta-layouts":"default","ast-page-background-enabled":"default","ast-page-background-meta":{"desktop":{"background-color":"var(--ast-global-color-4)","background-image":"","background-repeat":"repeat","background-position":"center center","background-size":"auto","background-attachment":"scroll","background-type":"","background-media":"","overlay-type":"","overlay-color":"","overlay-gradient":""},"tablet":{"background-color":"","background-image":"","background-repeat":"repeat","background-position":"center center","background-size":"auto","background-attachment":"scroll","background-type":"","background-media":"","overlay-type":"","overlay-color":"","overlay-gradient":""},"mobile":{"background-color":"","background-image":"","background-repeat":"repeat","background-position":"center center","background-size":"auto","background-attachment":"scroll","background-type":"","background-media":"","overlay-type":"","overlay-color":"","overlay-gradient":""}},"ast-content-background-meta":{"desktop":{"background-color":"var(--ast-global-color-5)","background-image":"","background-repeat":"repeat","background-position":"center center","background-size":"auto","background-attachment":"scroll","background-type":"","background-media":"","overlay-type":"","overlay-color":"","overlay-gradient":""},"tablet":{"background-color":"var(--ast-global-color-5)","background-image":"","background-repeat":"repeat","background-position":"center center","background-size":"auto","background-attachment":"scroll","background-type":"","background-media":"","overlay-type":"","overlay-color":"","overlay-gradient":""},"mobile":{"background-color":"var(--ast-global-color-5)","background-image":"","background-repeat":"repeat","background-position":"center center","background-size":"auto","background-attachment":"scroll","background-type":"","background-media":"","overlay-type":"","overlay-color":"","overlay-gradient":""}},"footnotes":""},"categories":[18657],"tags":[65185,65186,4198,6900,65184,65187],"class_list":["post-21651","post","type-post","status-publish","format-standard","hentry","category-vigo","tag-alberto-j-valin-fernandez","tag-claude-le-bigot","tag-julio-arostegui-sanchez","tag-octavio-ruiz-manjon-cabeza","tag-oscar-frean-hernandez","tag-sola-i-gussinter-pere"],"_links":{"self":[{"href":"https:\/\/www.deberes.net\/tesis\/wp-json\/wp\/v2\/posts\/21651","targetHints":{"allow":["GET"]}}],"collection":[{"href":"https:\/\/www.deberes.net\/tesis\/wp-json\/wp\/v2\/posts"}],"about":[{"href":"https:\/\/www.deberes.net\/tesis\/wp-json\/wp\/v2\/types\/post"}],"author":[{"embeddable":true,"href":"https:\/\/www.deberes.net\/tesis\/wp-json\/wp\/v2\/users\/1"}],"replies":[{"embeddable":true,"href":"https:\/\/www.deberes.net\/tesis\/wp-json\/wp\/v2\/comments?post=21651"}],"version-history":[{"count":0,"href":"https:\/\/www.deberes.net\/tesis\/wp-json\/wp\/v2\/posts\/21651\/revisions"}],"wp:attachment":[{"href":"https:\/\/www.deberes.net\/tesis\/wp-json\/wp\/v2\/media?parent=21651"}],"wp:term":[{"taxonomy":"category","embeddable":true,"href":"https:\/\/www.deberes.net\/tesis\/wp-json\/wp\/v2\/categories?post=21651"},{"taxonomy":"post_tag","embeddable":true,"href":"https:\/\/www.deberes.net\/tesis\/wp-json\/wp\/v2\/tags?post=21651"}],"curies":[{"name":"wp","href":"https:\/\/api.w.org\/{rel}","templated":true}]}}