{"id":21683,"date":"2018-03-09T09:11:34","date_gmt":"2018-03-09T09:11:34","guid":{"rendered":"https:\/\/www.deberes.net\/tesis\/sin-categoria\/educacion-muscial-no-formal-a-traves-de-la-prensa-de-divulgacion-general-en-espana\/"},"modified":"2018-03-09T09:11:34","modified_gmt":"2018-03-09T09:11:34","slug":"educacion-muscial-no-formal-a-traves-de-la-prensa-de-divulgacion-general-en-espana","status":"publish","type":"post","link":"https:\/\/www.deberes.net\/tesis\/nacional-de-educacion-a-distancia\/educacion-muscial-no-formal-a-traves-de-la-prensa-de-divulgacion-general-en-espana\/","title":{"rendered":"Educaci\u00f3n muscial no formal a trav\u00e9s de la prensa de divulgaci\u00f3n general en espa\u00f1a"},"content":{"rendered":"<h2>Tesis doctoral de <strong> Oswaldo Lorenzo Quiles <\/strong><\/h2>\n<p>Se ha investigado aqu\u00ed c\u00f3mo nos educamos musicalmente los espa\u00f1oles a partir de la prensa de divulgaci\u00f3n general con mayor difusi\u00f3n nacional y en relaci\u00f3n con el contexto educativo no formal, a partir de la observaci\u00f3n intuitiva de tres l\u00edneas-fuerza que tienen un car\u00e1cter de hip\u00f3tesis:  1,- la poblaci\u00f3n espa\u00f1ola, en general, no ha sido musicalmente educada en el contexto de aprendizaje formal &#8211; los centros educativos de ense\u00f1anza reglada &#8211; debido a equivocadas pol\u00edticas educativas y deficiencias estructurales en los sistemas educativos nacionales anteriores a la logse (ley de ordenaci\u00f3n general del sistema educativo, 1990).  2,- los mass media (medios de comunicaci\u00f3n de masas) son hoy agentes educativos no formales de primer orden, especialmente en el contexto social, en todas las \u00e1reas de la realidad objetivable, incluida la m\u00fasica.  3,- si la predisposici\u00f3n hacia lo musical en la referida poblaci\u00f3n no est\u00e1 bien fundamentada o incluso es, a veces, inexitente, la valoraci\u00f3n que de la m\u00fasica har\u00e1 esta poblaci\u00f3n estar\u00e1 fuertemente condicionada por el modo en que ha sido y es educada musicalmente mediante los mass media.  se ha escogido el medio prensa, de entre otros posibles, para su estudio en esta tesis, debido a que \u00e9ste determina en gran medida a la informaci\u00f3n presente en radio y televisi\u00f3n, convirti\u00e9ndose as\u00ed en un medio con m\u00e1s importancia de lo que en principion puediera parecer por comparaci\u00f3n con el impacto y la difusi\u00f3n social de estos otros dos medios. Aunque habitualmente se subestima su valor como instrumento audiovisual a favor de las todopoderosas televisi\u00f3n y radio, especialmente de la primera, quiz\u00e1 se olvida que quienes hacen periodismo radiof\u00f3nico y televisivo, quiz\u00e1 se olvida que quienes hacen periodismo radiof\u00f3nico y televisivo, incluido el periodismo musical, provienen frecuentemente de la prensa y trabajan paralelamente en ella.  respecto a la metodolog\u00eda empleada en el an<\/p>\n<p>&nbsp;<\/p>\n<h3>Datos acad\u00e9micos de la tesis doctoral \u00ab<strong>Educaci\u00f3n muscial no formal a trav\u00e9s de la prensa de divulgaci\u00f3n general en espa\u00f1a<\/strong>\u00ab<\/h3>\n<ul>\n<li><strong>T\u00edtulo de la tesis:<\/strong>\u00a0 Educaci\u00f3n muscial no formal a trav\u00e9s de la prensa de divulgaci\u00f3n general en espa\u00f1a <\/li>\n<li><strong>Autor:<\/strong>\u00a0 Oswaldo Lorenzo Quiles <\/li>\n<li><strong>Universidad:<\/strong>\u00a0 Nacional de educaci\u00f3n a distancia<\/li>\n<li><strong>Fecha de lectura de la tesis:<\/strong>\u00a0 19\/02\/2003<\/li>\n<\/ul>\n<p>&nbsp;<\/p>\n<h3>Direcci\u00f3n y tribunal<\/h3>\n<ul>\n<li><strong>Director de la tesis<\/strong>\n<ul>\n<li>Mar\u00eda Luisa Sevillano Garc\u00eda<\/li>\n<\/ul>\n<\/li>\n<li><strong>Tribunal<\/strong>\n<ul>\n<li>Presidente del tribunal: Antonio Medina rivilla <\/li>\n<li>Juan Granda vera (vocal)<\/li>\n<li>Manuel Lorenzo delgado (vocal)<\/li>\n<li>donaciano Bartolom\u00e9 crespo (vocal)<\/li>\n<\/ul>\n<\/li>\n<\/ul>\n<p>&nbsp;<\/p>\n","protected":false},"excerpt":{"rendered":"<p>Tesis doctoral de Oswaldo Lorenzo Quiles Se ha investigado aqu\u00ed c\u00f3mo nos educamos musicalmente los espa\u00f1oles a partir de la [&hellip;]<\/p>\n","protected":false},"author":1,"featured_media":0,"comment_status":"open","ping_status":"open","sticky":false,"template":"","format":"standard","meta":{"site-sidebar-layout":"default","site-content-layout":"","ast-site-content-layout":"","site-content-style":"default","site-sidebar-style":"default","ast-global-header-display":"","ast-banner-title-visibility":"","ast-main-header-display":"","ast-hfb-above-header-display":"","ast-hfb-below-header-display":"","ast-hfb-mobile-header-display":"","site-post-title":"","ast-breadcrumbs-content":"","ast-featured-img":"","footer-sml-layout":"","theme-transparent-header-meta":"","adv-header-id-meta":"","stick-header-meta":"","header-above-stick-meta":"","header-main-stick-meta":"","header-below-stick-meta":"","astra-migrate-meta-layouts":"default","ast-page-background-enabled":"default","ast-page-background-meta":{"desktop":{"background-color":"var(--ast-global-color-4)","background-image":"","background-repeat":"repeat","background-position":"center center","background-size":"auto","background-attachment":"scroll","background-type":"","background-media":"","overlay-type":"","overlay-color":"","overlay-gradient":""},"tablet":{"background-color":"","background-image":"","background-repeat":"repeat","background-position":"center center","background-size":"auto","background-attachment":"scroll","background-type":"","background-media":"","overlay-type":"","overlay-color":"","overlay-gradient":""},"mobile":{"background-color":"","background-image":"","background-repeat":"repeat","background-position":"center center","background-size":"auto","background-attachment":"scroll","background-type":"","background-media":"","overlay-type":"","overlay-color":"","overlay-gradient":""}},"ast-content-background-meta":{"desktop":{"background-color":"var(--ast-global-color-5)","background-image":"","background-repeat":"repeat","background-position":"center center","background-size":"auto","background-attachment":"scroll","background-type":"","background-media":"","overlay-type":"","overlay-color":"","overlay-gradient":""},"tablet":{"background-color":"var(--ast-global-color-5)","background-image":"","background-repeat":"repeat","background-position":"center center","background-size":"auto","background-attachment":"scroll","background-type":"","background-media":"","overlay-type":"","overlay-color":"","overlay-gradient":""},"mobile":{"background-color":"var(--ast-global-color-5)","background-image":"","background-repeat":"repeat","background-position":"center center","background-size":"auto","background-attachment":"scroll","background-type":"","background-media":"","overlay-type":"","overlay-color":"","overlay-gradient":""}},"footnotes":""},"categories":[17070],"tags":[6213,65261,35589,8686,6263,65260],"class_list":["post-21683","post","type-post","status-publish","format-standard","hentry","category-nacional-de-educacion-a-distancia","tag-antonio-medina-rivilla","tag-donaciano-bartolome-crespo","tag-juan-granda-vera","tag-manuel-lorenzo-delgado","tag-maria-luisa-sevillano-garcia","tag-oswaldo-lorenzo-quiles"],"_links":{"self":[{"href":"https:\/\/www.deberes.net\/tesis\/wp-json\/wp\/v2\/posts\/21683","targetHints":{"allow":["GET"]}}],"collection":[{"href":"https:\/\/www.deberes.net\/tesis\/wp-json\/wp\/v2\/posts"}],"about":[{"href":"https:\/\/www.deberes.net\/tesis\/wp-json\/wp\/v2\/types\/post"}],"author":[{"embeddable":true,"href":"https:\/\/www.deberes.net\/tesis\/wp-json\/wp\/v2\/users\/1"}],"replies":[{"embeddable":true,"href":"https:\/\/www.deberes.net\/tesis\/wp-json\/wp\/v2\/comments?post=21683"}],"version-history":[{"count":0,"href":"https:\/\/www.deberes.net\/tesis\/wp-json\/wp\/v2\/posts\/21683\/revisions"}],"wp:attachment":[{"href":"https:\/\/www.deberes.net\/tesis\/wp-json\/wp\/v2\/media?parent=21683"}],"wp:term":[{"taxonomy":"category","embeddable":true,"href":"https:\/\/www.deberes.net\/tesis\/wp-json\/wp\/v2\/categories?post=21683"},{"taxonomy":"post_tag","embeddable":true,"href":"https:\/\/www.deberes.net\/tesis\/wp-json\/wp\/v2\/tags?post=21683"}],"curies":[{"name":"wp","href":"https:\/\/api.w.org\/{rel}","templated":true}]}}