{"id":21697,"date":"2018-03-09T09:11:35","date_gmt":"2018-03-09T09:11:35","guid":{"rendered":"https:\/\/www.deberes.net\/tesis\/sin-categoria\/un-programa-de-formacion-para-favorecer-la-constitucion-de-la-identidad-profesional-de-los-educadores-de-epja\/"},"modified":"2018-03-09T09:11:35","modified_gmt":"2018-03-09T09:11:35","slug":"un-programa-de-formacion-para-favorecer-la-constitucion-de-la-identidad-profesional-de-los-educadores-de-epja","status":"publish","type":"post","link":"https:\/\/www.deberes.net\/tesis\/sin-categoria\/un-programa-de-formacion-para-favorecer-la-constitucion-de-la-identidad-profesional-de-los-educadores-de-epja\/","title":{"rendered":"Un programa de formaci\u00f3n para favorecer la constituci\u00f3n de la identidad profesional de los educadores de epja"},"content":{"rendered":"<h2>Tesis doctoral de <strong> Miriam Aguilar Ramirez <\/strong><\/h2>\n<p>La tesis sistematiza una experiencia de investigaci\u00f3n-acci\u00f3n en el aula que, a trav\u00e9s de un proceso de formaci\u00f3n, incursi\u00f3n en la identidad profesional de las y los educadores de personas j\u00f3venes y adultas (autoimagen, autoestima, profesionalidad) y algunos aspectos con los que se relaciona (proletarizaci\u00f3n de la ense\u00f1anza, imagen social, malestar docente).  es un estudio de caso exploratorio-diagn\u00f3stico y de intervenci\u00f3n formativa, realizado en la universidad pedag\u00f3gica nacional, en la ciudad de m\u00e9xico.  resalta el papel que pueden tener los procesos de formaci\u00f3n enla promoci\u00f3n de la identidad profesional de las y los educadores de personas j\u00f3venes y adultas.  para realizar esta exploraci\u00f3n y promover la constituci\u00f3n de la identidad profesional, se dise\u00f1o un programa de formaci\u00f3n cuyos ejes metodol\u00f3gicos son: c\u00f3digo educativo intergrado; investigaci\u00f3n-acci\u00f3n (el profesor como investigador reflexivo y cr\u00edtico, perspectiva de formaci\u00f3n del profesorado de reflexi\u00f3n de la pr\u00e1ctica para la reconstrucci\u00f3n social); profesionalidad e identidad.<\/p>\n<p>&nbsp;<\/p>\n<h3>Datos acad\u00e9micos de la tesis doctoral \u00ab<strong>Un programa de formaci\u00f3n para favorecer la constituci\u00f3n de la identidad profesional de los educadores de epja<\/strong>\u00ab<\/h3>\n<ul>\n<li><strong>T\u00edtulo de la tesis:<\/strong>\u00a0 Un programa de formaci\u00f3n para favorecer la constituci\u00f3n de la identidad profesional de los educadores de epja <\/li>\n<li><strong>Autor:<\/strong>\u00a0 Miriam Aguilar Ramirez <\/li>\n<li><strong>Universidad:<\/strong>\u00a0 Aut\u00f3noma de barcelona<\/li>\n<li><strong>Fecha de lectura de la tesis:<\/strong>\u00a0 20\/02\/2003<\/li>\n<\/ul>\n<p>&nbsp;<\/p>\n<h3>Direcci\u00f3n y tribunal<\/h3>\n<ul>\n<li><strong>Director de la tesis<\/strong>\n<ul>\n<li>Jose Tejada Fernandez<\/li>\n<\/ul>\n<\/li>\n<li><strong>Tribunal<\/strong>\n<ul>\n<li>Presidente del tribunal: Francisco Imbernon mu\u00f1oz <\/li>\n<li>esteban Pont barcelo (vocal)<\/li>\n<li>bonifacio Jim\u00e9nez jim\u00e9nez (vocal)<\/li>\n<li>guillermo Viladot voegeli (vocal)<\/li>\n<\/ul>\n<\/li>\n<\/ul>\n<p>&nbsp;<\/p>\n","protected":false},"excerpt":{"rendered":"<p>Tesis doctoral de Miriam Aguilar Ramirez La tesis sistematiza una experiencia de investigaci\u00f3n-acci\u00f3n en el aula que, a trav\u00e9s de [&hellip;]<\/p>\n","protected":false},"author":1,"featured_media":0,"comment_status":"open","ping_status":"open","sticky":false,"template":"","format":"standard","meta":{"site-sidebar-layout":"default","site-content-layout":"","ast-site-content-layout":"","site-content-style":"default","site-sidebar-style":"default","ast-global-header-display":"","ast-banner-title-visibility":"","ast-main-header-display":"","ast-hfb-above-header-display":"","ast-hfb-below-header-display":"","ast-hfb-mobile-header-display":"","site-post-title":"","ast-breadcrumbs-content":"","ast-featured-img":"","footer-sml-layout":"","theme-transparent-header-meta":"","adv-header-id-meta":"","stick-header-meta":"","header-above-stick-meta":"","header-main-stick-meta":"","header-below-stick-meta":"","astra-migrate-meta-layouts":"default","ast-page-background-enabled":"default","ast-page-background-meta":{"desktop":{"background-color":"var(--ast-global-color-4)","background-image":"","background-repeat":"repeat","background-position":"center center","background-size":"auto","background-attachment":"scroll","background-type":"","background-media":"","overlay-type":"","overlay-color":"","overlay-gradient":""},"tablet":{"background-color":"","background-image":"","background-repeat":"repeat","background-position":"center center","background-size":"auto","background-attachment":"scroll","background-type":"","background-media":"","overlay-type":"","overlay-color":"","overlay-gradient":""},"mobile":{"background-color":"","background-image":"","background-repeat":"repeat","background-position":"center center","background-size":"auto","background-attachment":"scroll","background-type":"","background-media":"","overlay-type":"","overlay-color":"","overlay-gradient":""}},"ast-content-background-meta":{"desktop":{"background-color":"var(--ast-global-color-5)","background-image":"","background-repeat":"repeat","background-position":"center center","background-size":"auto","background-attachment":"scroll","background-type":"","background-media":"","overlay-type":"","overlay-color":"","overlay-gradient":""},"tablet":{"background-color":"var(--ast-global-color-5)","background-image":"","background-repeat":"repeat","background-position":"center center","background-size":"auto","background-attachment":"scroll","background-type":"","background-media":"","overlay-type":"","overlay-color":"","overlay-gradient":""},"mobile":{"background-color":"var(--ast-global-color-5)","background-image":"","background-repeat":"repeat","background-position":"center center","background-size":"auto","background-attachment":"scroll","background-type":"","background-media":"","overlay-type":"","overlay-color":"","overlay-gradient":""}},"footnotes":""},"categories":[1],"tags":[13833,46104,1144,65290,13979,65289],"class_list":["post-21697","post","type-post","status-publish","format-standard","hentry","category-sin-categoria","tag-bonifacio-jimenez-jimenez","tag-esteban-pont-barcelo","tag-francisco-imbernon-munoz","tag-guillermo-viladot-voegeli","tag-jose-tejada-fernandez","tag-miriam-aguilar-ramirez"],"_links":{"self":[{"href":"https:\/\/www.deberes.net\/tesis\/wp-json\/wp\/v2\/posts\/21697","targetHints":{"allow":["GET"]}}],"collection":[{"href":"https:\/\/www.deberes.net\/tesis\/wp-json\/wp\/v2\/posts"}],"about":[{"href":"https:\/\/www.deberes.net\/tesis\/wp-json\/wp\/v2\/types\/post"}],"author":[{"embeddable":true,"href":"https:\/\/www.deberes.net\/tesis\/wp-json\/wp\/v2\/users\/1"}],"replies":[{"embeddable":true,"href":"https:\/\/www.deberes.net\/tesis\/wp-json\/wp\/v2\/comments?post=21697"}],"version-history":[{"count":0,"href":"https:\/\/www.deberes.net\/tesis\/wp-json\/wp\/v2\/posts\/21697\/revisions"}],"wp:attachment":[{"href":"https:\/\/www.deberes.net\/tesis\/wp-json\/wp\/v2\/media?parent=21697"}],"wp:term":[{"taxonomy":"category","embeddable":true,"href":"https:\/\/www.deberes.net\/tesis\/wp-json\/wp\/v2\/categories?post=21697"},{"taxonomy":"post_tag","embeddable":true,"href":"https:\/\/www.deberes.net\/tesis\/wp-json\/wp\/v2\/tags?post=21697"}],"curies":[{"name":"wp","href":"https:\/\/api.w.org\/{rel}","templated":true}]}}