{"id":21704,"date":"2018-03-09T09:11:36","date_gmt":"2018-03-09T09:11:36","guid":{"rendered":"https:\/\/www.deberes.net\/tesis\/sin-categoria\/ecuatorianos-en-espana-la-construccion-comunitaria-de-relatos-saludables\/"},"modified":"2018-03-09T09:11:36","modified_gmt":"2018-03-09T09:11:36","slug":"ecuatorianos-en-espana-la-construccion-comunitaria-de-relatos-saludables","status":"publish","type":"post","link":"https:\/\/www.deberes.net\/tesis\/pontificia-comillas\/ecuatorianos-en-espana-la-construccion-comunitaria-de-relatos-saludables\/","title":{"rendered":"Ecuatorianos en espa\u00f1a: la construcci\u00f3n comunitaria de relatos saludables"},"content":{"rendered":"<h2>Tesis doctoral de <strong> Javier Fresneda Sierra <\/strong><\/h2>\n<p>Esta tesis ha sido guidada por el objetivo de comprender la salud mental de los inmigrantes ecuatorianos en espa\u00f1a, desde su propia perspectiva. esta perspectiva, a su vez, remiti\u00f3 a la investigaci\u00f3n de los lugares sociales y culturales desde los que piensan la salud mental, entre los que resultan claves la dualizaci\u00f3n social de car\u00e1cter cultural, econ\u00f3mico y \u00e9tnico, las relaciones de g\u00e9nero seg\u00fan el estado civil de partida y el grado de reunificaci\u00f3n familiar, y la situaci\u00f3n laboral en espa\u00f1a.  los discursos en los que se inscriben estas representaciones ps\u00edquicas de los inmigrantes ecuatorianos en espa\u00f1a: el discurso de la salud mental de distinci\u00f3n competitiva, el comunitarista, y, entre ambos, el de equilibrio identitario, referidos a diversos signos seg\u00fan el posicionamiento en el espacio social, constituyen discursos coherentes en s\u00ed mismo y a la vez bien diferenciados entre s\u00ed. Para comprender la significaci\u00f3n de los s\u00edntomas psicopatol\u00f3gicos que puedan producirse en los distintos inmigranges ecuatorianos, as\u00ed como su despliegue de diversas estrategias de afrontamiento ante el malestar, resulta esclarecedor  remitirse a los discursos de la salud mental correspondientes.  en general, la salud mental resulta ser, para los inmigrantes ecuatorianos, un indicador del estado de las matrices relacionales y sociales en que se inscriben su migraci\u00f3n, y por ello es necesario prestar atenci\u00f3n adicional a las distintas redes sociales de apoyo de los inmigrantes. Este estudio, adem\u00e1s, debe tener en cuenta que no s\u00f3lo son redes de apoyo material, sino tambi\u00e9n redes de sentido, que ofrecen otras lecturas de la realidad, itinerarios, narraciones, interpretaciones m\u00e1s abiertas a resovler sus contradicciones: redes que construyen comunitariamente relatos m\u00e1s saludables.<\/p>\n<p>&nbsp;<\/p>\n<h3>Datos acad\u00e9micos de la tesis doctoral \u00ab<strong>Ecuatorianos en espa\u00f1a: la construcci\u00f3n comunitaria de relatos saludables<\/strong>\u00ab<\/h3>\n<ul>\n<li><strong>T\u00edtulo de la tesis:<\/strong>\u00a0 Ecuatorianos en espa\u00f1a: la construcci\u00f3n comunitaria de relatos saludables <\/li>\n<li><strong>Autor:<\/strong>\u00a0 Javier Fresneda Sierra <\/li>\n<li><strong>Universidad:<\/strong>\u00a0 Pontificia comillas<\/li>\n<li><strong>Fecha de lectura de la tesis:<\/strong>\u00a0 20\/02\/2003<\/li>\n<\/ul>\n<p>&nbsp;<\/p>\n<h3>Direcci\u00f3n y tribunal<\/h3>\n<ul>\n<li><strong>Director de la tesis<\/strong>\n<ul>\n<li>Andres Tornos Cubillo<\/li>\n<\/ul>\n<\/li>\n<li><strong>Tribunal<\/strong>\n<ul>\n<li>Presidente del tribunal: amalio Blanco abarca <\/li>\n<li>joseba Achotegui loizate (vocal)<\/li>\n<li> Valverde molina Jes\u00fas m. (vocal)<\/li>\n<li>Luis Lopez-yarto elizalde (vocal)<\/li>\n<\/ul>\n<\/li>\n<\/ul>\n<p>&nbsp;<\/p>\n","protected":false},"excerpt":{"rendered":"<p>Tesis doctoral de Javier Fresneda Sierra Esta tesis ha sido guidada por el objetivo de comprender la salud mental de [&hellip;]<\/p>\n","protected":false},"author":1,"featured_media":0,"comment_status":"open","ping_status":"open","sticky":false,"template":"","format":"standard","meta":{"site-sidebar-layout":"default","site-content-layout":"","ast-site-content-layout":"","site-content-style":"default","site-sidebar-style":"default","ast-global-header-display":"","ast-banner-title-visibility":"","ast-main-header-display":"","ast-hfb-above-header-display":"","ast-hfb-below-header-display":"","ast-hfb-mobile-header-display":"","site-post-title":"","ast-breadcrumbs-content":"","ast-featured-img":"","footer-sml-layout":"","theme-transparent-header-meta":"","adv-header-id-meta":"","stick-header-meta":"","header-above-stick-meta":"","header-main-stick-meta":"","header-below-stick-meta":"","astra-migrate-meta-layouts":"default","ast-page-background-enabled":"default","ast-page-background-meta":{"desktop":{"background-color":"var(--ast-global-color-4)","background-image":"","background-repeat":"repeat","background-position":"center center","background-size":"auto","background-attachment":"scroll","background-type":"","background-media":"","overlay-type":"","overlay-color":"","overlay-gradient":""},"tablet":{"background-color":"","background-image":"","background-repeat":"repeat","background-position":"center center","background-size":"auto","background-attachment":"scroll","background-type":"","background-media":"","overlay-type":"","overlay-color":"","overlay-gradient":""},"mobile":{"background-color":"","background-image":"","background-repeat":"repeat","background-position":"center center","background-size":"auto","background-attachment":"scroll","background-type":"","background-media":"","overlay-type":"","overlay-color":"","overlay-gradient":""}},"ast-content-background-meta":{"desktop":{"background-color":"var(--ast-global-color-5)","background-image":"","background-repeat":"repeat","background-position":"center center","background-size":"auto","background-attachment":"scroll","background-type":"","background-media":"","overlay-type":"","overlay-color":"","overlay-gradient":""},"tablet":{"background-color":"var(--ast-global-color-5)","background-image":"","background-repeat":"repeat","background-position":"center center","background-size":"auto","background-attachment":"scroll","background-type":"","background-media":"","overlay-type":"","overlay-color":"","overlay-gradient":""},"mobile":{"background-color":"var(--ast-global-color-5)","background-image":"","background-repeat":"repeat","background-position":"center center","background-size":"auto","background-attachment":"scroll","background-type":"","background-media":"","overlay-type":"","overlay-color":"","overlay-gradient":""}},"footnotes":""},"categories":[18397],"tags":[7128,32432,65305,65306,18447,65307],"class_list":["post-21704","post","type-post","status-publish","format-standard","hentry","category-pontificia-comillas","tag-amalio-blanco-abarca","tag-andres-tornos-cubillo","tag-javier-fresneda-sierra","tag-joseba-achotegui-loizate","tag-luis-lopez-yarto-elizalde","tag-valverde-molina-jesus-m"],"_links":{"self":[{"href":"https:\/\/www.deberes.net\/tesis\/wp-json\/wp\/v2\/posts\/21704","targetHints":{"allow":["GET"]}}],"collection":[{"href":"https:\/\/www.deberes.net\/tesis\/wp-json\/wp\/v2\/posts"}],"about":[{"href":"https:\/\/www.deberes.net\/tesis\/wp-json\/wp\/v2\/types\/post"}],"author":[{"embeddable":true,"href":"https:\/\/www.deberes.net\/tesis\/wp-json\/wp\/v2\/users\/1"}],"replies":[{"embeddable":true,"href":"https:\/\/www.deberes.net\/tesis\/wp-json\/wp\/v2\/comments?post=21704"}],"version-history":[{"count":0,"href":"https:\/\/www.deberes.net\/tesis\/wp-json\/wp\/v2\/posts\/21704\/revisions"}],"wp:attachment":[{"href":"https:\/\/www.deberes.net\/tesis\/wp-json\/wp\/v2\/media?parent=21704"}],"wp:term":[{"taxonomy":"category","embeddable":true,"href":"https:\/\/www.deberes.net\/tesis\/wp-json\/wp\/v2\/categories?post=21704"},{"taxonomy":"post_tag","embeddable":true,"href":"https:\/\/www.deberes.net\/tesis\/wp-json\/wp\/v2\/tags?post=21704"}],"curies":[{"name":"wp","href":"https:\/\/api.w.org\/{rel}","templated":true}]}}