{"id":21707,"date":"2018-03-09T09:11:36","date_gmt":"2018-03-09T09:11:36","guid":{"rendered":"https:\/\/www.deberes.net\/tesis\/sin-categoria\/la-educacion-emocional-en-la-educacion-primaria-curra%c2%adculum-y-practica\/"},"modified":"2018-03-09T09:11:36","modified_gmt":"2018-03-09T09:11:36","slug":"la-educacion-emocional-en-la-educacion-primaria-curra%c2%adculum-y-practica","status":"publish","type":"post","link":"https:\/\/www.deberes.net\/tesis\/psicologia\/la-educacion-emocional-en-la-educacion-primaria-curra%c2%adculum-y-practica\/","title":{"rendered":"La educaci\u00f3n emocional en la educaci\u00f3n primaria: curr\u00edculum y pr\u00e1ctica"},"content":{"rendered":"<h2>Tesis doctoral de <strong> Mar\u00eda   Mireya Abarca  Castillo <\/strong><\/h2>\n<p>Esta investigaci\u00f3n tiene la finalidad de hacer un diagn\u00f3stico sobre la situaci\u00f3n actual de la educaci\u00f3n emocional en el marco escolar, partiendo de dos estudios. En el primer estudio se analiza la inclusi\u00f3n de la educaci\u00f3n emocional en el dise\u00f1o curricular base y en el segundo estudio se analiza la inclusi\u00f3n de la educaci\u00f3n emocional en la pr\u00e1ctica educativa en el aula, para aportar elementos que puedan contribuir a una mejor inclusi\u00f3n de la misma. En ambos estudios se combina metdolog\u00eda cuantitativa y cualitativa.  en la primera parte de esta tesis se presenta una revisi\u00f3n te\u00f3rica de la cuesti\u00f3n entorno a cinco temas: desarrollo emocional, socializaci\u00f3n emocional, inteligencia emocional, educaci\u00f3n emocional y curr\u00edculo.  en la segunda parte se especifica la parte emp\u00edrica -delimitaci\u00f3n y justificaci\u00f3n del problema, objetivos e hip\u00f3tesis- y la fundamentaci\u00f3n metodol\u00f3gica con la que se aborda el an\u00e1lisis de contenido y las diferentes t\u00e9cnicas de recogida de la informaci\u00f3n utilizadas.  los resultados del estudio ponen de manifiesto que, el dise\u00f1o curricular incorpora algunos elementos relacionados con la educaci\u00f3n emocional, aunque muchos de \u00e9stos son incoherentes con los postulados del desarrollo emocional, adem\u00e1s de que estos contenidos y objetivos disminuyen mediante las sucesivas concreciones y adaptaciones curriculares.  en el estudio de la pr\u00e1ctica de la educaci\u00f3n emocional se realizaron entrevistas, test de estilos educativos en cinco centro de la ciudad de barcelona, y observaciones s\u00f3lo en tres de los centros entrevistados por dificultades de acceso. El estudio demuestra que el profesorado est\u00e1 sensibilizado con la educaci\u00f3n emocional, pero le falta la formaci\u00f3n y espacios adecuados para desarrollar. Asimismo, se demuestra que el contexto sociocultural del alumando condiciona las interacciones emocionales entre el profesorado y el alumnado.<\/p>\n<p>&nbsp;<\/p>\n<h3>Datos acad\u00e9micos de la tesis doctoral \u00ab<strong>La educaci\u00f3n emocional en la educaci\u00f3n primaria: curr\u00edculum y pr\u00e1ctica<\/strong>\u00ab<\/h3>\n<ul>\n<li><strong>T\u00edtulo de la tesis:<\/strong>\u00a0 La educaci\u00f3n emocional en la educaci\u00f3n primaria: curr\u00edculum y pr\u00e1ctica <\/li>\n<li><strong>Autor:<\/strong>\u00a0 Mar\u00eda   Mireya Abarca  Castillo <\/li>\n<li><strong>Universidad:<\/strong>\u00a0 Barcelona<\/li>\n<li><strong>Fecha de lectura de la tesis:<\/strong>\u00a0 21\/02\/2003<\/li>\n<\/ul>\n<p>&nbsp;<\/p>\n<h3>Direcci\u00f3n y tribunal<\/h3>\n<ul>\n<li><strong>Director de la tesis<\/strong>\n<ul>\n<li>Rafael Bisquerra Alzina<\/li>\n<\/ul>\n<\/li>\n<li><strong>Tribunal<\/strong>\n<ul>\n<li>Presidente del tribunal: joan Mateo andres <\/li>\n<li>pere Darder vidal (vocal)<\/li>\n<li>josep Mar\u00eda Puig rovira (vocal)<\/li>\n<li>conrado Izquierdo rodriguez (vocal)<\/li>\n<\/ul>\n<\/li>\n<\/ul>\n<p>&nbsp;<\/p>\n","protected":false},"excerpt":{"rendered":"<p>Tesis doctoral de Mar\u00eda Mireya Abarca Castillo Esta investigaci\u00f3n tiene la finalidad de hacer un diagn\u00f3stico sobre la situaci\u00f3n actual [&hellip;]<\/p>\n","protected":false},"author":1,"featured_media":0,"comment_status":"open","ping_status":"open","sticky":false,"template":"","format":"standard","meta":{"site-sidebar-layout":"default","site-content-layout":"","ast-site-content-layout":"","site-content-style":"default","site-sidebar-style":"default","ast-global-header-display":"","ast-banner-title-visibility":"","ast-main-header-display":"","ast-hfb-above-header-display":"","ast-hfb-below-header-display":"","ast-hfb-mobile-header-display":"","site-post-title":"","ast-breadcrumbs-content":"","ast-featured-img":"","footer-sml-layout":"","theme-transparent-header-meta":"","adv-header-id-meta":"","stick-header-meta":"","header-above-stick-meta":"","header-main-stick-meta":"","header-below-stick-meta":"","astra-migrate-meta-layouts":"default","ast-page-background-enabled":"default","ast-page-background-meta":{"desktop":{"background-color":"var(--ast-global-color-4)","background-image":"","background-repeat":"repeat","background-position":"center center","background-size":"auto","background-attachment":"scroll","background-type":"","background-media":"","overlay-type":"","overlay-color":"","overlay-gradient":""},"tablet":{"background-color":"","background-image":"","background-repeat":"repeat","background-position":"center center","background-size":"auto","background-attachment":"scroll","background-type":"","background-media":"","overlay-type":"","overlay-color":"","overlay-gradient":""},"mobile":{"background-color":"","background-image":"","background-repeat":"repeat","background-position":"center center","background-size":"auto","background-attachment":"scroll","background-type":"","background-media":"","overlay-type":"","overlay-color":"","overlay-gradient":""}},"ast-content-background-meta":{"desktop":{"background-color":"var(--ast-global-color-5)","background-image":"","background-repeat":"repeat","background-position":"center center","background-size":"auto","background-attachment":"scroll","background-type":"","background-media":"","overlay-type":"","overlay-color":"","overlay-gradient":""},"tablet":{"background-color":"var(--ast-global-color-5)","background-image":"","background-repeat":"repeat","background-position":"center center","background-size":"auto","background-attachment":"scroll","background-type":"","background-media":"","overlay-type":"","overlay-color":"","overlay-gradient":""},"mobile":{"background-color":"var(--ast-global-color-5)","background-image":"","background-repeat":"repeat","background-position":"center center","background-size":"auto","background-attachment":"scroll","background-type":"","background-media":"","overlay-type":"","overlay-color":"","overlay-gradient":""}},"footnotes":""},"categories":[951,6893,5173,6894,324,970,460,5174],"tags":[47480,8809,1343,65314,20227,14111],"class_list":["post-21707","post","type-post","status-publish","format-standard","hentry","category-barcelona","category-medida-de-la-personalidad","category-metodos-educativos","category-personalidad","category-psicologia","category-psicologia-del-nino-y-del-adolescente","category-psicologia-escolar","category-psicopedagogia","tag-conrado-izquierdo-rodriguez","tag-joan-mateo-andres","tag-josep-maria-puig-rovira","tag-maria-mireya-abarca-castillo","tag-pere-darder-vidal","tag-rafael-bisquerra-alzina"],"_links":{"self":[{"href":"https:\/\/www.deberes.net\/tesis\/wp-json\/wp\/v2\/posts\/21707","targetHints":{"allow":["GET"]}}],"collection":[{"href":"https:\/\/www.deberes.net\/tesis\/wp-json\/wp\/v2\/posts"}],"about":[{"href":"https:\/\/www.deberes.net\/tesis\/wp-json\/wp\/v2\/types\/post"}],"author":[{"embeddable":true,"href":"https:\/\/www.deberes.net\/tesis\/wp-json\/wp\/v2\/users\/1"}],"replies":[{"embeddable":true,"href":"https:\/\/www.deberes.net\/tesis\/wp-json\/wp\/v2\/comments?post=21707"}],"version-history":[{"count":0,"href":"https:\/\/www.deberes.net\/tesis\/wp-json\/wp\/v2\/posts\/21707\/revisions"}],"wp:attachment":[{"href":"https:\/\/www.deberes.net\/tesis\/wp-json\/wp\/v2\/media?parent=21707"}],"wp:term":[{"taxonomy":"category","embeddable":true,"href":"https:\/\/www.deberes.net\/tesis\/wp-json\/wp\/v2\/categories?post=21707"},{"taxonomy":"post_tag","embeddable":true,"href":"https:\/\/www.deberes.net\/tesis\/wp-json\/wp\/v2\/tags?post=21707"}],"curies":[{"name":"wp","href":"https:\/\/api.w.org\/{rel}","templated":true}]}}