{"id":21717,"date":"2018-03-09T09:11:37","date_gmt":"2018-03-09T09:11:37","guid":{"rendered":"https:\/\/www.deberes.net\/tesis\/sin-categoria\/puesta-a-prueba-de-la-teoria-de-la-depresion-por-desesperanza\/"},"modified":"2018-03-09T09:11:37","modified_gmt":"2018-03-09T09:11:37","slug":"puesta-a-prueba-de-la-teoria-de-la-depresion-por-desesperanza","status":"publish","type":"post","link":"https:\/\/www.deberes.net\/tesis\/malaga\/puesta-a-prueba-de-la-teoria-de-la-depresion-por-desesperanza\/","title":{"rendered":"Puesta a prueba de la teor\u00eda de la depresi\u00f3n por desesperanza"},"content":{"rendered":"<h2>Tesis doctoral de <strong> Ainhoa Otamendi Herrera <\/strong><\/h2>\n<p>Este trabajo de tesis doctoral tuvo como objetivo poner a prueba de forma integral la teor\u00eda de la depresi\u00f3n por desesperanza (abramson, metalsky y alloy, 1989) teniendo en cuenta todas las variables y mecanismos definidos en ella. Se llevaron a cabo tres estudios con distintos dise\u00f1os y metodolog\u00edas, con el fin de poder examinar cada una de las predicciones surgidas de la teor\u00eda. La poblaci\u00f3n sobre la que se realizaron los estudios fue de 256 adolescentes de la provincia de m\u00e1laga con un nivel socioecon\u00f3mico medio.  los resultados de los estudios llevados a cabo aportaron evidencia a favor de la validez de la teor\u00eda de la depresi\u00f3n por desesperanza. Incluso, muchos de los resultados de esta tesis son los primeros que existen en torno a esta teor\u00eda, pues la mayor\u00eda de las investigaciones encontradas en la literatura en las que se afirma haber puesto a prueba alg\u00fan punto de esta teor\u00eda no ha respetado los postulados planteados en ella.  los hallazgos de esta tesis arrojan informaci\u00f3n que resulta de inter\u00e9s en el estudio de los factores de vulnerabilidad a la depresi\u00f3n.<\/p>\n<p>&nbsp;<\/p>\n<h3>Datos acad\u00e9micos de la tesis doctoral \u00ab<strong>Puesta a prueba de la teor\u00eda de la depresi\u00f3n por desesperanza<\/strong>\u00ab<\/h3>\n<ul>\n<li><strong>T\u00edtulo de la tesis:<\/strong>\u00a0 Puesta a prueba de la teor\u00eda de la depresi\u00f3n por desesperanza <\/li>\n<li><strong>Autor:<\/strong>\u00a0 Ainhoa Otamendi Herrera <\/li>\n<li><strong>Universidad:<\/strong>\u00a0 M\u00e1laga<\/li>\n<li><strong>Fecha de lectura de la tesis:<\/strong>\u00a0 21\/02\/2003<\/li>\n<\/ul>\n<p>&nbsp;<\/p>\n<h3>Direcci\u00f3n y tribunal<\/h3>\n<ul>\n<li><strong>Director de la tesis<\/strong>\n<ul>\n<li>Carmen Rodr\u00edguez Naranjo<\/li>\n<\/ul>\n<\/li>\n<li><strong>Tribunal<\/strong>\n<ul>\n<li>Presidente del tribunal: Antonio Godoy avila <\/li>\n<li>marino P\u00e9rez \u00e1lvarez (vocal)<\/li>\n<li>Mar\u00eda  victoria Del barrio g\u00e1ndara (vocal)<\/li>\n<li>Antonio Maldonado lopez (vocal)<\/li>\n<\/ul>\n<\/li>\n<\/ul>\n<p>&nbsp;<\/p>\n","protected":false},"excerpt":{"rendered":"<p>Tesis doctoral de Ainhoa Otamendi Herrera Este trabajo de tesis doctoral tuvo como objetivo poner a prueba de forma integral [&hellip;]<\/p>\n","protected":false},"author":1,"featured_media":0,"comment_status":"open","ping_status":"open","sticky":false,"template":"","format":"standard","meta":{"site-sidebar-layout":"default","site-content-layout":"","ast-site-content-layout":"","site-content-style":"default","site-sidebar-style":"default","ast-global-header-display":"","ast-banner-title-visibility":"","ast-main-header-display":"","ast-hfb-above-header-display":"","ast-hfb-below-header-display":"","ast-hfb-mobile-header-display":"","site-post-title":"","ast-breadcrumbs-content":"","ast-featured-img":"","footer-sml-layout":"","theme-transparent-header-meta":"","adv-header-id-meta":"","stick-header-meta":"","header-above-stick-meta":"","header-main-stick-meta":"","header-below-stick-meta":"","astra-migrate-meta-layouts":"default","ast-page-background-enabled":"default","ast-page-background-meta":{"desktop":{"background-color":"var(--ast-global-color-4)","background-image":"","background-repeat":"repeat","background-position":"center center","background-size":"auto","background-attachment":"scroll","background-type":"","background-media":"","overlay-type":"","overlay-color":"","overlay-gradient":""},"tablet":{"background-color":"","background-image":"","background-repeat":"repeat","background-position":"center center","background-size":"auto","background-attachment":"scroll","background-type":"","background-media":"","overlay-type":"","overlay-color":"","overlay-gradient":""},"mobile":{"background-color":"","background-image":"","background-repeat":"repeat","background-position":"center center","background-size":"auto","background-attachment":"scroll","background-type":"","background-media":"","overlay-type":"","overlay-color":"","overlay-gradient":""}},"ast-content-background-meta":{"desktop":{"background-color":"var(--ast-global-color-5)","background-image":"","background-repeat":"repeat","background-position":"center center","background-size":"auto","background-attachment":"scroll","background-type":"","background-media":"","overlay-type":"","overlay-color":"","overlay-gradient":""},"tablet":{"background-color":"var(--ast-global-color-5)","background-image":"","background-repeat":"repeat","background-position":"center center","background-size":"auto","background-attachment":"scroll","background-type":"","background-media":"","overlay-type":"","overlay-color":"","overlay-gradient":""},"mobile":{"background-color":"var(--ast-global-color-5)","background-image":"","background-repeat":"repeat","background-position":"center center","background-size":"auto","background-attachment":"scroll","background-type":"","background-media":"","overlay-type":"","overlay-color":"","overlay-gradient":""}},"footnotes":""},"categories":[7834],"tags":[65345,8147,25238,8146,11445,8884],"class_list":["post-21717","post","type-post","status-publish","format-standard","hentry","category-malaga","tag-ainhoa-otamendi-herrera","tag-antonio-godoy-avila","tag-antonio-maldonado-lopez","tag-carmen-rodriguez-naranjo","tag-maria-victoria-del-barrio-gandara","tag-marino-perez-alvarez"],"_links":{"self":[{"href":"https:\/\/www.deberes.net\/tesis\/wp-json\/wp\/v2\/posts\/21717","targetHints":{"allow":["GET"]}}],"collection":[{"href":"https:\/\/www.deberes.net\/tesis\/wp-json\/wp\/v2\/posts"}],"about":[{"href":"https:\/\/www.deberes.net\/tesis\/wp-json\/wp\/v2\/types\/post"}],"author":[{"embeddable":true,"href":"https:\/\/www.deberes.net\/tesis\/wp-json\/wp\/v2\/users\/1"}],"replies":[{"embeddable":true,"href":"https:\/\/www.deberes.net\/tesis\/wp-json\/wp\/v2\/comments?post=21717"}],"version-history":[{"count":0,"href":"https:\/\/www.deberes.net\/tesis\/wp-json\/wp\/v2\/posts\/21717\/revisions"}],"wp:attachment":[{"href":"https:\/\/www.deberes.net\/tesis\/wp-json\/wp\/v2\/media?parent=21717"}],"wp:term":[{"taxonomy":"category","embeddable":true,"href":"https:\/\/www.deberes.net\/tesis\/wp-json\/wp\/v2\/categories?post=21717"},{"taxonomy":"post_tag","embeddable":true,"href":"https:\/\/www.deberes.net\/tesis\/wp-json\/wp\/v2\/tags?post=21717"}],"curies":[{"name":"wp","href":"https:\/\/api.w.org\/{rel}","templated":true}]}}