{"id":21844,"date":"2018-03-09T09:11:47","date_gmt":"2018-03-09T09:11:47","guid":{"rendered":"https:\/\/www.deberes.net\/tesis\/sin-categoria\/un-analisis-de-los-estudios-universitarios-en-informatica-a-traves-de-sus-egresados-el-caso-de-alicante-1984-2001\/"},"modified":"2018-03-09T09:11:47","modified_gmt":"2018-03-09T09:11:47","slug":"un-analisis-de-los-estudios-universitarios-en-informatica-a-traves-de-sus-egresados-el-caso-de-alicante-1984-2001","status":"publish","type":"post","link":"https:\/\/www.deberes.net\/tesis\/matematicas\/un-analisis-de-los-estudios-universitarios-en-informatica-a-traves-de-sus-egresados-el-caso-de-alicante-1984-2001\/","title":{"rendered":"Un an\u00e1lisis de los estudios universitarios en inform\u00e1tica a trav\u00e9s de sus egresados. el caso de alicante (1984-2001)"},"content":{"rendered":"<h2>Tesis doctoral de <strong> Lorenzo Carbonell  Soto <\/strong><\/h2>\n<p>* historia de los estudios oficiales de inform\u00e1tica en espa\u00f1a desde sus comienzos en 1969 hasta nuestros d\u00edas.  * an\u00e1lisis de las propuestas curriculares de los estudios en inform\u00e1tica m\u00e1s significativas anteriores a 1992.  * revisi\u00f3n de las principales teor\u00edas sociol\u00f3gicas sobre relaci\u00f3n entre educaci\u00f3n y logro laboral.  * encuesta a los licenciados en la titulaci\u00f3n de inform\u00e1tica en la universidad de alicante en el periodo  1984-2001 referida a:  &#8211; su periodo de formaci\u00f3n.  &#8211; su periodo laboral-profesional.  * an\u00e1lisis descriptivo y de relaci\u00f3n de los datos obtenidos en la encuesta.  prop\u00f3sito  recabar informaci\u00f3n sobre los titulados en inform\u00e1tica en la universidad de alicante durante el periodo de 1984-2001.<\/p>\n<p>&nbsp;<\/p>\n<h3>Datos acad\u00e9micos de la tesis doctoral \u00ab<strong>Un an\u00e1lisis de los estudios universitarios en inform\u00e1tica a trav\u00e9s de sus egresados. el caso de alicante (1984-2001)<\/strong>\u00ab<\/h3>\n<ul>\n<li><strong>T\u00edtulo de la tesis:<\/strong>\u00a0 Un an\u00e1lisis de los estudios universitarios en inform\u00e1tica a trav\u00e9s de sus egresados. el caso de alicante (1984-2001) <\/li>\n<li><strong>Autor:<\/strong>\u00a0 Lorenzo Carbonell  Soto <\/li>\n<li><strong>Universidad:<\/strong>\u00a0 Alicante<\/li>\n<li><strong>Fecha de lectura de la tesis:<\/strong>\u00a0 28\/02\/2003<\/li>\n<\/ul>\n<p>&nbsp;<\/p>\n<h3>Direcci\u00f3n y tribunal<\/h3>\n<ul>\n<li><strong>Director de la tesis<\/strong>\n<ul>\n<li>Evaristo Colomina Climent<\/li>\n<\/ul>\n<\/li>\n<li><strong>Tribunal<\/strong>\n<ul>\n<li>Presidente del tribunal: fernando Martin rubio <\/li>\n<li>Luis Joyanes aguilar (vocal)<\/li>\n<li> Calero Garc\u00eda Francisco Javier (vocal)<\/li>\n<li>  (vocal)<\/li>\n<\/ul>\n<\/li>\n<\/ul>\n<p>&nbsp;<\/p>\n","protected":false},"excerpt":{"rendered":"<p>Tesis doctoral de Lorenzo Carbonell Soto * historia de los estudios oficiales de inform\u00e1tica en espa\u00f1a desde sus comienzos en [&hellip;]<\/p>\n","protected":false},"author":1,"featured_media":0,"comment_status":"open","ping_status":"open","sticky":false,"template":"","format":"standard","meta":{"site-sidebar-layout":"default","site-content-layout":"","ast-site-content-layout":"","site-content-style":"default","site-sidebar-style":"default","ast-global-header-display":"","ast-banner-title-visibility":"","ast-main-header-display":"","ast-hfb-above-header-display":"","ast-hfb-below-header-display":"","ast-hfb-mobile-header-display":"","site-post-title":"","ast-breadcrumbs-content":"","ast-featured-img":"","footer-sml-layout":"","theme-transparent-header-meta":"","adv-header-id-meta":"","stick-header-meta":"","header-above-stick-meta":"","header-main-stick-meta":"","header-below-stick-meta":"","astra-migrate-meta-layouts":"default","ast-page-background-enabled":"default","ast-page-background-meta":{"desktop":{"background-color":"var(--ast-global-color-4)","background-image":"","background-repeat":"repeat","background-position":"center center","background-size":"auto","background-attachment":"scroll","background-type":"","background-media":"","overlay-type":"","overlay-color":"","overlay-gradient":""},"tablet":{"background-color":"","background-image":"","background-repeat":"repeat","background-position":"center center","background-size":"auto","background-attachment":"scroll","background-type":"","background-media":"","overlay-type":"","overlay-color":"","overlay-gradient":""},"mobile":{"background-color":"","background-image":"","background-repeat":"repeat","background-position":"center center","background-size":"auto","background-attachment":"scroll","background-type":"","background-media":"","overlay-type":"","overlay-color":"","overlay-gradient":""}},"ast-content-background-meta":{"desktop":{"background-color":"var(--ast-global-color-5)","background-image":"","background-repeat":"repeat","background-position":"center center","background-size":"auto","background-attachment":"scroll","background-type":"","background-media":"","overlay-type":"","overlay-color":"","overlay-gradient":""},"tablet":{"background-color":"var(--ast-global-color-5)","background-image":"","background-repeat":"repeat","background-position":"center center","background-size":"auto","background-attachment":"scroll","background-type":"","background-media":"","overlay-type":"","overlay-color":"","overlay-gradient":""},"mobile":{"background-color":"var(--ast-global-color-5)","background-image":"","background-repeat":"repeat","background-position":"center center","background-size":"auto","background-attachment":"scroll","background-type":"","background-media":"","overlay-type":"","overlay-color":"","overlay-gradient":""}},"footnotes":""},"categories":[19166,1890,4394,13880,126,1184,1141],"tags":[65654,65653,4013,65652,40865],"class_list":["post-21844","post","type-post","status-publish","format-standard","hentry","category-alicante","category-ciencia-de-los-ordenadores","category-educacion-superior","category-informatica","category-matematicas","category-organizacion-y-planificacion-de-la-educacion","category-pedagogia","tag-calero-garcia-francisco-javier","tag-evaristo-colomina-climent","tag-fernando-martin-rubio","tag-lorenzo-carbonell-soto","tag-luis-joyanes-aguilar"],"_links":{"self":[{"href":"https:\/\/www.deberes.net\/tesis\/wp-json\/wp\/v2\/posts\/21844","targetHints":{"allow":["GET"]}}],"collection":[{"href":"https:\/\/www.deberes.net\/tesis\/wp-json\/wp\/v2\/posts"}],"about":[{"href":"https:\/\/www.deberes.net\/tesis\/wp-json\/wp\/v2\/types\/post"}],"author":[{"embeddable":true,"href":"https:\/\/www.deberes.net\/tesis\/wp-json\/wp\/v2\/users\/1"}],"replies":[{"embeddable":true,"href":"https:\/\/www.deberes.net\/tesis\/wp-json\/wp\/v2\/comments?post=21844"}],"version-history":[{"count":0,"href":"https:\/\/www.deberes.net\/tesis\/wp-json\/wp\/v2\/posts\/21844\/revisions"}],"wp:attachment":[{"href":"https:\/\/www.deberes.net\/tesis\/wp-json\/wp\/v2\/media?parent=21844"}],"wp:term":[{"taxonomy":"category","embeddable":true,"href":"https:\/\/www.deberes.net\/tesis\/wp-json\/wp\/v2\/categories?post=21844"},{"taxonomy":"post_tag","embeddable":true,"href":"https:\/\/www.deberes.net\/tesis\/wp-json\/wp\/v2\/tags?post=21844"}],"curies":[{"name":"wp","href":"https:\/\/api.w.org\/{rel}","templated":true}]}}