{"id":21854,"date":"2018-03-09T09:11:48","date_gmt":"2018-03-09T09:11:48","guid":{"rendered":"https:\/\/www.deberes.net\/tesis\/sin-categoria\/composicion-genetica-de-poblaciones-historicas-y-prehistoricas-humanas-de-las-islas-canarias\/"},"modified":"2018-03-09T09:11:48","modified_gmt":"2018-03-09T09:11:48","slug":"composicion-genetica-de-poblaciones-historicas-y-prehistoricas-humanas-de-las-islas-canarias","status":"publish","type":"post","link":"https:\/\/www.deberes.net\/tesis\/la-laguna\/composicion-genetica-de-poblaciones-historicas-y-prehistoricas-humanas-de-las-islas-canarias\/","title":{"rendered":"Composici\u00f3n gen\u00e9tica de poblaciones hist\u00f3ricas y prehist\u00f3ricas humanas de las islas canarias"},"content":{"rendered":"<h2>Tesis doctoral de <strong> Nicole Maca Meyer <\/strong><\/h2>\n<p>El origen de los primeros pobladores de las islas canarias siempre ha sido un tema muy debatido. Por esta raz\u00f3n, se han realizado numerosos estudios gen\u00e9ticos para inferir las proporciones de los diferentes contingentes parentales y para estimar el grado de pervivencia de los genes abor\u00edgenes en la poblaci\u00f3n actual canaria. Sin embargo, se carec\u00eda de un conocimiento exacto de acervo gen\u00e9tico de los abor\u00edgenes, suponi\u00e9ndose muy parecido al de las poblaciones actuales norteafricanas. Para aclarar este asunto, se han obtenido secuencias de la regi\u00f3n hipervariable i (rhvi) del adnmt de 213 dientes del siglo xviii de la isla de tenerife y de 109 dientes abor\u00edgenes. Adem\u00e1s se han estudiado con detalle una serie de secuencias muy interesantes para explicar el poblamiento de las islas como es el sub-haplogrupo u6. Este sub-haplogrupo, considerado de origen norteafricano, es el nexo de uni\u00f3n entre las islas y el continente africano.  el estudio de la poblaci\u00f3n del siglo xviii mostr\u00f3 una mayor\u00eda de componente norteafricano (50%), seguido del peninsular (40%) y el resto de aportaci\u00f3n sub-sahariana, que constata la importancia que tuvo el tr\u00e1fico de esclavos negros en aquella \u00e9poca, al encontrarse hoy en d\u00eda en una proporci\u00f3n mucho m\u00e1s baja. Adem\u00e1s se encontr\u00f3 un 8,59% de linajes espec\u00edficos canarios u6b1.  el an\u00e1lisis de la poblaci\u00f3n aborigen mostr\u00f3 un 7,7% de linajes u6b1, demostrando que su presencia en la poblaci\u00f3n canarias se remonta a la \u00e9poca de los abor\u00edgenes y que no son fruto de una entrada posterior desde el norte de \u00e1frica, puesto que este sub-grupo de secuencias no se han detectado en esa zona. Esta muestra se ha utilizado por primera vez, para realizar los c\u00e1lculos de estimas en la poblaci\u00f3n canaria, tanto para la poblaci\u00f3n del siglo xviii como para la actual. Su contribuci\u00f3n a la hist\u00f3rica se sit\u00faa en un 46,5%, mientras que a la actual, en un 50,2%. Se detecta una importante disminuci\u00f3n del compone<\/p>\n<p>&nbsp;<\/p>\n<h3>Datos acad\u00e9micos de la tesis doctoral \u00ab<strong>Composici\u00f3n gen\u00e9tica de poblaciones hist\u00f3ricas y prehist\u00f3ricas humanas de las islas canarias<\/strong>\u00ab<\/h3>\n<ul>\n<li><strong>T\u00edtulo de la tesis:<\/strong>\u00a0 Composici\u00f3n gen\u00e9tica de poblaciones hist\u00f3ricas y prehist\u00f3ricas humanas de las islas canarias <\/li>\n<li><strong>Autor:<\/strong>\u00a0 Nicole Maca Meyer <\/li>\n<li><strong>Universidad:<\/strong>\u00a0 La laguna<\/li>\n<li><strong>Fecha de lectura de la tesis:<\/strong>\u00a0 28\/02\/2003<\/li>\n<\/ul>\n<p>&nbsp;<\/p>\n<h3>Direcci\u00f3n y tribunal<\/h3>\n<ul>\n<li><strong>Director de la tesis<\/strong>\n<ul>\n<li> Larruga Riera Jos\u00e9 M.<\/li>\n<\/ul>\n<\/li>\n<li><strong>Tribunal<\/strong>\n<ul>\n<li>Presidente del tribunal:  R\u00faa vaca concepci\u00f3n de la <\/li>\n<li>carles Lalueza fox (vocal)<\/li>\n<li> Navarro mederos Juan  Francisco (vocal)<\/li>\n<li>Carlos Flores infante (vocal)<\/li>\n<\/ul>\n<\/li>\n<\/ul>\n<p>&nbsp;<\/p>\n","protected":false},"excerpt":{"rendered":"<p>Tesis doctoral de Nicole Maca Meyer El origen de los primeros pobladores de las islas canarias siempre ha sido un [&hellip;]<\/p>\n","protected":false},"author":1,"featured_media":0,"comment_status":"open","ping_status":"open","sticky":false,"template":"","format":"standard","meta":{"site-sidebar-layout":"default","site-content-layout":"","ast-site-content-layout":"","site-content-style":"default","site-sidebar-style":"default","ast-global-header-display":"","ast-banner-title-visibility":"","ast-main-header-display":"","ast-hfb-above-header-display":"","ast-hfb-below-header-display":"","ast-hfb-mobile-header-display":"","site-post-title":"","ast-breadcrumbs-content":"","ast-featured-img":"","footer-sml-layout":"","theme-transparent-header-meta":"","adv-header-id-meta":"","stick-header-meta":"","header-above-stick-meta":"","header-main-stick-meta":"","header-below-stick-meta":"","astra-migrate-meta-layouts":"default","ast-page-background-enabled":"default","ast-page-background-meta":{"desktop":{"background-color":"var(--ast-global-color-4)","background-image":"","background-repeat":"repeat","background-position":"center center","background-size":"auto","background-attachment":"scroll","background-type":"","background-media":"","overlay-type":"","overlay-color":"","overlay-gradient":""},"tablet":{"background-color":"","background-image":"","background-repeat":"repeat","background-position":"center center","background-size":"auto","background-attachment":"scroll","background-type":"","background-media":"","overlay-type":"","overlay-color":"","overlay-gradient":""},"mobile":{"background-color":"","background-image":"","background-repeat":"repeat","background-position":"center center","background-size":"auto","background-attachment":"scroll","background-type":"","background-media":"","overlay-type":"","overlay-color":"","overlay-gradient":""}},"ast-content-background-meta":{"desktop":{"background-color":"var(--ast-global-color-5)","background-image":"","background-repeat":"repeat","background-position":"center center","background-size":"auto","background-attachment":"scroll","background-type":"","background-media":"","overlay-type":"","overlay-color":"","overlay-gradient":""},"tablet":{"background-color":"var(--ast-global-color-5)","background-image":"","background-repeat":"repeat","background-position":"center center","background-size":"auto","background-attachment":"scroll","background-type":"","background-media":"","overlay-type":"","overlay-color":"","overlay-gradient":""},"mobile":{"background-color":"var(--ast-global-color-5)","background-image":"","background-repeat":"repeat","background-position":"center center","background-size":"auto","background-attachment":"scroll","background-type":"","background-media":"","overlay-type":"","overlay-color":"","overlay-gradient":""}},"footnotes":""},"categories":[9915],"tags":[33980,65682,65680,26108,65679,65681],"class_list":["post-21854","post","type-post","status-publish","format-standard","hentry","category-la-laguna","tag-carles-lalueza-fox","tag-carlos-flores-infante","tag-larruga-riera-jose-m","tag-navarro-mederos-juan-francisco","tag-nicole-maca-meyer","tag-rua-vaca-concepcion-de-la"],"_links":{"self":[{"href":"https:\/\/www.deberes.net\/tesis\/wp-json\/wp\/v2\/posts\/21854","targetHints":{"allow":["GET"]}}],"collection":[{"href":"https:\/\/www.deberes.net\/tesis\/wp-json\/wp\/v2\/posts"}],"about":[{"href":"https:\/\/www.deberes.net\/tesis\/wp-json\/wp\/v2\/types\/post"}],"author":[{"embeddable":true,"href":"https:\/\/www.deberes.net\/tesis\/wp-json\/wp\/v2\/users\/1"}],"replies":[{"embeddable":true,"href":"https:\/\/www.deberes.net\/tesis\/wp-json\/wp\/v2\/comments?post=21854"}],"version-history":[{"count":0,"href":"https:\/\/www.deberes.net\/tesis\/wp-json\/wp\/v2\/posts\/21854\/revisions"}],"wp:attachment":[{"href":"https:\/\/www.deberes.net\/tesis\/wp-json\/wp\/v2\/media?parent=21854"}],"wp:term":[{"taxonomy":"category","embeddable":true,"href":"https:\/\/www.deberes.net\/tesis\/wp-json\/wp\/v2\/categories?post=21854"},{"taxonomy":"post_tag","embeddable":true,"href":"https:\/\/www.deberes.net\/tesis\/wp-json\/wp\/v2\/tags?post=21854"}],"curies":[{"name":"wp","href":"https:\/\/api.w.org\/{rel}","templated":true}]}}