{"id":21857,"date":"2018-03-09T09:11:48","date_gmt":"2018-03-09T09:11:48","guid":{"rendered":"https:\/\/www.deberes.net\/tesis\/sin-categoria\/lo-ausente-como-discurso-elipsis-y-fuera-de-campo-en-el-texto-cinematografico\/"},"modified":"2018-03-09T09:11:48","modified_gmt":"2018-03-09T09:11:48","slug":"lo-ausente-como-discurso-elipsis-y-fuera-de-campo-en-el-texto-cinematografico","status":"publish","type":"post","link":"https:\/\/www.deberes.net\/tesis\/sin-categoria\/lo-ausente-como-discurso-elipsis-y-fuera-de-campo-en-el-texto-cinematografico\/","title":{"rendered":"Lo ausente como discurso: elipsis y fuera de campo en el texto cinematogr\u00e1fico"},"content":{"rendered":"<h2>Tesis doctoral de <strong> Francisco Javier Gomez Tar\u00edn <\/strong><\/h2>\n<p>La definici\u00f3n del objeto es m\u00faltiple en nuestro caso, de ah\u00ed la necesidad de delimitar, de enmarcar y de fijar nuestro punto de vista, el lugar desde el que efectuamos la reflexi\u00f3n, que no puede abstraerse de su relaci\u00f3n contextual y, por tanto, de su posicionamiento ideol\u00f3gico. La construcci\u00f3n de un marco te\u00f3rico para el objeto cine se ha venido desarrollando de forma restrictiva a partir de la disyuntiva arte vs industria y atendiendo en esencia al modelo de representaci\u00f3n heredado del teatro y la pintura, es decir, a lo visible. Consecuencia de ello ha sido la consolidaci\u00f3n del modo de representaci\u00f3n institucional (m.R.I.) Como modelo hegem\u00f3nico y, en cualquier caso, de referencia.  nuestra hip\u00f3tesis parte de la oposici\u00f3n a ese modelo para buscar en la elipsis y el fuera de campo (elementos recurrentes para \u00e9l) un camino desestabilizador que evidencie sus carencias y contradicciones m\u00e1s profundas mediante la plena asunci\u00f3n como discurso de lo ausente, lo no visible, a trav\u00e9s de la connotaci\u00f3n. A partir de una tipolog\u00eda f\u00edsica, material, como la que nos aportan las diversas teorizaciones hasta hoy, desarrollamos otra alternativa, abierta, que no s\u00f3lo tiene c apacidad para contemplar la perspectiva de sumisi\u00f3n al modelo hegem\u00f3nico sino tambi\u00e9n la posibilidad de una plena ruptura con \u00e9l. Para fijar nuestro punto de vista, explicitamos las definiciones de los diferentes conceptos que barajamos y, sin negar el car\u00e1cter siempre polis\u00e9mico del lenguaje, enmarcamos los par\u00e1metros de su uso.  en consecuencia, la primera parte de la tesis, formada por tres cap\u00edtulos, est\u00e1 dedicada al establecimiento del marco te\u00f3rico y del estado de la cuesti\u00f3n al tiempo que se sit\u00faa nuestra perspectiva (desde d\u00f3nde hablamos); para ello, un segundo cap\u00edtulo tiene por objeto delimitar los conceptos b\u00e1sicos del proyecto a trav\u00e9s de una serie de estudios que se inician con la introducci\u00f3n de los \u00abfactores relevantes\u00bb para esta<\/p>\n<p>&nbsp;<\/p>\n<h3>Datos acad\u00e9micos de la tesis doctoral \u00ab<strong>Lo ausente como discurso: elipsis y fuera de campo en el texto cinematogr\u00e1fico<\/strong>\u00ab<\/h3>\n<ul>\n<li><strong>T\u00edtulo de la tesis:<\/strong>\u00a0 Lo ausente como discurso: elipsis y fuera de campo en el texto cinematogr\u00e1fico <\/li>\n<li><strong>Autor:<\/strong>\u00a0 Francisco Javier Gomez Tar\u00edn <\/li>\n<li><strong>Universidad:<\/strong>\u00a0 Universitat de val\u00e9ncia (estudi general)<\/li>\n<li><strong>Fecha de lectura de la tesis:<\/strong>\u00a0 28\/02\/2003<\/li>\n<\/ul>\n<p>&nbsp;<\/p>\n<h3>Direcci\u00f3n y tribunal<\/h3>\n<ul>\n<li><strong>Director de la tesis<\/strong>\n<ul>\n<li>Juan  Miguel Company Ramon<\/li>\n<\/ul>\n<\/li>\n<li><strong>Tribunal<\/strong>\n<ul>\n<li>Presidente del tribunal: jenaro Talens carmona <\/li>\n<li> Mart\u00edn rodr\u00edguez Fernando gabriel (vocal)<\/li>\n<li>santos Zunzunegui d\u00edez (vocal)<\/li>\n<li> Marzal felici Jos\u00e9 Javier (vocal)<\/li>\n<\/ul>\n<\/li>\n<\/ul>\n<p>&nbsp;<\/p>\n","protected":false},"excerpt":{"rendered":"<p>Tesis doctoral de Francisco Javier Gomez Tar\u00edn La definici\u00f3n del objeto es m\u00faltiple en nuestro caso, de ah\u00ed la necesidad [&hellip;]<\/p>\n","protected":false},"author":1,"featured_media":0,"comment_status":"open","ping_status":"open","sticky":false,"template":"","format":"standard","meta":{"site-sidebar-layout":"default","site-content-layout":"","ast-site-content-layout":"","site-content-style":"default","site-sidebar-style":"default","ast-global-header-display":"","ast-banner-title-visibility":"","ast-main-header-display":"","ast-hfb-above-header-display":"","ast-hfb-below-header-display":"","ast-hfb-mobile-header-display":"","site-post-title":"","ast-breadcrumbs-content":"","ast-featured-img":"","footer-sml-layout":"","theme-transparent-header-meta":"","adv-header-id-meta":"","stick-header-meta":"","header-above-stick-meta":"","header-main-stick-meta":"","header-below-stick-meta":"","astra-migrate-meta-layouts":"default","ast-page-background-enabled":"default","ast-page-background-meta":{"desktop":{"background-color":"var(--ast-global-color-4)","background-image":"","background-repeat":"repeat","background-position":"center center","background-size":"auto","background-attachment":"scroll","background-type":"","background-media":"","overlay-type":"","overlay-color":"","overlay-gradient":""},"tablet":{"background-color":"","background-image":"","background-repeat":"repeat","background-position":"center center","background-size":"auto","background-attachment":"scroll","background-type":"","background-media":"","overlay-type":"","overlay-color":"","overlay-gradient":""},"mobile":{"background-color":"","background-image":"","background-repeat":"repeat","background-position":"center center","background-size":"auto","background-attachment":"scroll","background-type":"","background-media":"","overlay-type":"","overlay-color":"","overlay-gradient":""}},"ast-content-background-meta":{"desktop":{"background-color":"var(--ast-global-color-5)","background-image":"","background-repeat":"repeat","background-position":"center center","background-size":"auto","background-attachment":"scroll","background-type":"","background-media":"","overlay-type":"","overlay-color":"","overlay-gradient":""},"tablet":{"background-color":"var(--ast-global-color-5)","background-image":"","background-repeat":"repeat","background-position":"center center","background-size":"auto","background-attachment":"scroll","background-type":"","background-media":"","overlay-type":"","overlay-color":"","overlay-gradient":""},"mobile":{"background-color":"var(--ast-global-color-5)","background-image":"","background-repeat":"repeat","background-position":"center center","background-size":"auto","background-attachment":"scroll","background-type":"","background-media":"","overlay-type":"","overlay-color":"","overlay-gradient":""}},"footnotes":""},"categories":[1],"tags":[65687,4740,12288,10447,12045,5038],"class_list":["post-21857","post","type-post","status-publish","format-standard","hentry","category-sin-categoria","tag-francisco-javier-gomez-tarin","tag-jenaro-talens-carmona","tag-juan-miguel-company-ramon","tag-martin-rodriguez-fernando-gabriel","tag-marzal-felici-jose-javier","tag-santos-zunzunegui-diez"],"_links":{"self":[{"href":"https:\/\/www.deberes.net\/tesis\/wp-json\/wp\/v2\/posts\/21857","targetHints":{"allow":["GET"]}}],"collection":[{"href":"https:\/\/www.deberes.net\/tesis\/wp-json\/wp\/v2\/posts"}],"about":[{"href":"https:\/\/www.deberes.net\/tesis\/wp-json\/wp\/v2\/types\/post"}],"author":[{"embeddable":true,"href":"https:\/\/www.deberes.net\/tesis\/wp-json\/wp\/v2\/users\/1"}],"replies":[{"embeddable":true,"href":"https:\/\/www.deberes.net\/tesis\/wp-json\/wp\/v2\/comments?post=21857"}],"version-history":[{"count":0,"href":"https:\/\/www.deberes.net\/tesis\/wp-json\/wp\/v2\/posts\/21857\/revisions"}],"wp:attachment":[{"href":"https:\/\/www.deberes.net\/tesis\/wp-json\/wp\/v2\/media?parent=21857"}],"wp:term":[{"taxonomy":"category","embeddable":true,"href":"https:\/\/www.deberes.net\/tesis\/wp-json\/wp\/v2\/categories?post=21857"},{"taxonomy":"post_tag","embeddable":true,"href":"https:\/\/www.deberes.net\/tesis\/wp-json\/wp\/v2\/tags?post=21857"}],"curies":[{"name":"wp","href":"https:\/\/api.w.org\/{rel}","templated":true}]}}