{"id":21865,"date":"2018-03-09T09:11:48","date_gmt":"2018-03-09T09:11:48","guid":{"rendered":"https:\/\/www.deberes.net\/tesis\/sin-categoria\/los-fundamentos-civiles-del-derecho-cambiario\/"},"modified":"2018-03-09T09:11:48","modified_gmt":"2018-03-09T09:11:48","slug":"los-fundamentos-civiles-del-derecho-cambiario","status":"publish","type":"post","link":"https:\/\/www.deberes.net\/tesis\/pais-vasco-euskal-herriko-unibertsitatea\/los-fundamentos-civiles-del-derecho-cambiario\/","title":{"rendered":"Los fundamentos civiles del derecho cambiario"},"content":{"rendered":"<h2>Tesis doctoral de <strong> Aitor Zurimendi Isla <\/strong><\/h2>\n<p>Se llega a la conclusi\u00f3n de que en todos los supuestos de emisi\u00f3n o transmisi\u00f3n de un t\u00edtulo cambiario, junto a la nueva obligaci\u00f3n cambiaria subyace otra obligaci\u00f3n, llamada causal o fundamental. Se ha procedido al an\u00e1lisis de la relaci\u00f3n y la reciproca influencia de ambas obligaciones, viendo por qu\u00e9 ante el ejercicio de una de ellas pueden en ocasiones ser opuestas o no, seg\u00fan lo casos, exceptores o vicisitudes derivdas de la otra.  cara al estudio de la coordinaci\u00f3n y rec\u00edproca influencia de ambas obligaciones hemos tenido que profundizar en los conceptos de causa y abstracci\u00f3n. Respecto al primero, hemos observado que se utiliza principalmente en dos distintas acepciones: la causa del contrato y la de causa de la atribuci\u00f3n, habi\u00e9ndose aplicado estos dos conceptos al derecho cambiario.  en lo que se refiere a la abstracci\u00f3n, se ha estudiado su origen y evoluci\u00f3n hist\u00f3rica y en qu\u00e9 consiste \u00e9sta en el derecho alem\u00e1n, habi\u00e9ndose comprobado tambi\u00e9n que \u00e9sta no existe en nuestro ordenamiento jur\u00eddico y que, por tanto, no cabe afirmar que la obligaci\u00f3n cambiaria es abstracta.<\/p>\n<p>&nbsp;<\/p>\n<h3>Datos acad\u00e9micos de la tesis doctoral \u00ab<strong>Los fundamentos civiles del derecho cambiario<\/strong>\u00ab<\/h3>\n<ul>\n<li><strong>T\u00edtulo de la tesis:<\/strong>\u00a0 Los fundamentos civiles del derecho cambiario <\/li>\n<li><strong>Autor:<\/strong>\u00a0 Aitor Zurimendi Isla <\/li>\n<li><strong>Universidad:<\/strong>\u00a0 Pa\u00eds vasco\/euskal herriko unibertsitatea<\/li>\n<li><strong>Fecha de lectura de la tesis:<\/strong>\u00a0 28\/02\/2003<\/li>\n<\/ul>\n<p>&nbsp;<\/p>\n<h3>Direcci\u00f3n y tribunal<\/h3>\n<ul>\n<li><strong>Director de la tesis<\/strong>\n<ul>\n<li> Eizaguirre Bermejo Jos\u00e9 M.<\/li>\n<\/ul>\n<\/li>\n<li><strong>Tribunal<\/strong>\n<ul>\n<li>Presidente del tribunal: Jos\u00e9 candido Paz-ares rodriguez <\/li>\n<li>Andr\u00e9s Recaldes castells (vocal)<\/li>\n<li>Luis Antonio Velasco san pedro (vocal)<\/li>\n<li>Alberto Diaz moreno (vocal)<\/li>\n<\/ul>\n<\/li>\n<\/ul>\n<p>&nbsp;<\/p>\n","protected":false},"excerpt":{"rendered":"<p>Tesis doctoral de Aitor Zurimendi Isla Se llega a la conclusi\u00f3n de que en todos los supuestos de emisi\u00f3n o [&hellip;]<\/p>\n","protected":false},"author":1,"featured_media":0,"comment_status":"open","ping_status":"open","sticky":false,"template":"","format":"standard","meta":{"site-sidebar-layout":"default","site-content-layout":"","ast-site-content-layout":"","site-content-style":"default","site-sidebar-style":"default","ast-global-header-display":"","ast-banner-title-visibility":"","ast-main-header-display":"","ast-hfb-above-header-display":"","ast-hfb-below-header-display":"","ast-hfb-mobile-header-display":"","site-post-title":"","ast-breadcrumbs-content":"","ast-featured-img":"","footer-sml-layout":"","theme-transparent-header-meta":"","adv-header-id-meta":"","stick-header-meta":"","header-above-stick-meta":"","header-main-stick-meta":"","header-below-stick-meta":"","astra-migrate-meta-layouts":"default","ast-page-background-enabled":"default","ast-page-background-meta":{"desktop":{"background-color":"var(--ast-global-color-4)","background-image":"","background-repeat":"repeat","background-position":"center center","background-size":"auto","background-attachment":"scroll","background-type":"","background-media":"","overlay-type":"","overlay-color":"","overlay-gradient":""},"tablet":{"background-color":"","background-image":"","background-repeat":"repeat","background-position":"center center","background-size":"auto","background-attachment":"scroll","background-type":"","background-media":"","overlay-type":"","overlay-color":"","overlay-gradient":""},"mobile":{"background-color":"","background-image":"","background-repeat":"repeat","background-position":"center center","background-size":"auto","background-attachment":"scroll","background-type":"","background-media":"","overlay-type":"","overlay-color":"","overlay-gradient":""}},"ast-content-background-meta":{"desktop":{"background-color":"var(--ast-global-color-5)","background-image":"","background-repeat":"repeat","background-position":"center center","background-size":"auto","background-attachment":"scroll","background-type":"","background-media":"","overlay-type":"","overlay-color":"","overlay-gradient":""},"tablet":{"background-color":"var(--ast-global-color-5)","background-image":"","background-repeat":"repeat","background-position":"center center","background-size":"auto","background-attachment":"scroll","background-type":"","background-media":"","overlay-type":"","overlay-color":"","overlay-gradient":""},"mobile":{"background-color":"var(--ast-global-color-5)","background-image":"","background-repeat":"repeat","background-position":"center center","background-size":"auto","background-attachment":"scroll","background-type":"","background-media":"","overlay-type":"","overlay-color":"","overlay-gradient":""}},"footnotes":""},"categories":[12909],"tags":[65711,21928,65712,27762,25376,18308],"class_list":["post-21865","post","type-post","status-publish","format-standard","hentry","category-pais-vasco-euskal-herriko-unibertsitatea","tag-aitor-zurimendi-isla","tag-alberto-diaz-moreno","tag-andres-recaldes-castells","tag-eizaguirre-bermejo-jose-m","tag-jose-candido-paz-ares-rodriguez","tag-luis-antonio-velasco-san-pedro"],"_links":{"self":[{"href":"https:\/\/www.deberes.net\/tesis\/wp-json\/wp\/v2\/posts\/21865","targetHints":{"allow":["GET"]}}],"collection":[{"href":"https:\/\/www.deberes.net\/tesis\/wp-json\/wp\/v2\/posts"}],"about":[{"href":"https:\/\/www.deberes.net\/tesis\/wp-json\/wp\/v2\/types\/post"}],"author":[{"embeddable":true,"href":"https:\/\/www.deberes.net\/tesis\/wp-json\/wp\/v2\/users\/1"}],"replies":[{"embeddable":true,"href":"https:\/\/www.deberes.net\/tesis\/wp-json\/wp\/v2\/comments?post=21865"}],"version-history":[{"count":0,"href":"https:\/\/www.deberes.net\/tesis\/wp-json\/wp\/v2\/posts\/21865\/revisions"}],"wp:attachment":[{"href":"https:\/\/www.deberes.net\/tesis\/wp-json\/wp\/v2\/media?parent=21865"}],"wp:term":[{"taxonomy":"category","embeddable":true,"href":"https:\/\/www.deberes.net\/tesis\/wp-json\/wp\/v2\/categories?post=21865"},{"taxonomy":"post_tag","embeddable":true,"href":"https:\/\/www.deberes.net\/tesis\/wp-json\/wp\/v2\/tags?post=21865"}],"curies":[{"name":"wp","href":"https:\/\/api.w.org\/{rel}","templated":true}]}}