{"id":21875,"date":"2018-03-09T09:11:50","date_gmt":"2018-03-09T09:11:50","guid":{"rendered":"https:\/\/www.deberes.net\/tesis\/sin-categoria\/el-espacio-industrial-en-canarias-el-tejido-empresarial-y-el-territorio-en-las-areas-insulares\/"},"modified":"2018-03-09T09:11:50","modified_gmt":"2018-03-09T09:11:50","slug":"el-espacio-industrial-en-canarias-el-tejido-empresarial-y-el-territorio-en-las-areas-insulares","status":"publish","type":"post","link":"https:\/\/www.deberes.net\/tesis\/palmas-de-gran-canaria\/el-espacio-industrial-en-canarias-el-tejido-empresarial-y-el-territorio-en-las-areas-insulares\/","title":{"rendered":"El espacio industrial en canarias. el tejido empresarial y el territorio en las \u00e1reas insulares"},"content":{"rendered":"<h2>Tesis doctoral de <strong> Santiago Hern\u00e1ndez Torres <\/strong><\/h2>\n<p>La tesis doctoral que se presenta constituye el resultado de un proyecto de investigaci\u00f3n de varios a\u00f1os realizada en el departamento de geograf\u00eda de la universidad de las palmas de gran canaria. Su planteamiento se dise\u00f1\u00f3 con el objetivo b\u00e1sico de subsanar una laguna cient\u00edfica en el an\u00e1lisis geogr\u00e1fico regional en canarias vinculada a los conocimientos sobre el desarrollo de la actividad industrial en las islas, sus referencias hist\u00f3ricas contempor\u00e1neas y su materializaci\u00f3n sobre el territorio mediante la constituci\u00f3n de un espacio industrial con m\u00faltiples facetas formales y funcionales.  su desarrollo se apoyo en el encuadramiento de un marco hip\u00f3tetico de partida y en el dise\u00f1o de una metodolog\u00eda de recopulaci\u00f3n de datos, de contrastes en escenarios cient\u00edficos nacional y de interpretaci\u00f3n definitiva que, trat\u00e1ndose de una tem\u00e1tica sin tratamiento previo a nivel integral, incorporaba matices de novedad, los cuales precisaban la verificaci\u00f3n de su eficacia.  sus resultados han sido variados y no exentos de complejidad. Si bien cabr\u00eda defender la conclusi\u00f3n de que la actividad industrial sobre el territorio definido por su car\u00e1cter insular genera una serie de relaciones y transformaciones espaciales que exceden la generalizada impresi\u00f3n estad\u00edstica de tratarse de un sector marginal en la estructura socioecon\u00f3mica de las islas.  sus implicaciones sobre la organizaci\u00f3n territorial de cada isla, especialmente las de mayor dinamismo demogr\u00e1fico y econ\u00f3mico, han ido generando en las \u00faltimas d\u00e9cadas un conjunto de entidades f\u00edsicas con comportamientos e idiosincracias singulares. De este modo, resulta patente la existencia de un denso tejido manufacturero asociado al dinamismo de los espacios urbanos capitalinos, de manifestaciones industriales de mayor o menor calado en los recintos portuarios, de corredores territoriales de suelo industrial, de macropol\u00edgonos de gran dinamismo en esta actividad e, incluso<\/p>\n<p>&nbsp;<\/p>\n<h3>Datos acad\u00e9micos de la tesis doctoral \u00ab<strong>El espacio industrial en canarias. el tejido empresarial y el territorio en las \u00e1reas insulares<\/strong>\u00ab<\/h3>\n<ul>\n<li><strong>T\u00edtulo de la tesis:<\/strong>\u00a0 El espacio industrial en canarias. el tejido empresarial y el territorio en las \u00e1reas insulares <\/li>\n<li><strong>Autor:<\/strong>\u00a0 Santiago Hern\u00e1ndez Torres <\/li>\n<li><strong>Universidad:<\/strong>\u00a0 Palmas de gran canaria<\/li>\n<li><strong>Fecha de lectura de la tesis:<\/strong>\u00a0 28\/02\/2003<\/li>\n<\/ul>\n<p>&nbsp;<\/p>\n<h3>Direcci\u00f3n y tribunal<\/h3>\n<ul>\n<li><strong>Director de la tesis<\/strong>\n<ul>\n<li>Guillermo Morales Matos<\/li>\n<\/ul>\n<\/li>\n<li><strong>Tribunal<\/strong>\n<ul>\n<li>Presidente del tribunal: aladino Fern\u00e1ndez torres <\/li>\n<li>Jes\u00fas Hern\u00e1ndez hern\u00e1ndez (vocal)<\/li>\n<li>inmaculada Caravaca barroso (vocal)<\/li>\n<li> Luxan melendez Santiago de (vocal)<\/li>\n<\/ul>\n<\/li>\n<\/ul>\n<p>&nbsp;<\/p>\n","protected":false},"excerpt":{"rendered":"<p>Tesis doctoral de Santiago Hern\u00e1ndez Torres La tesis doctoral que se presenta constituye el resultado de un proyecto de investigaci\u00f3n [&hellip;]<\/p>\n","protected":false},"author":1,"featured_media":0,"comment_status":"open","ping_status":"open","sticky":false,"template":"","format":"standard","meta":{"site-sidebar-layout":"default","site-content-layout":"","ast-site-content-layout":"","site-content-style":"default","site-sidebar-style":"default","ast-global-header-display":"","ast-banner-title-visibility":"","ast-main-header-display":"","ast-hfb-above-header-display":"","ast-hfb-below-header-display":"","ast-hfb-mobile-header-display":"","site-post-title":"","ast-breadcrumbs-content":"","ast-featured-img":"","footer-sml-layout":"","theme-transparent-header-meta":"","adv-header-id-meta":"","stick-header-meta":"","header-above-stick-meta":"","header-main-stick-meta":"","header-below-stick-meta":"","astra-migrate-meta-layouts":"default","ast-page-background-enabled":"default","ast-page-background-meta":{"desktop":{"background-color":"var(--ast-global-color-4)","background-image":"","background-repeat":"repeat","background-position":"center center","background-size":"auto","background-attachment":"scroll","background-type":"","background-media":"","overlay-type":"","overlay-color":"","overlay-gradient":""},"tablet":{"background-color":"","background-image":"","background-repeat":"repeat","background-position":"center center","background-size":"auto","background-attachment":"scroll","background-type":"","background-media":"","overlay-type":"","overlay-color":"","overlay-gradient":""},"mobile":{"background-color":"","background-image":"","background-repeat":"repeat","background-position":"center center","background-size":"auto","background-attachment":"scroll","background-type":"","background-media":"","overlay-type":"","overlay-color":"","overlay-gradient":""}},"ast-content-background-meta":{"desktop":{"background-color":"var(--ast-global-color-5)","background-image":"","background-repeat":"repeat","background-position":"center center","background-size":"auto","background-attachment":"scroll","background-type":"","background-media":"","overlay-type":"","overlay-color":"","overlay-gradient":""},"tablet":{"background-color":"var(--ast-global-color-5)","background-image":"","background-repeat":"repeat","background-position":"center center","background-size":"auto","background-attachment":"scroll","background-type":"","background-media":"","overlay-type":"","overlay-color":"","overlay-gradient":""},"mobile":{"background-color":"var(--ast-global-color-5)","background-image":"","background-repeat":"repeat","background-position":"center center","background-size":"auto","background-attachment":"scroll","background-type":"","background-media":"","overlay-type":"","overlay-color":"","overlay-gradient":""}},"footnotes":""},"categories":[16629],"tags":[65738,16697,7372,65739,62657,65737],"class_list":["post-21875","post","type-post","status-publish","format-standard","hentry","category-palmas-de-gran-canaria","tag-aladino-fernandez-torres","tag-guillermo-morales-matos","tag-inmaculada-caravaca-barroso","tag-jesus-hernandez-hernandez","tag-luxan-melendez-santiago-de","tag-santiago-hernandez-torres"],"_links":{"self":[{"href":"https:\/\/www.deberes.net\/tesis\/wp-json\/wp\/v2\/posts\/21875","targetHints":{"allow":["GET"]}}],"collection":[{"href":"https:\/\/www.deberes.net\/tesis\/wp-json\/wp\/v2\/posts"}],"about":[{"href":"https:\/\/www.deberes.net\/tesis\/wp-json\/wp\/v2\/types\/post"}],"author":[{"embeddable":true,"href":"https:\/\/www.deberes.net\/tesis\/wp-json\/wp\/v2\/users\/1"}],"replies":[{"embeddable":true,"href":"https:\/\/www.deberes.net\/tesis\/wp-json\/wp\/v2\/comments?post=21875"}],"version-history":[{"count":0,"href":"https:\/\/www.deberes.net\/tesis\/wp-json\/wp\/v2\/posts\/21875\/revisions"}],"wp:attachment":[{"href":"https:\/\/www.deberes.net\/tesis\/wp-json\/wp\/v2\/media?parent=21875"}],"wp:term":[{"taxonomy":"category","embeddable":true,"href":"https:\/\/www.deberes.net\/tesis\/wp-json\/wp\/v2\/categories?post=21875"},{"taxonomy":"post_tag","embeddable":true,"href":"https:\/\/www.deberes.net\/tesis\/wp-json\/wp\/v2\/tags?post=21875"}],"curies":[{"name":"wp","href":"https:\/\/api.w.org\/{rel}","templated":true}]}}