{"id":21893,"date":"2003-01-03T00:00:00","date_gmt":"2003-01-03T00:00:00","guid":{"rendered":"https:\/\/www.deberes.net\/tesis\/sin-categoria\/el-art-78-del-codigo-penal-funcionamiento-tecnico-jura%c2%addico-y-problemas-constitucionales\/"},"modified":"2003-01-03T00:00:00","modified_gmt":"2003-01-03T00:00:00","slug":"el-art-78-del-codigo-penal-funcionamiento-tecnico-jura%c2%addico-y-problemas-constitucionales","status":"publish","type":"post","link":"https:\/\/www.deberes.net\/tesis\/sin-categoria\/el-art-78-del-codigo-penal-funcionamiento-tecnico-jura%c2%addico-y-problemas-constitucionales\/","title":{"rendered":"El art. 78 del c\u00f3digo penal: funcionamiento t\u00e9cnico-jur\u00eddico y problemas constitucionales"},"content":{"rendered":"<h2>Tesis doctoral de <strong>  Herero Albeldo M. Esperanza <\/strong><\/h2>\n<p>En esta tesis doctoral se aborda el an\u00e1lisis del art\u00edculo 78 del c\u00f3digo penal que establece una restricci\u00f3n de la libertad condicional y de los beneficios penitenciarios. Esta limitaci\u00f3n consiste en computar dichas medidas beneficiosas para el reo sobre la suma de todas las penas impuestas en la sentencia, y no sobre los l\u00edmites temporales establecidos en el art\u00edculo 76 del c\u00f3digo penal. En el presente estudio se analizan los precedentes de esta disposici\u00f3n, su \u00e1mbito aplicativo, sus presupuestos as\u00ed como las consecuencias que se derivan de su aplicaci\u00f3n.  tambi\u00e9n son objeto de tratamiento las dudas constitucionales que plantea en torno al principio de igualdad y a la orientaci\u00f3n de las penas a la reeducci\u00f3n y reinserci\u00f3n social.  por \u00faltimo se incluye un estudio de derecho comparado.<\/p>\n<p>&nbsp;<\/p>\n<h3>Datos acad\u00e9micos de la tesis doctoral \u00ab<strong>El art. 78 del c\u00f3digo penal: funcionamiento t\u00e9cnico-jur\u00eddico y problemas constitucionales<\/strong>\u00ab<\/h3>\n<ul>\n<li><strong>T\u00edtulo de la tesis:<\/strong>\u00a0 El art. 78 del c\u00f3digo penal: funcionamiento t\u00e9cnico-jur\u00eddico y problemas constitucionales <\/li>\n<li><strong>Autor:<\/strong>\u00a0  Herero Albeldo M. Esperanza <\/li>\n<li><strong>Universidad:<\/strong>\u00a0 Universitat de val\u00e9ncia (estudi general)<\/li>\n<li><strong>Fecha de lectura de la tesis:<\/strong>\u00a0 01\/03\/2003<\/li>\n<\/ul>\n<p>&nbsp;<\/p>\n<h3>Direcci\u00f3n y tribunal<\/h3>\n<ul>\n<li><strong>Director de la tesis<\/strong>\n<ul>\n<li>Javier Boix Reig<\/li>\n<\/ul>\n<\/li>\n<li><strong>Tribunal<\/strong>\n<ul>\n<li>Presidente del tribunal: enrique Orts berenguer <\/li>\n<li> Sanz mor\u00e1n \u00e1ngel Jos\u00e9 (vocal)<\/li>\n<li> Gonz\u00e1lez cussac Jos\u00e9 Luis (vocal)<\/li>\n<li>silvia Barona vilar (vocal)<\/li>\n<\/ul>\n<\/li>\n<\/ul>\n<p>&nbsp;<\/p>\n","protected":false},"excerpt":{"rendered":"<p>Tesis doctoral de Herero Albeldo M. Esperanza En esta tesis doctoral se aborda el an\u00e1lisis del art\u00edculo 78 del c\u00f3digo [&hellip;]<\/p>\n","protected":false},"author":1,"featured_media":0,"comment_status":"open","ping_status":"open","sticky":false,"template":"","format":"standard","meta":{"site-sidebar-layout":"default","site-content-layout":"","ast-site-content-layout":"","site-content-style":"default","site-sidebar-style":"default","ast-global-header-display":"","ast-banner-title-visibility":"","ast-main-header-display":"","ast-hfb-above-header-display":"","ast-hfb-below-header-display":"","ast-hfb-mobile-header-display":"","site-post-title":"","ast-breadcrumbs-content":"","ast-featured-img":"","footer-sml-layout":"","theme-transparent-header-meta":"","adv-header-id-meta":"","stick-header-meta":"","header-above-stick-meta":"","header-main-stick-meta":"","header-below-stick-meta":"","astra-migrate-meta-layouts":"default","ast-page-background-enabled":"default","ast-page-background-meta":{"desktop":{"background-color":"var(--ast-global-color-4)","background-image":"","background-repeat":"repeat","background-position":"center center","background-size":"auto","background-attachment":"scroll","background-type":"","background-media":"","overlay-type":"","overlay-color":"","overlay-gradient":""},"tablet":{"background-color":"","background-image":"","background-repeat":"repeat","background-position":"center center","background-size":"auto","background-attachment":"scroll","background-type":"","background-media":"","overlay-type":"","overlay-color":"","overlay-gradient":""},"mobile":{"background-color":"","background-image":"","background-repeat":"repeat","background-position":"center center","background-size":"auto","background-attachment":"scroll","background-type":"","background-media":"","overlay-type":"","overlay-color":"","overlay-gradient":""}},"ast-content-background-meta":{"desktop":{"background-color":"var(--ast-global-color-5)","background-image":"","background-repeat":"repeat","background-position":"center center","background-size":"auto","background-attachment":"scroll","background-type":"","background-media":"","overlay-type":"","overlay-color":"","overlay-gradient":""},"tablet":{"background-color":"var(--ast-global-color-5)","background-image":"","background-repeat":"repeat","background-position":"center center","background-size":"auto","background-attachment":"scroll","background-type":"","background-media":"","overlay-type":"","overlay-color":"","overlay-gradient":""},"mobile":{"background-color":"var(--ast-global-color-5)","background-image":"","background-repeat":"repeat","background-position":"center center","background-size":"auto","background-attachment":"scroll","background-type":"","background-media":"","overlay-type":"","overlay-color":"","overlay-gradient":""}},"footnotes":""},"categories":[1],"tags":[9844,18315,65780,11923,45167,44053],"class_list":["post-21893","post","type-post","status-publish","format-standard","hentry","category-sin-categoria","tag-enrique-orts-berenguer","tag-gonzalez-cussac-jose-luis","tag-herero-albeldo-m-esperanza","tag-javier-boix-reig","tag-sanz-moran-angel-jose","tag-silvia-barona-vilar"],"_links":{"self":[{"href":"https:\/\/www.deberes.net\/tesis\/wp-json\/wp\/v2\/posts\/21893","targetHints":{"allow":["GET"]}}],"collection":[{"href":"https:\/\/www.deberes.net\/tesis\/wp-json\/wp\/v2\/posts"}],"about":[{"href":"https:\/\/www.deberes.net\/tesis\/wp-json\/wp\/v2\/types\/post"}],"author":[{"embeddable":true,"href":"https:\/\/www.deberes.net\/tesis\/wp-json\/wp\/v2\/users\/1"}],"replies":[{"embeddable":true,"href":"https:\/\/www.deberes.net\/tesis\/wp-json\/wp\/v2\/comments?post=21893"}],"version-history":[{"count":0,"href":"https:\/\/www.deberes.net\/tesis\/wp-json\/wp\/v2\/posts\/21893\/revisions"}],"wp:attachment":[{"href":"https:\/\/www.deberes.net\/tesis\/wp-json\/wp\/v2\/media?parent=21893"}],"wp:term":[{"taxonomy":"category","embeddable":true,"href":"https:\/\/www.deberes.net\/tesis\/wp-json\/wp\/v2\/categories?post=21893"},{"taxonomy":"post_tag","embeddable":true,"href":"https:\/\/www.deberes.net\/tesis\/wp-json\/wp\/v2\/tags?post=21893"}],"curies":[{"name":"wp","href":"https:\/\/api.w.org\/{rel}","templated":true}]}}