{"id":21939,"date":"2003-06-03T00:00:00","date_gmt":"2003-06-03T00:00:00","guid":{"rendered":"https:\/\/www.deberes.net\/tesis\/sin-categoria\/la-estrategia-territorial-europea-la-percepcion-comunitaria-del-uso-del-territorio\/"},"modified":"2003-06-03T00:00:00","modified_gmt":"2003-06-03T00:00:00","slug":"la-estrategia-territorial-europea-la-percepcion-comunitaria-del-uso-del-territorio","status":"publish","type":"post","link":"https:\/\/www.deberes.net\/tesis\/carlos-iii-de-madrid\/la-estrategia-territorial-europea-la-percepcion-comunitaria-del-uso-del-territorio\/","title":{"rendered":"La estrategia territorial europea. la percepcion comunitaria del uso del territorio"},"content":{"rendered":"<h2>Tesis doctoral de <strong> M. Teresa Parejo Navajas <\/strong><\/h2>\n<p>La importancia del territorio como recurso limitado y estrat\u00e9gico provoca reticencias en los estados miembros en relaci\u00f3n con la extensi\u00f3n de la acci\u00f3n de la comunidad europea en materia de ordenaci\u00f3n del territorio. por eso, la \u00abpol\u00edtica de ordenaci\u00f3n del territorio\u00bb a escala comunitaria -al menos en lo que hoy es previsible- s\u00f3lo podr\u00e1 desarrollarse en el marco de una coordinaci\u00f3n abierta y voluntaria como la que propone la estrategia territorial europea, y sobre la base del nuevo \u00abvalor transversal\u00bb que representa la organizaci\u00f3n racional del territorio; valor al que han de responder todas las actuaciones territoriales con impacto sobre el territorio, para lograr superar los efectos negativos de una planificaci\u00f3n de car\u00e1cter sectorial y descoordinada.La tesis doctoral pretende, as\u00ed, contribuir a la difusi\u00f3n de la existencia de una \u00abpol\u00edtica\u00bb de ordenaci\u00f3n del territorio comunitaria que produce un impacto en la elaboraci\u00f3n de las pol\u00edticas sectoriales de la comunidad y de los estados miembros a trav\u00e9s de la influencia que sobre los mismos provoca el documento de la estrategia territorial europea, cuya consistencia jur\u00eddica se traduce en un acto jur\u00eddico complejo, privado de imperatividad, pero dotado de una indiscutible eficacia.Se trata, en todo caso, de un novedoso modus operandi de la comunidad europea que da lugar a una paradoja, usual, de otro lado, en la comunidad, al no prever el tratado competencia en materia de ordenaci\u00f3n del territorio. Y as\u00ed ser\u00e1 inevitable, por la propia l\u00f3gica del proceso, y de ah\u00ed el inter\u00e9s que este trabajo de investigaci\u00f3n viene suscitando entre profesores de diferentes \u00e1reas cient\u00edficas, que el avance de la integraci\u00f3n suponga la consolidaci\u00f3n de esta \u00abpol\u00edtica\u00bb, si no en t\u00e9rminos de planificaci\u00f3n territorial (lo que no es deseable ni predecible si tenemos el cuenta el proceso \u00abconstituyente\u00bb europeo actual y su \u00e9nfasis en los principios de subsidiariedad y proporcion<\/p>\n<p>&nbsp;<\/p>\n<h3>Datos acad\u00e9micos de la tesis doctoral \u00ab<strong>La estrategia territorial europea. la percepcion comunitaria del uso del territorio<\/strong>\u00ab<\/h3>\n<ul>\n<li><strong>T\u00edtulo de la tesis:<\/strong>\u00a0 La estrategia territorial europea. la percepcion comunitaria del uso del territorio <\/li>\n<li><strong>Autor:<\/strong>\u00a0 M. Teresa Parejo Navajas <\/li>\n<li><strong>Universidad:<\/strong>\u00a0 Carlos III de Madrid<\/li>\n<li><strong>Fecha de lectura de la tesis:<\/strong>\u00a0 06\/03\/2003<\/li>\n<\/ul>\n<p>&nbsp;<\/p>\n<h3>Direcci\u00f3n y tribunal<\/h3>\n<ul>\n<li><strong>Director de la tesis<\/strong>\n<ul>\n<li>Agust\u00edn De As\u00eds Roig<\/li>\n<\/ul>\n<\/li>\n<li><strong>Tribunal<\/strong>\n<ul>\n<li>Presidente del tribunal: tom\u00e1s De la quadra-salcedo fern\u00e1ndez del castillo <\/li>\n<li> Subra de bieusses pierre (vocal)<\/li>\n<li>Antonio Jim\u00e9nez blanco carrillo de albornoz (vocal)<\/li>\n<li>christian Pielow johann (vocal)<\/li>\n<\/ul>\n<\/li>\n<\/ul>\n<p>&nbsp;<\/p>\n","protected":false},"excerpt":{"rendered":"<p>Tesis doctoral de M. Teresa Parejo Navajas La importancia del territorio como recurso limitado y estrat\u00e9gico provoca reticencias en los [&hellip;]<\/p>\n","protected":false},"author":1,"featured_media":0,"comment_status":"open","ping_status":"open","sticky":false,"template":"","format":"standard","meta":{"site-sidebar-layout":"default","site-content-layout":"","ast-site-content-layout":"","site-content-style":"default","site-sidebar-style":"default","ast-global-header-display":"","ast-banner-title-visibility":"","ast-main-header-display":"","ast-hfb-above-header-display":"","ast-hfb-below-header-display":"","ast-hfb-mobile-header-display":"","site-post-title":"","ast-breadcrumbs-content":"","ast-featured-img":"","footer-sml-layout":"","theme-transparent-header-meta":"","adv-header-id-meta":"","stick-header-meta":"","header-above-stick-meta":"","header-main-stick-meta":"","header-below-stick-meta":"","astra-migrate-meta-layouts":"default","ast-page-background-enabled":"default","ast-page-background-meta":{"desktop":{"background-color":"var(--ast-global-color-4)","background-image":"","background-repeat":"repeat","background-position":"center center","background-size":"auto","background-attachment":"scroll","background-type":"","background-media":"","overlay-type":"","overlay-color":"","overlay-gradient":""},"tablet":{"background-color":"","background-image":"","background-repeat":"repeat","background-position":"center center","background-size":"auto","background-attachment":"scroll","background-type":"","background-media":"","overlay-type":"","overlay-color":"","overlay-gradient":""},"mobile":{"background-color":"","background-image":"","background-repeat":"repeat","background-position":"center center","background-size":"auto","background-attachment":"scroll","background-type":"","background-media":"","overlay-type":"","overlay-color":"","overlay-gradient":""}},"ast-content-background-meta":{"desktop":{"background-color":"var(--ast-global-color-5)","background-image":"","background-repeat":"repeat","background-position":"center center","background-size":"auto","background-attachment":"scroll","background-type":"","background-media":"","overlay-type":"","overlay-color":"","overlay-gradient":""},"tablet":{"background-color":"var(--ast-global-color-5)","background-image":"","background-repeat":"repeat","background-position":"center center","background-size":"auto","background-attachment":"scroll","background-type":"","background-media":"","overlay-type":"","overlay-color":"","overlay-gradient":""},"mobile":{"background-color":"var(--ast-global-color-5)","background-image":"","background-repeat":"repeat","background-position":"center center","background-size":"auto","background-attachment":"scroll","background-type":"","background-media":"","overlay-type":"","overlay-color":"","overlay-gradient":""}},"footnotes":""},"categories":[18550],"tags":[22662,18553,65886,65884,65885,37574],"class_list":["post-21939","post","type-post","status-publish","format-standard","hentry","category-carlos-iii-de-madrid","tag-agustin-de-asis-roig","tag-antonio-jimenez-blanco-carrillo-de-albornoz","tag-christian-pielow-johann","tag-m-teresa-parejo-navajas","tag-subra-de-bieusses-pierre","tag-tomas-de-la-quadra-salcedo-fernandez-del-castillo"],"_links":{"self":[{"href":"https:\/\/www.deberes.net\/tesis\/wp-json\/wp\/v2\/posts\/21939","targetHints":{"allow":["GET"]}}],"collection":[{"href":"https:\/\/www.deberes.net\/tesis\/wp-json\/wp\/v2\/posts"}],"about":[{"href":"https:\/\/www.deberes.net\/tesis\/wp-json\/wp\/v2\/types\/post"}],"author":[{"embeddable":true,"href":"https:\/\/www.deberes.net\/tesis\/wp-json\/wp\/v2\/users\/1"}],"replies":[{"embeddable":true,"href":"https:\/\/www.deberes.net\/tesis\/wp-json\/wp\/v2\/comments?post=21939"}],"version-history":[{"count":0,"href":"https:\/\/www.deberes.net\/tesis\/wp-json\/wp\/v2\/posts\/21939\/revisions"}],"wp:attachment":[{"href":"https:\/\/www.deberes.net\/tesis\/wp-json\/wp\/v2\/media?parent=21939"}],"wp:term":[{"taxonomy":"category","embeddable":true,"href":"https:\/\/www.deberes.net\/tesis\/wp-json\/wp\/v2\/categories?post=21939"},{"taxonomy":"post_tag","embeddable":true,"href":"https:\/\/www.deberes.net\/tesis\/wp-json\/wp\/v2\/tags?post=21939"}],"curies":[{"name":"wp","href":"https:\/\/api.w.org\/{rel}","templated":true}]}}