{"id":21940,"date":"2003-06-03T00:00:00","date_gmt":"2003-06-03T00:00:00","guid":{"rendered":"https:\/\/www.deberes.net\/tesis\/sin-categoria\/la-sociedad-civil-virtuosa-adam-ferguson-y-el-pensamiento-ilustrado-escoces\/"},"modified":"2003-06-03T00:00:00","modified_gmt":"2003-06-03T00:00:00","slug":"la-sociedad-civil-virtuosa-adam-ferguson-y-el-pensamiento-ilustrado-escoces","status":"publish","type":"post","link":"https:\/\/www.deberes.net\/tesis\/carlos-iii-de-madrid\/la-sociedad-civil-virtuosa-adam-ferguson-y-el-pensamiento-ilustrado-escoces\/","title":{"rendered":"La sociedad civil virtuosa. adam ferguson y el pensamiento ilustrado escoces"},"content":{"rendered":"<h2>Tesis doctoral de <strong> M. Isabel Wences Simon <\/strong><\/h2>\n<p>El objeto de la presente tesis consiste en exponer la idea de sociedad civil en adam ferguson, tanto en su dimensi\u00f3n conceptual como hist\u00f3rica, destacando la originalidad de su planteamiento y defendiendo la utilidad de su contribuci\u00f3n al pensamiento pol\u00edtico. El alcance de este prop\u00f3sito se encuentra directamente relacionado con los rasgos fundamentales del movimiento intelectual que se conoce como la ilustraci\u00f3n escocesa. En este sentido, habr\u00eda que destacar que si bien se abordan temas que se pueden encontrar en una historia de las ideas pol\u00edticas ilustradas, la intenci\u00f3n aqu\u00ed tiene un objetivo m\u00e1s espec\u00edfico, a un tiempo m\u00e1s ce\u00f1ido y, a la vez, m\u00e1s amplio. M\u00e1s ce\u00f1ido porque se excluyen nombres y tem\u00e1ticas que no podr\u00edan faltar en un an\u00e1lisis exhaustivo del pensamiento ilustrado o en una reconstrucci\u00f3n te\u00f3rico-pol\u00edtica del concepto de sociedad civil. Y m\u00e1s amplio por dos razones. en primer lugar, porque se ha construido un minucioso entramado conceptual que se ha denominado el \u00abm\u00e9todo escoc\u00e9s\u00bb y que ha sido detalladamente elaborado mediante los fundamentos de la teor\u00eda social de este pensamiento ilustrado. en segundo lugar, porque a partir de ambas particularidades se analiza, de manera pormenorizada, la idea de sociedad civil que desarrolla ferguson y se reconstruye la singularidad de su aportaci\u00f3n a la teor\u00eda pol\u00edtica.<\/p>\n<p>&nbsp;<\/p>\n<h3>Datos acad\u00e9micos de la tesis doctoral \u00ab<strong>La sociedad civil virtuosa. adam ferguson y el pensamiento ilustrado escoces<\/strong>\u00ab<\/h3>\n<ul>\n<li><strong>T\u00edtulo de la tesis:<\/strong>\u00a0 La sociedad civil virtuosa. adam ferguson y el pensamiento ilustrado escoces <\/li>\n<li><strong>Autor:<\/strong>\u00a0 M. Isabel Wences Simon <\/li>\n<li><strong>Universidad:<\/strong>\u00a0 Carlos III de Madrid<\/li>\n<li><strong>Fecha de lectura de la tesis:<\/strong>\u00a0 06\/03\/2003<\/li>\n<\/ul>\n<p>&nbsp;<\/p>\n<h3>Direcci\u00f3n y tribunal<\/h3>\n<ul>\n<li><strong>Director de la tesis<\/strong>\n<ul>\n<li>Eusebio Fernandez Garcia<\/li>\n<\/ul>\n<\/li>\n<li><strong>Tribunal<\/strong>\n<ul>\n<li>Presidente del tribunal: gregorio Peces barba mart\u00ednez <\/li>\n<li> Martinez garcia Jes\u00fas ignacio (vocal)<\/li>\n<li>Fernando Vallespin o\u00f1a (vocal)<\/li>\n<li>carmen Iglesias cano (vocal)<\/li>\n<\/ul>\n<\/li>\n<\/ul>\n<p>&nbsp;<\/p>\n","protected":false},"excerpt":{"rendered":"<p>Tesis doctoral de M. Isabel Wences Simon El objeto de la presente tesis consiste en exponer la idea de sociedad [&hellip;]<\/p>\n","protected":false},"author":1,"featured_media":0,"comment_status":"open","ping_status":"open","sticky":false,"template":"","format":"standard","meta":{"site-sidebar-layout":"default","site-content-layout":"","ast-site-content-layout":"","site-content-style":"default","site-sidebar-style":"default","ast-global-header-display":"","ast-banner-title-visibility":"","ast-main-header-display":"","ast-hfb-above-header-display":"","ast-hfb-below-header-display":"","ast-hfb-mobile-header-display":"","site-post-title":"","ast-breadcrumbs-content":"","ast-featured-img":"","footer-sml-layout":"","theme-transparent-header-meta":"","adv-header-id-meta":"","stick-header-meta":"","header-above-stick-meta":"","header-main-stick-meta":"","header-below-stick-meta":"","astra-migrate-meta-layouts":"default","ast-page-background-enabled":"default","ast-page-background-meta":{"desktop":{"background-color":"var(--ast-global-color-4)","background-image":"","background-repeat":"repeat","background-position":"center center","background-size":"auto","background-attachment":"scroll","background-type":"","background-media":"","overlay-type":"","overlay-color":"","overlay-gradient":""},"tablet":{"background-color":"","background-image":"","background-repeat":"repeat","background-position":"center center","background-size":"auto","background-attachment":"scroll","background-type":"","background-media":"","overlay-type":"","overlay-color":"","overlay-gradient":""},"mobile":{"background-color":"","background-image":"","background-repeat":"repeat","background-position":"center center","background-size":"auto","background-attachment":"scroll","background-type":"","background-media":"","overlay-type":"","overlay-color":"","overlay-gradient":""}},"ast-content-background-meta":{"desktop":{"background-color":"var(--ast-global-color-5)","background-image":"","background-repeat":"repeat","background-position":"center center","background-size":"auto","background-attachment":"scroll","background-type":"","background-media":"","overlay-type":"","overlay-color":"","overlay-gradient":""},"tablet":{"background-color":"var(--ast-global-color-5)","background-image":"","background-repeat":"repeat","background-position":"center center","background-size":"auto","background-attachment":"scroll","background-type":"","background-media":"","overlay-type":"","overlay-color":"","overlay-gradient":""},"mobile":{"background-color":"var(--ast-global-color-5)","background-image":"","background-repeat":"repeat","background-position":"center center","background-size":"auto","background-attachment":"scroll","background-type":"","background-media":"","overlay-type":"","overlay-color":"","overlay-gradient":""}},"footnotes":""},"categories":[18550],"tags":[18570,3198,15164,3196,65887,11365],"class_list":["post-21940","post","type-post","status-publish","format-standard","hentry","category-carlos-iii-de-madrid","tag-carmen-iglesias-cano","tag-eusebio-fernandez-garcia","tag-fernando-vallespin-ona","tag-gregorio-peces-barba-Martinez","tag-m-isabel-wences-simon","tag-Martinez-garcia-jesus-ignacio"],"_links":{"self":[{"href":"https:\/\/www.deberes.net\/tesis\/wp-json\/wp\/v2\/posts\/21940","targetHints":{"allow":["GET"]}}],"collection":[{"href":"https:\/\/www.deberes.net\/tesis\/wp-json\/wp\/v2\/posts"}],"about":[{"href":"https:\/\/www.deberes.net\/tesis\/wp-json\/wp\/v2\/types\/post"}],"author":[{"embeddable":true,"href":"https:\/\/www.deberes.net\/tesis\/wp-json\/wp\/v2\/users\/1"}],"replies":[{"embeddable":true,"href":"https:\/\/www.deberes.net\/tesis\/wp-json\/wp\/v2\/comments?post=21940"}],"version-history":[{"count":0,"href":"https:\/\/www.deberes.net\/tesis\/wp-json\/wp\/v2\/posts\/21940\/revisions"}],"wp:attachment":[{"href":"https:\/\/www.deberes.net\/tesis\/wp-json\/wp\/v2\/media?parent=21940"}],"wp:term":[{"taxonomy":"category","embeddable":true,"href":"https:\/\/www.deberes.net\/tesis\/wp-json\/wp\/v2\/categories?post=21940"},{"taxonomy":"post_tag","embeddable":true,"href":"https:\/\/www.deberes.net\/tesis\/wp-json\/wp\/v2\/tags?post=21940"}],"curies":[{"name":"wp","href":"https:\/\/api.w.org\/{rel}","templated":true}]}}