{"id":21947,"date":"2003-07-03T00:00:00","date_gmt":"2003-07-03T00:00:00","guid":{"rendered":"https:\/\/www.deberes.net\/tesis\/sin-categoria\/el-tratado-de-madrid-de-1750-la-expulsion-de-la-compana%c2%ada-de-jesus-y-las-repercusiones-en-los-siete-pueblos-guarana%c2%ades-de-la-parte-oriental-del-ra%c2%ado-paraguay\/"},"modified":"2003-07-03T00:00:00","modified_gmt":"2003-07-03T00:00:00","slug":"el-tratado-de-madrid-de-1750-la-expulsion-de-la-compana%c2%ada-de-jesus-y-las-repercusiones-en-los-siete-pueblos-guarana%c2%ades-de-la-parte-oriental-del-ra%c2%ado-paraguay","status":"publish","type":"post","link":"https:\/\/www.deberes.net\/tesis\/historia\/el-tratado-de-madrid-de-1750-la-expulsion-de-la-compana%c2%ada-de-jesus-y-las-repercusiones-en-los-siete-pueblos-guarana%c2%ades-de-la-parte-oriental-del-ra%c2%ado-paraguay\/","title":{"rendered":"El tratado de Madrid de 1750: la expulsi\u00f3n de la compa\u00f1\u00edade jes\u00fas y las repercusiones en los siete pueblos guaran\u00edes de la parte oriental del r\u00edo paraguay"},"content":{"rendered":"<h2>Tesis doctoral de <strong>  Braga Machado Carmen Regina <\/strong><\/h2>\n<p>En la presente investigaci\u00f3n hacemos el estudio de la influencia del tratado de l\u00edmites de 1750, firmado por espa\u00f1a y portugal con el objetivo de poner fin a las frecuentes disputas territoriales entre las dos coronas en tierras de am\u00e9rica.  bas\u00e1ndonos en estos fondos, verificamos el impacto que tuvo la firma del tratado de l\u00edmites en la comunidad guarante. Analizamos la formaci\u00f3n de los siete pueblos en el llamado segundo ciclo de las misiones (1682-1768); el trabajo misionero desarrollado con los guarantes; la influencia que ruvieron en la formaci\u00f3n hist\u00f3rica del r\u00edo grande del sur; el trabajo y las dificultades que tuvieron los misioneros con los mencionados pueblos; las acusaciones que lanzaron los opositores de los jesuitas, y las defensas que tuvieron los padres de la compa\u00f1\u00eda de jes\u00fas en europa y en am\u00e9rica.  finalizamos con el an\u00e1lisis de las reducciones bajo el nuevo r\u00e9gimen, los resultados que obtuvieron las nuevas \u00f3rdenes religiosas y los nuevos administradores junto a los indios guaran\u00edes; terminando con el total abandono y las ruinas de las misiones de los siete pueblos.  concluimos que el tratado de l\u00edmites en su fracasada tarea de poner fin a las disputas entre espa\u00f1a y portugal, represent\u00f3 el marco inicial y determinante para la expulsi\u00f3n de los jesuitas de los siete pueblos, y posterior decadencia y ruinas de las misiones. Entendemos el tratado como parte integrante de un proceso de mudanzas que ocurrieron en toda europa, y que tuvo su fundamento en la filosof\u00eda iluminista.<\/p>\n<p>&nbsp;<\/p>\n<h3>Datos acad\u00e9micos de la tesis doctoral \u00ab<strong>El tratado de Madrid de 1750: la expulsi\u00f3n de la compa\u00f1\u00edade jes\u00fas y las repercusiones en los siete pueblos guaran\u00edes de la parte oriental del r\u00edo paraguay<\/strong>\u00ab<\/h3>\n<ul>\n<li><strong>T\u00edtulo de la tesis:<\/strong>\u00a0 El tratado de Madrid de 1750: la expulsi\u00f3n de la compa\u00f1\u00edade jes\u00fas y las repercusiones en los siete pueblos guaran\u00edes de la parte oriental del r\u00edo paraguay <\/li>\n<li><strong>Autor:<\/strong>\u00a0  Braga Machado Carmen Regina <\/li>\n<li><strong>Universidad:<\/strong>\u00a0 C\u00f3rdoba<\/li>\n<li><strong>Fecha de lectura de la tesis:<\/strong>\u00a0 07\/03\/2003<\/li>\n<\/ul>\n<p>&nbsp;<\/p>\n<h3>Direcci\u00f3n y tribunal<\/h3>\n<ul>\n<li><strong>Director de la tesis<\/strong>\n<ul>\n<li>abasolo Gonzalez Garcia<\/li>\n<\/ul>\n<\/li>\n<li><strong>Tribunal<\/strong>\n<ul>\n<li>Presidente del tribunal:  Prieto lucena Ana Mar\u00eda <\/li>\n<li>Jos\u00e9 Hern\u00e1ndez palomo (vocal)<\/li>\n<li>Mar\u00eda no Cuesta domingo (vocal)<\/li>\n<li>isabel Arenas frutos (vocal)<\/li>\n<\/ul>\n<\/li>\n<\/ul>\n<p>&nbsp;<\/p>\n","protected":false},"excerpt":{"rendered":"<p>Tesis doctoral de Braga Machado Carmen Regina En la presente investigaci\u00f3n hacemos el estudio de la influencia del tratado de [&hellip;]<\/p>\n","protected":false},"author":1,"featured_media":0,"comment_status":"open","ping_status":"open","sticky":false,"template":"","format":"standard","meta":{"site-sidebar-layout":"default","site-content-layout":"","ast-site-content-layout":"","site-content-style":"default","site-sidebar-style":"default","ast-global-header-display":"","ast-banner-title-visibility":"","ast-main-header-display":"","ast-hfb-above-header-display":"","ast-hfb-below-header-display":"","ast-hfb-mobile-header-display":"","site-post-title":"","ast-breadcrumbs-content":"","ast-featured-img":"","footer-sml-layout":"","theme-transparent-header-meta":"","adv-header-id-meta":"","stick-header-meta":"","header-above-stick-meta":"","header-main-stick-meta":"","header-below-stick-meta":"","astra-migrate-meta-layouts":"default","ast-page-background-enabled":"default","ast-page-background-meta":{"desktop":{"background-color":"var(--ast-global-color-4)","background-image":"","background-repeat":"repeat","background-position":"center center","background-size":"auto","background-attachment":"scroll","background-type":"","background-media":"","overlay-type":"","overlay-color":"","overlay-gradient":""},"tablet":{"background-color":"","background-image":"","background-repeat":"repeat","background-position":"center center","background-size":"auto","background-attachment":"scroll","background-type":"","background-media":"","overlay-type":"","overlay-color":"","overlay-gradient":""},"mobile":{"background-color":"","background-image":"","background-repeat":"repeat","background-position":"center center","background-size":"auto","background-attachment":"scroll","background-type":"","background-media":"","overlay-type":"","overlay-color":"","overlay-gradient":""}},"ast-content-background-meta":{"desktop":{"background-color":"var(--ast-global-color-5)","background-image":"","background-repeat":"repeat","background-position":"center center","background-size":"auto","background-attachment":"scroll","background-type":"","background-media":"","overlay-type":"","overlay-color":"","overlay-gradient":""},"tablet":{"background-color":"var(--ast-global-color-5)","background-image":"","background-repeat":"repeat","background-position":"center center","background-size":"auto","background-attachment":"scroll","background-type":"","background-media":"","overlay-type":"","overlay-color":"","overlay-gradient":""},"mobile":{"background-color":"var(--ast-global-color-5)","background-image":"","background-repeat":"repeat","background-position":"center center","background-size":"auto","background-attachment":"scroll","background-type":"","background-media":"","overlay-type":"","overlay-color":"","overlay-gradient":""}},"footnotes":""},"categories":[973,104,1816,6049,639,220],"tags":[65908,65907,65910,11071,23927,65909],"class_list":["post-21947","post","type-post","status-publish","format-standard","hentry","category-cordoba","category-historia","category-historia-contemporanea","category-historia-contemporanea-del-area-americana","category-historia-de-paises","category-historia-por-epocas","tag-abasolo-gonzalez-garcia","tag-braga-machado-carmen-regina","tag-isabel-arenas-frutos","tag-jose-hernandez-palomo","tag-maria-no-cuesta-domingo","tag-prieto-lucena-ana-maria"],"_links":{"self":[{"href":"https:\/\/www.deberes.net\/tesis\/wp-json\/wp\/v2\/posts\/21947","targetHints":{"allow":["GET"]}}],"collection":[{"href":"https:\/\/www.deberes.net\/tesis\/wp-json\/wp\/v2\/posts"}],"about":[{"href":"https:\/\/www.deberes.net\/tesis\/wp-json\/wp\/v2\/types\/post"}],"author":[{"embeddable":true,"href":"https:\/\/www.deberes.net\/tesis\/wp-json\/wp\/v2\/users\/1"}],"replies":[{"embeddable":true,"href":"https:\/\/www.deberes.net\/tesis\/wp-json\/wp\/v2\/comments?post=21947"}],"version-history":[{"count":0,"href":"https:\/\/www.deberes.net\/tesis\/wp-json\/wp\/v2\/posts\/21947\/revisions"}],"wp:attachment":[{"href":"https:\/\/www.deberes.net\/tesis\/wp-json\/wp\/v2\/media?parent=21947"}],"wp:term":[{"taxonomy":"category","embeddable":true,"href":"https:\/\/www.deberes.net\/tesis\/wp-json\/wp\/v2\/categories?post=21947"},{"taxonomy":"post_tag","embeddable":true,"href":"https:\/\/www.deberes.net\/tesis\/wp-json\/wp\/v2\/tags?post=21947"}],"curies":[{"name":"wp","href":"https:\/\/api.w.org\/{rel}","templated":true}]}}