{"id":22020,"date":"2003-10-03T00:00:00","date_gmt":"2003-10-03T00:00:00","guid":{"rendered":"https:\/\/www.deberes.net\/tesis\/sin-categoria\/industrias-carnicas-territorio-y-desarrollo-en-sierra-morena\/"},"modified":"2003-10-03T00:00:00","modified_gmt":"2003-10-03T00:00:00","slug":"industrias-carnicas-territorio-y-desarrollo-en-sierra-morena","status":"publish","type":"post","link":"https:\/\/www.deberes.net\/tesis\/huelva\/industrias-carnicas-territorio-y-desarrollo-en-sierra-morena\/","title":{"rendered":"Industrias carnicas, territorio y desarrollo en sierra morena"},"content":{"rendered":"<h2>Tesis doctoral de <strong> Francisco Javier Garcia Delgado <\/strong><\/h2>\n<p>La hip\u00f3tesis de trabajo parte de la idea de que las industrias c\u00e1rnicas constituyen en la actualidad una baza, importante para el desarrollo de la sierra morena occidental.  intervienen en este proceso elementos f\u00edsicos y humanos que determinan la localizaci\u00f3n de la industria c\u00e1rnica del cerdo ib\u00e9rico, pero se estudian la comercializaci\u00f3n, la calidad y el empleo.  fundamentalmente, se ha hecho un an\u00e1lisis y un diagn\u00f3stico del sector, teniendo en cuenta que este es uno de los pilares de desarrollo end\u00f3geno m\u00e1s importantes para el futuro de la zona.<\/p>\n<p>&nbsp;<\/p>\n<h3>Datos acad\u00e9micos de la tesis doctoral \u00ab<strong>Industrias carnicas, territorio y desarrollo en sierra morena<\/strong>\u00ab<\/h3>\n<ul>\n<li><strong>T\u00edtulo de la tesis:<\/strong>\u00a0 Industrias carnicas, territorio y desarrollo en sierra morena <\/li>\n<li><strong>Autor:<\/strong>\u00a0 Francisco Javier Garcia Delgado <\/li>\n<li><strong>Universidad:<\/strong>\u00a0 Huelva<\/li>\n<li><strong>Fecha de lectura de la tesis:<\/strong>\u00a0 10\/03\/2003<\/li>\n<\/ul>\n<p>&nbsp;<\/p>\n<h3>Direcci\u00f3n y tribunal<\/h3>\n<ul>\n<li><strong>Director de la tesis<\/strong>\n<ul>\n<li>Juan  Antonio M\u00e1rquez Dom\u00ednguez<\/li>\n<\/ul>\n<\/li>\n<li><strong>Tribunal<\/strong>\n<ul>\n<li>Presidente del tribunal: gabriel Cano garcia <\/li>\n<li>Antonio Maya frades (vocal)<\/li>\n<li>rosa Mar\u00eda Jord\u00e1 borrell (vocal)<\/li>\n<li>rub\u00e9n Lois Garc\u00eda (vocal)<\/li>\n<\/ul>\n<\/li>\n<\/ul>\n<p>&nbsp;<\/p>\n","protected":false},"excerpt":{"rendered":"<p>Tesis doctoral de Francisco Javier Garcia Delgado La hip\u00f3tesis de trabajo parte de la idea de que las industrias c\u00e1rnicas [&hellip;]<\/p>\n","protected":false},"author":1,"featured_media":0,"comment_status":"open","ping_status":"open","sticky":false,"template":"","format":"standard","meta":{"site-sidebar-layout":"default","site-content-layout":"","ast-site-content-layout":"","site-content-style":"default","site-sidebar-style":"default","ast-global-header-display":"","ast-banner-title-visibility":"","ast-main-header-display":"","ast-hfb-above-header-display":"","ast-hfb-below-header-display":"","ast-hfb-mobile-header-display":"","site-post-title":"","ast-breadcrumbs-content":"","ast-featured-img":"","footer-sml-layout":"","theme-transparent-header-meta":"","adv-header-id-meta":"","stick-header-meta":"","header-above-stick-meta":"","header-main-stick-meta":"","header-below-stick-meta":"","astra-migrate-meta-layouts":"default","ast-page-background-enabled":"default","ast-page-background-meta":{"desktop":{"background-color":"var(--ast-global-color-4)","background-image":"","background-repeat":"repeat","background-position":"center center","background-size":"auto","background-attachment":"scroll","background-type":"","background-media":"","overlay-type":"","overlay-color":"","overlay-gradient":""},"tablet":{"background-color":"","background-image":"","background-repeat":"repeat","background-position":"center center","background-size":"auto","background-attachment":"scroll","background-type":"","background-media":"","overlay-type":"","overlay-color":"","overlay-gradient":""},"mobile":{"background-color":"","background-image":"","background-repeat":"repeat","background-position":"center center","background-size":"auto","background-attachment":"scroll","background-type":"","background-media":"","overlay-type":"","overlay-color":"","overlay-gradient":""}},"ast-content-background-meta":{"desktop":{"background-color":"var(--ast-global-color-5)","background-image":"","background-repeat":"repeat","background-position":"center center","background-size":"auto","background-attachment":"scroll","background-type":"","background-media":"","overlay-type":"","overlay-color":"","overlay-gradient":""},"tablet":{"background-color":"var(--ast-global-color-5)","background-image":"","background-repeat":"repeat","background-position":"center center","background-size":"auto","background-attachment":"scroll","background-type":"","background-media":"","overlay-type":"","overlay-color":"","overlay-gradient":""},"mobile":{"background-color":"var(--ast-global-color-5)","background-image":"","background-repeat":"repeat","background-position":"center center","background-size":"auto","background-attachment":"scroll","background-type":"","background-media":"","overlay-type":"","overlay-color":"","overlay-gradient":""}},"footnotes":""},"categories":[18975],"tags":[66091,66089,65798,66090,65797,66092],"class_list":["post-22020","post","type-post","status-publish","format-standard","hentry","category-huelva","tag-antonio-maya-frades","tag-francisco-javier-garcia-delgado","tag-gabriel-cano-garcia","tag-juan-antonio-marquez-dominguez","tag-rosa-maria-jorda-borrell","tag-ruben-lois-garcia"],"_links":{"self":[{"href":"https:\/\/www.deberes.net\/tesis\/wp-json\/wp\/v2\/posts\/22020","targetHints":{"allow":["GET"]}}],"collection":[{"href":"https:\/\/www.deberes.net\/tesis\/wp-json\/wp\/v2\/posts"}],"about":[{"href":"https:\/\/www.deberes.net\/tesis\/wp-json\/wp\/v2\/types\/post"}],"author":[{"embeddable":true,"href":"https:\/\/www.deberes.net\/tesis\/wp-json\/wp\/v2\/users\/1"}],"replies":[{"embeddable":true,"href":"https:\/\/www.deberes.net\/tesis\/wp-json\/wp\/v2\/comments?post=22020"}],"version-history":[{"count":0,"href":"https:\/\/www.deberes.net\/tesis\/wp-json\/wp\/v2\/posts\/22020\/revisions"}],"wp:attachment":[{"href":"https:\/\/www.deberes.net\/tesis\/wp-json\/wp\/v2\/media?parent=22020"}],"wp:term":[{"taxonomy":"category","embeddable":true,"href":"https:\/\/www.deberes.net\/tesis\/wp-json\/wp\/v2\/categories?post=22020"},{"taxonomy":"post_tag","embeddable":true,"href":"https:\/\/www.deberes.net\/tesis\/wp-json\/wp\/v2\/tags?post=22020"}],"curies":[{"name":"wp","href":"https:\/\/api.w.org\/{rel}","templated":true}]}}