{"id":22052,"date":"2018-03-09T09:12:05","date_gmt":"2018-03-09T09:12:05","guid":{"rendered":"https:\/\/www.deberes.net\/tesis\/sin-categoria\/diseno-de-procesadores-opticos-multicanal-aplicacion-al-procesado-de-texturas\/"},"modified":"2018-03-09T09:12:05","modified_gmt":"2018-03-09T09:12:05","slug":"diseno-de-procesadores-opticos-multicanal-aplicacion-al-procesado-de-texturas","status":"publish","type":"post","link":"https:\/\/www.deberes.net\/tesis\/sin-categoria\/diseno-de-procesadores-opticos-multicanal-aplicacion-al-procesado-de-texturas\/","title":{"rendered":"Dise\u00f1o de procesadores \u00f3pticos multicanal. aplicaci\u00f3n al procesado de texturas"},"content":{"rendered":"<h2>Tesis doctoral de <strong> Joaquim Barbe Farre <\/strong><\/h2>\n<p>En este se ha trabajado y se ha estudiado la adaptaci\u00f3n de tres procesores \u00f3pticos, ampliamente utilizados en el \u00e1rea para aplicarlos a tareas de caracterizaci\u00f3n, clasificaci\u00f3n, segmentaci\u00f3n y seudocoloraci\u00f3n de texturas. gracias a la velocidad de procesado de las arquitecturas propuestas dichas aplicaciones han podido implementarse para qu operen en tiempo real.  el primer procesador \u00f3ptico adaptado fue un difract\u00f3metro convergente, arquitectura basada en la del correlador de transformadas conjuntas (jtc). el procesador \u00f3ptico construido permiti\u00f3 obtener \u00f3pticamente el espectro de potencia de las im\u00e1genes de texturas utilizadas para los procesos de caracterizaci\u00f3n y clasificaci\u00f3n. Con el fin de poder cambiar din\u00e1micamente las im\u00e1genes en el procesador se utiliz\u00f3 un modulador de luz, configurando en amplitud, para su representaci\u00f3n. Los espectros de potencias, captados mediante una c\u00e1mara ccd, fueron digitalizados para realizar su an\u00e1lisis y procesado en el ordenador. Los otros dos procesadores utilizados fueron dos adaptaciones del correlador convergente. A diferencia del difract\u00f3metro convergente, este tipo de procesadores permiten conservar la localizaci\u00f3n en el dominio espacial de la informaci\u00f3n procesada, lo que permiti\u00f3 desarrollar adem\u00e1s de aplicaciones de caracterizaci\u00f3n y clasificaci\u00f3n de texturas, aplicaciones de seudocoloraci\u00f3n y segmentaci\u00f3n. La utilizaci\u00f3n de moduladores espaciales de luz para representar tanto la escena como los filtro permitieron cambiar ambas im\u00e1genes de forma din\u00e1mica. Con el fin de poder realizar las aplicaciones de procesado de texturas propuestas en tiempo real fue necesario modificar la arquitectura del correlador para que permitiera procesar m\u00e1s de un canal de forma paralela. Producto de esa necesidad se desarrollaron dos m\u00e9todos que permiten convertir un correlador \u00f3ptico en multicanal.  el primer m\u00e9todo propuesto utiliza luz monocrom\u00e1tica y se basa en aprovecha<\/p>\n<p>&nbsp;<\/p>\n<h3>Datos acad\u00e9micos de la tesis doctoral \u00ab<strong>Dise\u00f1o de procesadores \u00f3pticos multicanal. aplicaci\u00f3n al procesado de texturas<\/strong>\u00ab<\/h3>\n<ul>\n<li><strong>T\u00edtulo de la tesis:<\/strong>\u00a0 Dise\u00f1o de procesadores \u00f3pticos multicanal. aplicaci\u00f3n al procesado de texturas <\/li>\n<li><strong>Autor:<\/strong>\u00a0 Joaquim Barbe Farre <\/li>\n<li><strong>Universidad:<\/strong>\u00a0 Aut\u00f3noma de barcelona<\/li>\n<li><strong>Fecha de lectura de la tesis:<\/strong>\u00a0 13\/03\/2003<\/li>\n<\/ul>\n<p>&nbsp;<\/p>\n<h3>Direcci\u00f3n y tribunal<\/h3>\n<ul>\n<li><strong>Director de la tesis<\/strong>\n<ul>\n<li>Juan  Ignacio Pedro Campos Coloma<\/li>\n<\/ul>\n<\/li>\n<li><strong>Tribunal<\/strong>\n<ul>\n<li>Presidente del tribunal: Mar\u00eda  josefa Yzuel gimenez <\/li>\n<li>ignasi Juvells prades (vocal)<\/li>\n<li>Carlos Ferreira garcia (vocal)<\/li>\n<li>Mar\u00eda sagrario Mill\u00e1n Garc\u00eda-varela (vocal)<\/li>\n<\/ul>\n<\/li>\n<\/ul>\n<p>&nbsp;<\/p>\n","protected":false},"excerpt":{"rendered":"<p>Tesis doctoral de Joaquim Barbe Farre En este se ha trabajado y se ha estudiado la adaptaci\u00f3n de tres procesores [&hellip;]<\/p>\n","protected":false},"author":1,"featured_media":0,"comment_status":"open","ping_status":"open","sticky":false,"template":"","format":"standard","meta":{"site-sidebar-layout":"default","site-content-layout":"","ast-site-content-layout":"","site-content-style":"default","site-sidebar-style":"default","ast-global-header-display":"","ast-banner-title-visibility":"","ast-main-header-display":"","ast-hfb-above-header-display":"","ast-hfb-below-header-display":"","ast-hfb-mobile-header-display":"","site-post-title":"","ast-breadcrumbs-content":"","ast-featured-img":"","footer-sml-layout":"","theme-transparent-header-meta":"","adv-header-id-meta":"","stick-header-meta":"","header-above-stick-meta":"","header-main-stick-meta":"","header-below-stick-meta":"","astra-migrate-meta-layouts":"default","ast-page-background-enabled":"default","ast-page-background-meta":{"desktop":{"background-color":"var(--ast-global-color-4)","background-image":"","background-repeat":"repeat","background-position":"center center","background-size":"auto","background-attachment":"scroll","background-type":"","background-media":"","overlay-type":"","overlay-color":"","overlay-gradient":""},"tablet":{"background-color":"","background-image":"","background-repeat":"repeat","background-position":"center center","background-size":"auto","background-attachment":"scroll","background-type":"","background-media":"","overlay-type":"","overlay-color":"","overlay-gradient":""},"mobile":{"background-color":"","background-image":"","background-repeat":"repeat","background-position":"center center","background-size":"auto","background-attachment":"scroll","background-type":"","background-media":"","overlay-type":"","overlay-color":"","overlay-gradient":""}},"ast-content-background-meta":{"desktop":{"background-color":"var(--ast-global-color-5)","background-image":"","background-repeat":"repeat","background-position":"center center","background-size":"auto","background-attachment":"scroll","background-type":"","background-media":"","overlay-type":"","overlay-color":"","overlay-gradient":""},"tablet":{"background-color":"var(--ast-global-color-5)","background-image":"","background-repeat":"repeat","background-position":"center center","background-size":"auto","background-attachment":"scroll","background-type":"","background-media":"","overlay-type":"","overlay-color":"","overlay-gradient":""},"mobile":{"background-color":"var(--ast-global-color-5)","background-image":"","background-repeat":"repeat","background-position":"center center","background-size":"auto","background-attachment":"scroll","background-type":"","background-media":"","overlay-type":"","overlay-color":"","overlay-gradient":""}},"footnotes":""},"categories":[1],"tags":[11734,30328,66158,11938,7183,52243],"class_list":["post-22052","post","type-post","status-publish","format-standard","hentry","category-sin-categoria","tag-carlos-ferreira-garcia","tag-ignasi-juvells-prades","tag-joaquim-barbe-farre","tag-juan-ignacio-pedro-campos-coloma","tag-maria-josefa-yzuel-gimenez","tag-maria-sagrario-millan-garcia-varela"],"_links":{"self":[{"href":"https:\/\/www.deberes.net\/tesis\/wp-json\/wp\/v2\/posts\/22052","targetHints":{"allow":["GET"]}}],"collection":[{"href":"https:\/\/www.deberes.net\/tesis\/wp-json\/wp\/v2\/posts"}],"about":[{"href":"https:\/\/www.deberes.net\/tesis\/wp-json\/wp\/v2\/types\/post"}],"author":[{"embeddable":true,"href":"https:\/\/www.deberes.net\/tesis\/wp-json\/wp\/v2\/users\/1"}],"replies":[{"embeddable":true,"href":"https:\/\/www.deberes.net\/tesis\/wp-json\/wp\/v2\/comments?post=22052"}],"version-history":[{"count":0,"href":"https:\/\/www.deberes.net\/tesis\/wp-json\/wp\/v2\/posts\/22052\/revisions"}],"wp:attachment":[{"href":"https:\/\/www.deberes.net\/tesis\/wp-json\/wp\/v2\/media?parent=22052"}],"wp:term":[{"taxonomy":"category","embeddable":true,"href":"https:\/\/www.deberes.net\/tesis\/wp-json\/wp\/v2\/categories?post=22052"},{"taxonomy":"post_tag","embeddable":true,"href":"https:\/\/www.deberes.net\/tesis\/wp-json\/wp\/v2\/tags?post=22052"}],"curies":[{"name":"wp","href":"https:\/\/api.w.org\/{rel}","templated":true}]}}