{"id":22075,"date":"2018-03-09T09:12:06","date_gmt":"2018-03-09T09:12:06","guid":{"rendered":"https:\/\/www.deberes.net\/tesis\/sin-categoria\/la-erradicacion-del-paludismo-en-espana-aspectos-biologicos-de-la-lucha-antipaludica\/"},"modified":"2018-03-09T09:12:06","modified_gmt":"2018-03-09T09:12:06","slug":"la-erradicacion-del-paludismo-en-espana-aspectos-biologicos-de-la-lucha-antipaludica","status":"publish","type":"post","link":"https:\/\/www.deberes.net\/tesis\/sin-categoria\/la-erradicacion-del-paludismo-en-espana-aspectos-biologicos-de-la-lucha-antipaludica\/","title":{"rendered":"La erradicaci\u00f3n del paludismo en espa\u00f1a. aspectos biol\u00f3gicos de la lucha antipal\u00fadica"},"content":{"rendered":"<h2>Tesis doctoral de <strong> Balbina Fern\u00e1ndez Astasio <\/strong><\/h2>\n<p>El paludismo es una enfermedad caracterizada por fiebres intermitentes y causada por diversos especies de protozoo plasmodium sp. (P.Vivax que origina las fiebres tercianas; p.Malariae que causa las cuartanas; p.Falciparum, responsable de las fiebres malignas o tropicales y p.Ovale, que origina terciarias benignas). La transmisi\u00f3n de la malaria se realiza por varias especies de la hembra del d\u00edptero anopheles sp.  las investigaciones de laveran, ross y grassi sobre el ciclo biol\u00f3gico de plasmodium sp., Y su transmisi\u00f3n por anopheles sp., Permitieron en el siglo xx la lucha contra la enfermedad.  los primeros tratamientos contra el paludismo se basaron en las cualidades febr\u00edfugas de la corteza del \u00e1rbol de la quina (cinchona sp.) Utilizada desde 1638. El aislamiento por pelletier y caventou en 1820 de los alcaloides de la quina, quinina y cinconina y posteriormente de sus derivados, permiti\u00f3 eliminar al hombe enfermo como fuente infectiva.  en los a\u00f1os cuarenta del siglo xx comenz\u00f3 la utilizaci\u00f3n de los insecticidas, ddt y lindano que supon\u00eda luchar contra la malaria de forma barata y generalizada.  en espa\u00f1a los conocimientos sobre el paludismo se dieron a conocer por el dr. Jan macdonald, m\u00e9dico de la compa\u00f1\u00eda minera de riotinto en 1900, por los doctores huertas y mendoza en c\u00e1ceres en 1901 y por el dr. Pittaluga en catalu\u00f1a, Valencia, islas baleares y Madrid en 1902. Pittaluga estudi\u00f3 la distribuci\u00f3n y extensi\u00f3n del paludismo en espa\u00f1a y lo relacion\u00f3 con temperatura y humedad elevadas, encharcamientos locales, aglomeraciones humanas y condiciones sanitarias desfavorables.  la lucha antipal\u00fadica constituy\u00f3 en espa\u00f1a la primera lucha epidemiol\u00f3gica organizada. El primer dispensario antipal\u00fadico se estableci\u00f3 en 1920 en talayuela (c\u00e1ceres), una de las zonas m\u00e1s pal\u00fadicas. En 1925 se cre\u00f3 el instituto antipal\u00fadico de navalmoral de la mata que asumi\u00f3 la direcci\u00f3n cient\u00edfica contra el paludismo hasta<\/p>\n<p>&nbsp;<\/p>\n<h3>Datos acad\u00e9micos de la tesis doctoral \u00ab<strong>La erradicaci\u00f3n del paludismo en espa\u00f1a. aspectos biol\u00f3gicos de la lucha antipal\u00fadica<\/strong>\u00ab<\/h3>\n<ul>\n<li><strong>T\u00edtulo de la tesis:<\/strong>\u00a0 La erradicaci\u00f3n del paludismo en espa\u00f1a. aspectos biol\u00f3gicos de la lucha antipal\u00fadica <\/li>\n<li><strong>Autor:<\/strong>\u00a0 Balbina Fern\u00e1ndez Astasio <\/li>\n<li><strong>Universidad:<\/strong>\u00a0 Complutense de Madrid<\/li>\n<li><strong>Fecha de lectura de la tesis:<\/strong>\u00a0 14\/03\/2003<\/li>\n<\/ul>\n<p>&nbsp;<\/p>\n<h3>Direcci\u00f3n y tribunal<\/h3>\n<ul>\n<li><strong>Director de la tesis<\/strong>\n<ul>\n<li>Joaquin Fern\u00e1ndez P\u00e9rez<\/li>\n<\/ul>\n<\/li>\n<li><strong>Tribunal<\/strong>\n<ul>\n<li>Presidente del tribunal: benjam\u00edn Fern\u00e1ndez ruiz <\/li>\n<li>ra\u00fal Rodr\u00edguel nozal (vocal)<\/li>\n<li>Rafael Huertas garcia alejo (vocal)<\/li>\n<li>alfonso Garmendia salvador (vocal)<\/li>\n<\/ul>\n<\/li>\n<\/ul>\n<p>&nbsp;<\/p>\n","protected":false},"excerpt":{"rendered":"<p>Tesis doctoral de Balbina Fern\u00e1ndez Astasio El paludismo es una enfermedad caracterizada por fiebres intermitentes y causada por diversos especies [&hellip;]<\/p>\n","protected":false},"author":1,"featured_media":0,"comment_status":"open","ping_status":"open","sticky":false,"template":"","format":"standard","meta":{"site-sidebar-layout":"default","site-content-layout":"","ast-site-content-layout":"","site-content-style":"default","site-sidebar-style":"default","ast-global-header-display":"","ast-banner-title-visibility":"","ast-main-header-display":"","ast-hfb-above-header-display":"","ast-hfb-below-header-display":"","ast-hfb-mobile-header-display":"","site-post-title":"","ast-breadcrumbs-content":"","ast-featured-img":"","footer-sml-layout":"","theme-transparent-header-meta":"","adv-header-id-meta":"","stick-header-meta":"","header-above-stick-meta":"","header-main-stick-meta":"","header-below-stick-meta":"","astra-migrate-meta-layouts":"default","ast-page-background-enabled":"default","ast-page-background-meta":{"desktop":{"background-color":"var(--ast-global-color-4)","background-image":"","background-repeat":"repeat","background-position":"center center","background-size":"auto","background-attachment":"scroll","background-type":"","background-media":"","overlay-type":"","overlay-color":"","overlay-gradient":""},"tablet":{"background-color":"","background-image":"","background-repeat":"repeat","background-position":"center center","background-size":"auto","background-attachment":"scroll","background-type":"","background-media":"","overlay-type":"","overlay-color":"","overlay-gradient":""},"mobile":{"background-color":"","background-image":"","background-repeat":"repeat","background-position":"center center","background-size":"auto","background-attachment":"scroll","background-type":"","background-media":"","overlay-type":"","overlay-color":"","overlay-gradient":""}},"ast-content-background-meta":{"desktop":{"background-color":"var(--ast-global-color-5)","background-image":"","background-repeat":"repeat","background-position":"center center","background-size":"auto","background-attachment":"scroll","background-type":"","background-media":"","overlay-type":"","overlay-color":"","overlay-gradient":""},"tablet":{"background-color":"var(--ast-global-color-5)","background-image":"","background-repeat":"repeat","background-position":"center center","background-size":"auto","background-attachment":"scroll","background-type":"","background-media":"","overlay-type":"","overlay-color":"","overlay-gradient":""},"mobile":{"background-color":"var(--ast-global-color-5)","background-image":"","background-repeat":"repeat","background-position":"center center","background-size":"auto","background-attachment":"scroll","background-type":"","background-media":"","overlay-type":"","overlay-color":"","overlay-gradient":""}},"footnotes":""},"categories":[1],"tags":[66207,66206,3237,4916,5184,7346],"class_list":["post-22075","post","type-post","status-publish","format-standard","hentry","category-sin-categoria","tag-alfonso-garmendia-salvador","tag-balbina-fernandez-astasio","tag-benjamin-fernandez-ruiz","tag-joaquin-fernandez-perez","tag-rafael-huertas-garcia-alejo","tag-raul-rodriguel-nozal"],"_links":{"self":[{"href":"https:\/\/www.deberes.net\/tesis\/wp-json\/wp\/v2\/posts\/22075","targetHints":{"allow":["GET"]}}],"collection":[{"href":"https:\/\/www.deberes.net\/tesis\/wp-json\/wp\/v2\/posts"}],"about":[{"href":"https:\/\/www.deberes.net\/tesis\/wp-json\/wp\/v2\/types\/post"}],"author":[{"embeddable":true,"href":"https:\/\/www.deberes.net\/tesis\/wp-json\/wp\/v2\/users\/1"}],"replies":[{"embeddable":true,"href":"https:\/\/www.deberes.net\/tesis\/wp-json\/wp\/v2\/comments?post=22075"}],"version-history":[{"count":0,"href":"https:\/\/www.deberes.net\/tesis\/wp-json\/wp\/v2\/posts\/22075\/revisions"}],"wp:attachment":[{"href":"https:\/\/www.deberes.net\/tesis\/wp-json\/wp\/v2\/media?parent=22075"}],"wp:term":[{"taxonomy":"category","embeddable":true,"href":"https:\/\/www.deberes.net\/tesis\/wp-json\/wp\/v2\/categories?post=22075"},{"taxonomy":"post_tag","embeddable":true,"href":"https:\/\/www.deberes.net\/tesis\/wp-json\/wp\/v2\/tags?post=22075"}],"curies":[{"name":"wp","href":"https:\/\/api.w.org\/{rel}","templated":true}]}}