{"id":2210,"date":"1994-01-01T00:00:00","date_gmt":"1994-01-01T00:00:00","guid":{"rendered":"https:\/\/www.deberes.net\/tesis\/1994\/01\/01\/diseno-y-aplicacion-de-un-programa-de-orientacion-vocacional-con-alumnos-de-ensenanzas-medias\/"},"modified":"1994-01-01T00:00:00","modified_gmt":"1994-01-01T00:00:00","slug":"diseno-y-aplicacion-de-un-programa-de-orientacion-vocacional-con-alumnos-de-ensenanzas-medias","status":"publish","type":"post","link":"https:\/\/www.deberes.net\/tesis\/psicologia\/diseno-y-aplicacion-de-un-programa-de-orientacion-vocacional-con-alumnos-de-ensenanzas-medias\/","title":{"rendered":"Dise\u00f1o y aplicacion de un programa de orientacion vocacional con alumnos de ense\u00f1anzas medias."},"content":{"rendered":"<h2>Tesis doctoral de <strong> Miguel \u00e1ngel Carbonero Mart\u00edn <\/strong><\/h2>\n<p>La presente tesis se enmarca dentro de la psicolog\u00eda de la educacion y analiza conceptualmente la orientacion vocacional, la madurez vocacional y la toma de decisiones.Propone un programa de orientacion vocacional dirigido a alumnos de ense\u00f1anzas medias siguiendo un modelo comunitario, centrado en el sujeto, predominantemente activo, orientado hacia la competencia y multidimensional.El objetivo del programa es mejorar la madurez vocacional para la toma de decisiones en los individuos sometidos al programa dise\u00f1ado.Pe programa \u00abpreparo mi decision &#8211; me decido\u00bb se distribuye en 12 sesiones con caracter progresivo encaminado a la mejora de toma de decisiones, a traves de un mayor conocimiento del propio alumno y del entorno educativo y profesional.Los resultados estadisticos confirmaron la hipotesis de mejora del grupo sometido a la experiencia del programa en la toma de decisiones respecto a un grupo de individuos que no fueron sometidos a dicha experiencia.<\/p>\n<p>&nbsp;<\/p>\n<h3>Datos acad\u00e9micos de la tesis doctoral \u00ab<strong>Dise\u00f1o y aplicacion de un programa de orientacion vocacional con alumnos de ense\u00f1anzas medias.<\/strong>\u00ab<\/h3>\n<ul>\n<li><strong>T\u00edtulo de la tesis:<\/strong>\u00a0 Dise\u00f1o y aplicacion de un programa de orientacion vocacional con alumnos de ense\u00f1anzas medias. <\/li>\n<li><strong>Autor:<\/strong>\u00a0 Miguel \u00e1ngel Carbonero Mart\u00edn <\/li>\n<li><strong>Universidad:<\/strong>\u00a0 Salamanca<\/li>\n<li><strong>Fecha de lectura de la tesis:<\/strong>\u00a0 01\/01\/1994<\/li>\n<\/ul>\n<p>&nbsp;<\/p>\n<h3>Direcci\u00f3n y tribunal<\/h3>\n<ul>\n<li><strong>Director de la tesis<\/strong>\n<ul>\n<li>Miguel Angel Verdugo Alonso<\/li>\n<\/ul>\n<\/li>\n<li><strong>Tribunal<\/strong>\n<ul>\n<li>Presidente del tribunal: Isabel (secretario) Serrano Pintado <\/li>\n<li>Carmen Ortin Gonzalez (vocal)<\/li>\n<li>Sagrario Gallego Rico (vocal)<\/li>\n<li>  (vocal)<\/li>\n<\/ul>\n<\/li>\n<\/ul>\n<p>&nbsp;<\/p>\n","protected":false},"excerpt":{"rendered":"<p>Tesis doctoral de Miguel \u00e1ngel Carbonero Mart\u00edn La presente tesis se enmarca dentro de la psicolog\u00eda de la educacion y [&hellip;]<\/p>\n","protected":false},"author":1,"featured_media":0,"comment_status":"open","ping_status":"open","sticky":false,"template":"","format":"standard","meta":{"site-sidebar-layout":"default","site-content-layout":"","ast-site-content-layout":"","site-content-style":"default","site-sidebar-style":"default","ast-global-header-display":"","ast-banner-title-visibility":"","ast-main-header-display":"","ast-hfb-above-header-display":"","ast-hfb-below-header-display":"","ast-hfb-mobile-header-display":"","site-post-title":"","ast-breadcrumbs-content":"","ast-featured-img":"","footer-sml-layout":"","theme-transparent-header-meta":"","adv-header-id-meta":"","stick-header-meta":"","header-above-stick-meta":"","header-main-stick-meta":"","header-below-stick-meta":"","astra-migrate-meta-layouts":"default","ast-page-background-enabled":"default","ast-page-background-meta":{"desktop":{"background-color":"var(--ast-global-color-4)","background-image":"","background-repeat":"repeat","background-position":"center center","background-size":"auto","background-attachment":"scroll","background-type":"","background-media":"","overlay-type":"","overlay-color":"","overlay-gradient":""},"tablet":{"background-color":"","background-image":"","background-repeat":"repeat","background-position":"center center","background-size":"auto","background-attachment":"scroll","background-type":"","background-media":"","overlay-type":"","overlay-color":"","overlay-gradient":""},"mobile":{"background-color":"","background-image":"","background-repeat":"repeat","background-position":"center center","background-size":"auto","background-attachment":"scroll","background-type":"","background-media":"","overlay-type":"","overlay-color":"","overlay-gradient":""}},"ast-content-background-meta":{"desktop":{"background-color":"var(--ast-global-color-5)","background-image":"","background-repeat":"repeat","background-position":"center center","background-size":"auto","background-attachment":"scroll","background-type":"","background-media":"","overlay-type":"","overlay-color":"","overlay-gradient":""},"tablet":{"background-color":"var(--ast-global-color-5)","background-image":"","background-repeat":"repeat","background-position":"center center","background-size":"auto","background-attachment":"scroll","background-type":"","background-media":"","overlay-type":"","overlay-color":"","overlay-gradient":""},"mobile":{"background-color":"var(--ast-global-color-5)","background-image":"","background-repeat":"repeat","background-position":"center center","background-size":"auto","background-attachment":"scroll","background-type":"","background-media":"","overlay-type":"","overlay-color":"","overlay-gradient":""}},"footnotes":""},"categories":[4264,9469,324,9386],"tags":[9472,9471,9470,9414,9473],"class_list":["post-2210","post","type-post","status-publish","format-standard","hentry","category-asesoramiento-y-orientacion-psicologicas","category-orientacion-vocacional-y-profesional","category-psicologia","category-salamanca","tag-carmen-ortin-gonzalez","tag-isabel-secretario-serrano-pintado","tag-miguel-angel-carbonero-martin","tag-miguel-angel-verdugo-alonso","tag-sagrario-gallego-rico"],"_links":{"self":[{"href":"https:\/\/www.deberes.net\/tesis\/wp-json\/wp\/v2\/posts\/2210","targetHints":{"allow":["GET"]}}],"collection":[{"href":"https:\/\/www.deberes.net\/tesis\/wp-json\/wp\/v2\/posts"}],"about":[{"href":"https:\/\/www.deberes.net\/tesis\/wp-json\/wp\/v2\/types\/post"}],"author":[{"embeddable":true,"href":"https:\/\/www.deberes.net\/tesis\/wp-json\/wp\/v2\/users\/1"}],"replies":[{"embeddable":true,"href":"https:\/\/www.deberes.net\/tesis\/wp-json\/wp\/v2\/comments?post=2210"}],"version-history":[{"count":0,"href":"https:\/\/www.deberes.net\/tesis\/wp-json\/wp\/v2\/posts\/2210\/revisions"}],"wp:attachment":[{"href":"https:\/\/www.deberes.net\/tesis\/wp-json\/wp\/v2\/media?parent=2210"}],"wp:term":[{"taxonomy":"category","embeddable":true,"href":"https:\/\/www.deberes.net\/tesis\/wp-json\/wp\/v2\/categories?post=2210"},{"taxonomy":"post_tag","embeddable":true,"href":"https:\/\/www.deberes.net\/tesis\/wp-json\/wp\/v2\/tags?post=2210"}],"curies":[{"name":"wp","href":"https:\/\/api.w.org\/{rel}","templated":true}]}}