{"id":22100,"date":"2018-03-09T09:12:09","date_gmt":"2018-03-09T09:12:09","guid":{"rendered":"https:\/\/www.deberes.net\/tesis\/sin-categoria\/el-itinerario-profesional-en-el-perfil-formativo-de-los-docentes-de-educacion-basica-integral-caso-universidad-de-los-andes-tachira\/"},"modified":"2018-03-09T09:12:09","modified_gmt":"2018-03-09T09:12:09","slug":"el-itinerario-profesional-en-el-perfil-formativo-de-los-docentes-de-educacion-basica-integral-caso-universidad-de-los-andes-tachira","status":"publish","type":"post","link":"https:\/\/www.deberes.net\/tesis\/rovira-i-virgili\/el-itinerario-profesional-en-el-perfil-formativo-de-los-docentes-de-educacion-basica-integral-caso-universidad-de-los-andes-tachira\/","title":{"rendered":"El itinerario profesional en el perfil formativo de los docentes de educaci\u00f3n b\u00e1sica integral.  (caso: universidad de los andes &#8211; t\u00e1chira)"},"content":{"rendered":"<h2>Tesis doctoral de <strong>  Rojas De Rojas Morelba <\/strong><\/h2>\n<p>La definici\u00f3n de identidad en el ser humano se refleja en la soluci\u00f3n de problemas y en el afrontar retos de manera clara y precisa. As\u00ed, cuando la identidad est\u00e1 definida se hace posible lograr nexos de identificaci\u00f3n con otros (individuos, grupos, instituciones). En el plano profesional las actitudes, intereses, capacidades, metas y logros caracterizan esta identificaci\u00f3n; bajo \u00f3ptica resulta interesante conocer la identificaic\u00f3n de los alumnos de la carrera educaci\u00f3n b\u00e1sica integral de la universidad de los anges &#8211; t\u00e1chira con la profesi\u00f3n docente y su proyecci\u00f3n al momento de incorporarse al campo laboral. El estudio de caso como metodolog\u00eda de corte cualitativo es una forma propicia para abordar un problema de esta naturaleza.<\/p>\n<p>&nbsp;<\/p>\n<h3>Datos acad\u00e9micos de la tesis doctoral \u00ab<strong>El itinerario profesional en el perfil formativo de los docentes de educaci\u00f3n b\u00e1sica integral.  (caso: universidad de los andes &#8211; t\u00e1chira)<\/strong>\u00ab<\/h3>\n<ul>\n<li><strong>T\u00edtulo de la tesis:<\/strong>\u00a0 El itinerario profesional en el perfil formativo de los docentes de educaci\u00f3n b\u00e1sica integral.  (caso: universidad de los andes &#8211; t\u00e1chira) <\/li>\n<li><strong>Autor:<\/strong>\u00a0  Rojas De Rojas Morelba <\/li>\n<li><strong>Universidad:<\/strong>\u00a0 Rovira i virgili<\/li>\n<li><strong>Fecha de lectura de la tesis:<\/strong>\u00a0 14\/03\/2003<\/li>\n<\/ul>\n<p>&nbsp;<\/p>\n<h3>Direcci\u00f3n y tribunal<\/h3>\n<ul>\n<li><strong>Director de la tesis<\/strong>\n<ul>\n<li>Angel Pio Gonzalez Soto<\/li>\n<\/ul>\n<\/li>\n<li><strong>Tribunal<\/strong>\n<ul>\n<li>Presidente del tribunal: vicente Ferreres pav\u00eda <\/li>\n<li>enriqueta Molina (vocal)<\/li>\n<li>Jos\u00e9 Tejada fernandez (vocal)<\/li>\n<li>Jos\u00e9 Antonio Torres gonzalez (vocal)<\/li>\n<\/ul>\n<\/li>\n<\/ul>\n<p>&nbsp;<\/p>\n","protected":false},"excerpt":{"rendered":"<p>Tesis doctoral de Rojas De Rojas Morelba La definici\u00f3n de identidad en el ser humano se refleja en la soluci\u00f3n [&hellip;]<\/p>\n","protected":false},"author":1,"featured_media":0,"comment_status":"open","ping_status":"open","sticky":false,"template":"","format":"standard","meta":{"site-sidebar-layout":"default","site-content-layout":"","ast-site-content-layout":"","site-content-style":"default","site-sidebar-style":"default","ast-global-header-display":"","ast-banner-title-visibility":"","ast-main-header-display":"","ast-hfb-above-header-display":"","ast-hfb-below-header-display":"","ast-hfb-mobile-header-display":"","site-post-title":"","ast-breadcrumbs-content":"","ast-featured-img":"","footer-sml-layout":"","theme-transparent-header-meta":"","adv-header-id-meta":"","stick-header-meta":"","header-above-stick-meta":"","header-main-stick-meta":"","header-below-stick-meta":"","astra-migrate-meta-layouts":"default","ast-page-background-enabled":"default","ast-page-background-meta":{"desktop":{"background-color":"var(--ast-global-color-4)","background-image":"","background-repeat":"repeat","background-position":"center center","background-size":"auto","background-attachment":"scroll","background-type":"","background-media":"","overlay-type":"","overlay-color":"","overlay-gradient":""},"tablet":{"background-color":"","background-image":"","background-repeat":"repeat","background-position":"center center","background-size":"auto","background-attachment":"scroll","background-type":"","background-media":"","overlay-type":"","overlay-color":"","overlay-gradient":""},"mobile":{"background-color":"","background-image":"","background-repeat":"repeat","background-position":"center center","background-size":"auto","background-attachment":"scroll","background-type":"","background-media":"","overlay-type":"","overlay-color":"","overlay-gradient":""}},"ast-content-background-meta":{"desktop":{"background-color":"var(--ast-global-color-5)","background-image":"","background-repeat":"repeat","background-position":"center center","background-size":"auto","background-attachment":"scroll","background-type":"","background-media":"","overlay-type":"","overlay-color":"","overlay-gradient":""},"tablet":{"background-color":"var(--ast-global-color-5)","background-image":"","background-repeat":"repeat","background-position":"center center","background-size":"auto","background-attachment":"scroll","background-type":"","background-media":"","overlay-type":"","overlay-color":"","overlay-gradient":""},"mobile":{"background-color":"var(--ast-global-color-5)","background-image":"","background-repeat":"repeat","background-position":"center center","background-size":"auto","background-attachment":"scroll","background-type":"","background-media":"","overlay-type":"","overlay-color":"","overlay-gradient":""}},"footnotes":""},"categories":[18759],"tags":[13980,66264,35407,13979,66263,1291],"class_list":["post-22100","post","type-post","status-publish","format-standard","hentry","category-rovira-i-virgili","tag-angel-pio-gonzalez-soto","tag-enriqueta-molina","tag-jose-antonio-torres-gonzalez","tag-jose-tejada-fernandez","tag-rojas-de-rojas-morelba","tag-vicente-ferreres-pavia"],"_links":{"self":[{"href":"https:\/\/www.deberes.net\/tesis\/wp-json\/wp\/v2\/posts\/22100","targetHints":{"allow":["GET"]}}],"collection":[{"href":"https:\/\/www.deberes.net\/tesis\/wp-json\/wp\/v2\/posts"}],"about":[{"href":"https:\/\/www.deberes.net\/tesis\/wp-json\/wp\/v2\/types\/post"}],"author":[{"embeddable":true,"href":"https:\/\/www.deberes.net\/tesis\/wp-json\/wp\/v2\/users\/1"}],"replies":[{"embeddable":true,"href":"https:\/\/www.deberes.net\/tesis\/wp-json\/wp\/v2\/comments?post=22100"}],"version-history":[{"count":0,"href":"https:\/\/www.deberes.net\/tesis\/wp-json\/wp\/v2\/posts\/22100\/revisions"}],"wp:attachment":[{"href":"https:\/\/www.deberes.net\/tesis\/wp-json\/wp\/v2\/media?parent=22100"}],"wp:term":[{"taxonomy":"category","embeddable":true,"href":"https:\/\/www.deberes.net\/tesis\/wp-json\/wp\/v2\/categories?post=22100"},{"taxonomy":"post_tag","embeddable":true,"href":"https:\/\/www.deberes.net\/tesis\/wp-json\/wp\/v2\/tags?post=22100"}],"curies":[{"name":"wp","href":"https:\/\/api.w.org\/{rel}","templated":true}]}}