{"id":22107,"date":"2018-03-09T09:12:09","date_gmt":"2018-03-09T09:12:09","guid":{"rendered":"https:\/\/www.deberes.net\/tesis\/sin-categoria\/el-lenguaje-en-los-informativos-de-television-en-espana-en-la-actualidad-pera%c2%adodo-1999-2000-analisis-de-forma-y-contenido-linga%c2%bca%c2%adsticos\/"},"modified":"2018-03-09T09:12:09","modified_gmt":"2018-03-09T09:12:09","slug":"el-lenguaje-en-los-informativos-de-television-en-espana-en-la-actualidad-pera%c2%adodo-1999-2000-analisis-de-forma-y-contenido-linga%c2%bca%c2%adsticos","status":"publish","type":"post","link":"https:\/\/www.deberes.net\/tesis\/historia\/el-lenguaje-en-los-informativos-de-television-en-espana-en-la-actualidad-pera%c2%adodo-1999-2000-analisis-de-forma-y-contenido-linga%c2%bca%c2%adsticos\/","title":{"rendered":"El lenguaje en los informativos de televisi\u00f3n en espa\u00f1a en la actualidad (per\u00edodo 1999-2000): an\u00e1lisis de forma y contenido lingu\u00edsticos"},"content":{"rendered":"<h2>Tesis doctoral de <strong> Carlos Mar\u00edn Llad\u00f3 <\/strong><\/h2>\n<p>Esta tesis pretende llevar a cabo un an\u00e1lisis sincr\u00f3nico, y puntualmente diacr\u00f3nico, del lenguaje period\u00edstico de los noticiarios televisivos de \u00e1mbito nacional de espa\u00f1a de finales del siglo xx y principios del xxi. se trata de conocer cu\u00e1l es la intenci\u00f3n final del periodista de tv cuando crea su texto informativo; por qu\u00e9 estos profesionales elaboran sus textos noticiarios con estructuras mim\u00e9ticas unos con otros; por qu\u00e9 y qu\u00e9 objetivos persiguen los tics y estereotipos propios del lenguaje de la televisi\u00f3n; \u00c2\u00bfse trata de un lenguaje m\u00e1s propio de la literatura o m\u00e1s cercano al lenguaje coloquial?; Qu\u00e9 influencias recibe de otros idiomas y por qu\u00e9 es dado a la innovaci\u00f3n l\u00e9xica; etc.  el estudio, que se conforma desde los tres planos del lenguaje: f\u00f3nico, morfosint\u00e1ctico y l\u00e9xico-sem\u00e1ntico, contiene, adem\u00e1s, una amplia introducci\u00f3n situacional de la televisi\u00f3n, en estados unidos y europa, como dimensi\u00f3n hist\u00f3rica desde sus inicios hasta principios del siglo xxi; un panorama hist\u00f3rico televisivo en espa\u00f1a desde su creaci\u00f3n hasta hoy; una aproximaci\u00f3n a los noticiarios de la tv en espa\u00f1a, con el correspondiente mapa televisivo formado por las televisiones p\u00fablicas (tve y las auton\u00f3micas) y privadas (generalistas y tem\u00e1ticas (digitales)); y un acercamiento absoluto a la noticia, como g\u00e9nero informativo de televisi\u00f3n, a trav\u00e9s de sus informativos principales, que corresponden a las cadenas generalistas de espa\u00f1a: tve, antena 3tv, telecinco y canal plus, y que son objeto exhaustivo de an\u00e1lisis.<\/p>\n<p>&nbsp;<\/p>\n<h3>Datos acad\u00e9micos de la tesis doctoral \u00ab<strong>El lenguaje en los informativos de televisi\u00f3n en espa\u00f1a en la actualidad (per\u00edodo 1999-2000): an\u00e1lisis de forma y contenido lingu\u00edsticos<\/strong>\u00ab<\/h3>\n<ul>\n<li><strong>T\u00edtulo de la tesis:<\/strong>\u00a0 El lenguaje en los informativos de televisi\u00f3n en espa\u00f1a en la actualidad (per\u00edodo 1999-2000): an\u00e1lisis de forma y contenido lingu\u00edsticos <\/li>\n<li><strong>Autor:<\/strong>\u00a0 Carlos Mar\u00edn Llad\u00f3 <\/li>\n<li><strong>Universidad:<\/strong>\u00a0 Illes balears<\/li>\n<li><strong>Fecha de lectura de la tesis:<\/strong>\u00a0 17\/03\/2003<\/li>\n<\/ul>\n<p>&nbsp;<\/p>\n<h3>Direcci\u00f3n y tribunal<\/h3>\n<ul>\n<li><strong>Director de la tesis<\/strong>\n<ul>\n<li>Abraham Madro\u00f1al Dur\u00e1n<\/li>\n<\/ul>\n<\/li>\n<li><strong>Tribunal<\/strong>\n<ul>\n<li>Presidente del tribunal: perfecto esteban Cuadrado fernandez <\/li>\n<li>enric Saperas lapiedra (vocal)<\/li>\n<li>leonardo G\u00f3mez torrego (vocal)<\/li>\n<li>Mar\u00eda  de la pau Janer mulet (vocal)<\/li>\n<\/ul>\n<\/li>\n<\/ul>\n<p>&nbsp;<\/p>\n","protected":false},"excerpt":{"rendered":"<p>Tesis doctoral de Carlos Mar\u00edn Llad\u00f3 Esta tesis pretende llevar a cabo un an\u00e1lisis sincr\u00f3nico, y puntualmente diacr\u00f3nico, del lenguaje [&hellip;]<\/p>\n","protected":false},"author":1,"featured_media":0,"comment_status":"open","ping_status":"open","sticky":false,"template":"","format":"standard","meta":{"site-sidebar-layout":"default","site-content-layout":"","ast-site-content-layout":"","site-content-style":"default","site-sidebar-style":"default","ast-global-header-display":"","ast-banner-title-visibility":"","ast-main-header-display":"","ast-hfb-above-header-display":"","ast-hfb-below-header-display":"","ast-hfb-mobile-header-display":"","site-post-title":"","ast-breadcrumbs-content":"","ast-featured-img":"","footer-sml-layout":"","theme-transparent-header-meta":"","adv-header-id-meta":"","stick-header-meta":"","header-above-stick-meta":"","header-main-stick-meta":"","header-below-stick-meta":"","astra-migrate-meta-layouts":"default","ast-page-background-enabled":"default","ast-page-background-meta":{"desktop":{"background-color":"var(--ast-global-color-4)","background-image":"","background-repeat":"repeat","background-position":"center center","background-size":"auto","background-attachment":"scroll","background-type":"","background-media":"","overlay-type":"","overlay-color":"","overlay-gradient":""},"tablet":{"background-color":"","background-image":"","background-repeat":"repeat","background-position":"center center","background-size":"auto","background-attachment":"scroll","background-type":"","background-media":"","overlay-type":"","overlay-color":"","overlay-gradient":""},"mobile":{"background-color":"","background-image":"","background-repeat":"repeat","background-position":"center center","background-size":"auto","background-attachment":"scroll","background-type":"","background-media":"","overlay-type":"","overlay-color":"","overlay-gradient":""}},"ast-content-background-meta":{"desktop":{"background-color":"var(--ast-global-color-5)","background-image":"","background-repeat":"repeat","background-position":"center center","background-size":"auto","background-attachment":"scroll","background-type":"","background-media":"","overlay-type":"","overlay-color":"","overlay-gradient":""},"tablet":{"background-color":"var(--ast-global-color-5)","background-image":"","background-repeat":"repeat","background-position":"center center","background-size":"auto","background-attachment":"scroll","background-type":"","background-media":"","overlay-type":"","overlay-color":"","overlay-gradient":""},"mobile":{"background-color":"var(--ast-global-color-5)","background-image":"","background-repeat":"repeat","background-position":"center center","background-size":"auto","background-attachment":"scroll","background-type":"","background-media":"","overlay-type":"","overlay-color":"","overlay-gradient":""}},"footnotes":""},"categories":[838,1624,13411,104,19034,5051,4840],"tags":[39229,66280,13720,7815,66281,54366],"class_list":["post-22107","post","type-post","status-publish","format-standard","hentry","category-ciencia-politica","category-ciencias-auxiliares-de-la-historia","category-filologia-espanola","category-historia","category-illes-balears","category-medios-de-comunicacion-de-masas","category-opinion-publica","tag-abraham-madronal-duran","tag-carlos-marin-llado","tag-enric-saperas-lapiedra","tag-leonardo-gomez-torrego","tag-maria-de-la-pau-janer-mulet","tag-perfecto-esteban-cuadrado-fernandez"],"_links":{"self":[{"href":"https:\/\/www.deberes.net\/tesis\/wp-json\/wp\/v2\/posts\/22107","targetHints":{"allow":["GET"]}}],"collection":[{"href":"https:\/\/www.deberes.net\/tesis\/wp-json\/wp\/v2\/posts"}],"about":[{"href":"https:\/\/www.deberes.net\/tesis\/wp-json\/wp\/v2\/types\/post"}],"author":[{"embeddable":true,"href":"https:\/\/www.deberes.net\/tesis\/wp-json\/wp\/v2\/users\/1"}],"replies":[{"embeddable":true,"href":"https:\/\/www.deberes.net\/tesis\/wp-json\/wp\/v2\/comments?post=22107"}],"version-history":[{"count":0,"href":"https:\/\/www.deberes.net\/tesis\/wp-json\/wp\/v2\/posts\/22107\/revisions"}],"wp:attachment":[{"href":"https:\/\/www.deberes.net\/tesis\/wp-json\/wp\/v2\/media?parent=22107"}],"wp:term":[{"taxonomy":"category","embeddable":true,"href":"https:\/\/www.deberes.net\/tesis\/wp-json\/wp\/v2\/categories?post=22107"},{"taxonomy":"post_tag","embeddable":true,"href":"https:\/\/www.deberes.net\/tesis\/wp-json\/wp\/v2\/tags?post=22107"}],"curies":[{"name":"wp","href":"https:\/\/api.w.org\/{rel}","templated":true}]}}