{"id":2212,"date":"1994-01-01T00:00:00","date_gmt":"1994-01-01T00:00:00","guid":{"rendered":"https:\/\/www.deberes.net\/tesis\/1994\/01\/01\/juan-de-alava\/"},"modified":"1994-01-01T00:00:00","modified_gmt":"1994-01-01T00:00:00","slug":"juan-de-alava","status":"publish","type":"post","link":"https:\/\/www.deberes.net\/tesis\/historia\/juan-de-alava\/","title":{"rendered":"Juan de alava"},"content":{"rendered":"<h2>Tesis doctoral de <strong> Ana Castro Santamar\u00eda <\/strong><\/h2>\n<p>Juan de alava (larrinoa (vitoria), ? &#8211; Salamanca, 1537) fue un destacado arquitecto del plateresco espa\u00f1ol. Su actividad artistica conocida transcurre entre 1504 y 1537 y sus centros de actividad principales fueron salamanca, santiago de compostela y plasencia. Estuvo ligado a importantes mecenas, como los dos arzobispos alonso de fonseca y los alvarez de toledo (duques de alba).  intervino en importantes empresas constructivas eclesiasticas, como el claustro de la catedral de santiago, la catedral de salamanca y la de plasencia, una de sus obras mas logradas, con planta salon (naves a igual altura) y caracteristica fachada entre contrafuertes y resuelta a base de superposicion de arcos. Trabajo para varios monasterios y conventos, entre los que destacamos varios de la orden jeronima, desaparecidos (la victoria de salamanca o san jeronimo de zamora), y el de san esteban de salamanca. Entre las empresas de arquitectura civil, destacamos tres colegios:  los fundados por fonseca en salamanca y en santiago y el llamado colegio de cuenca en salamanca, en los que emplea una misma planimetria. Entre los ejemplos de arquitectura domestica que persisten, sobresale su propia casa en salamanca, la casa de las muertes, con fachada simetrica y la abundancia de vanos. Entre los elementos constructivos mas caracteristicos de alava destacamos el empleo de pilares baquetonados y bovedas estrelladas de combados curvos y rampante llano; la decoracion de sus edificios abunda en grutescos y medallones.<\/p>\n<p>&nbsp;<\/p>\n<h3>Datos acad\u00e9micos de la tesis doctoral \u00ab<strong>Juan de alava<\/strong>\u00ab<\/h3>\n<ul>\n<li><strong>T\u00edtulo de la tesis:<\/strong>\u00a0 Juan de alava <\/li>\n<li><strong>Autor:<\/strong>\u00a0 Ana Castro Santamar\u00eda <\/li>\n<li><strong>Universidad:<\/strong>\u00a0 Salamanca<\/li>\n<li><strong>Fecha de lectura de la tesis:<\/strong>\u00a0 01\/01\/1994<\/li>\n<\/ul>\n<p>&nbsp;<\/p>\n<h3>Direcci\u00f3n y tribunal<\/h3>\n<ul>\n<li><strong>Director de la tesis<\/strong>\n<ul>\n<li>Jes\u00fas Mar\u00eda Caama\u00f1o Martinez<\/li>\n<\/ul>\n<\/li>\n<li><strong>Tribunal<\/strong>\n<ul>\n<li>Presidente del tribunal:  Brasas Egido Jos\u00e9 Carlos <\/li>\n<li>Fernando Mar\u00edas Franco (vocal)<\/li>\n<li>Jaime Pinilla Gonzalez (vocal)<\/li>\n<li>Alfredo Morales Martinez (vocal)<\/li>\n<\/ul>\n<\/li>\n<\/ul>\n<p>&nbsp;<\/p>\n","protected":false},"excerpt":{"rendered":"<p>Tesis doctoral de Ana Castro Santamar\u00eda Juan de alava (larrinoa (vitoria), ? &#8211; Salamanca, 1537) fue un destacado arquitecto del [&hellip;]<\/p>\n","protected":false},"author":1,"featured_media":0,"comment_status":"open","ping_status":"open","sticky":false,"template":"","format":"standard","meta":{"site-sidebar-layout":"default","site-content-layout":"","ast-site-content-layout":"","site-content-style":"default","site-sidebar-style":"default","ast-global-header-display":"","ast-banner-title-visibility":"","ast-main-header-display":"","ast-hfb-above-header-display":"","ast-hfb-below-header-display":"","ast-hfb-mobile-header-display":"","site-post-title":"","ast-breadcrumbs-content":"","ast-featured-img":"","footer-sml-layout":"","theme-transparent-header-meta":"","adv-header-id-meta":"","stick-header-meta":"","header-above-stick-meta":"","header-main-stick-meta":"","header-below-stick-meta":"","astra-migrate-meta-layouts":"default","ast-page-background-enabled":"default","ast-page-background-meta":{"desktop":{"background-color":"var(--ast-global-color-4)","background-image":"","background-repeat":"repeat","background-position":"center center","background-size":"auto","background-attachment":"scroll","background-type":"","background-media":"","overlay-type":"","overlay-color":"","overlay-gradient":""},"tablet":{"background-color":"","background-image":"","background-repeat":"repeat","background-position":"center center","background-size":"auto","background-attachment":"scroll","background-type":"","background-media":"","overlay-type":"","overlay-color":"","overlay-gradient":""},"mobile":{"background-color":"","background-image":"","background-repeat":"repeat","background-position":"center center","background-size":"auto","background-attachment":"scroll","background-type":"","background-media":"","overlay-type":"","overlay-color":"","overlay-gradient":""}},"ast-content-background-meta":{"desktop":{"background-color":"var(--ast-global-color-5)","background-image":"","background-repeat":"repeat","background-position":"center center","background-size":"auto","background-attachment":"scroll","background-type":"","background-media":"","overlay-type":"","overlay-color":"","overlay-gradient":""},"tablet":{"background-color":"var(--ast-global-color-5)","background-image":"","background-repeat":"repeat","background-position":"center center","background-size":"auto","background-attachment":"scroll","background-type":"","background-media":"","overlay-type":"","overlay-color":"","overlay-gradient":""},"mobile":{"background-color":"var(--ast-global-color-5)","background-image":"","background-repeat":"repeat","background-position":"center center","background-size":"auto","background-attachment":"scroll","background-type":"","background-media":"","overlay-type":"","overlay-color":"","overlay-gradient":""}},"footnotes":""},"categories":[104,1014,222,9386],"tags":[3684,9477,9478,9479,9480,2984],"class_list":["post-2212","post","type-post","status-publish","format-standard","hentry","category-historia","category-historia-del-arte","category-historias-especializadas","category-salamanca","tag-alfredo-morales-Martinez","tag-ana-castro-santamaria","tag-brasas-egido-jose-carlos","tag-fernando-marias-franco","tag-jaime-pinilla-gonzalez","tag-jesus-maria-caamano-Martinez"],"_links":{"self":[{"href":"https:\/\/www.deberes.net\/tesis\/wp-json\/wp\/v2\/posts\/2212","targetHints":{"allow":["GET"]}}],"collection":[{"href":"https:\/\/www.deberes.net\/tesis\/wp-json\/wp\/v2\/posts"}],"about":[{"href":"https:\/\/www.deberes.net\/tesis\/wp-json\/wp\/v2\/types\/post"}],"author":[{"embeddable":true,"href":"https:\/\/www.deberes.net\/tesis\/wp-json\/wp\/v2\/users\/1"}],"replies":[{"embeddable":true,"href":"https:\/\/www.deberes.net\/tesis\/wp-json\/wp\/v2\/comments?post=2212"}],"version-history":[{"count":0,"href":"https:\/\/www.deberes.net\/tesis\/wp-json\/wp\/v2\/posts\/2212\/revisions"}],"wp:attachment":[{"href":"https:\/\/www.deberes.net\/tesis\/wp-json\/wp\/v2\/media?parent=2212"}],"wp:term":[{"taxonomy":"category","embeddable":true,"href":"https:\/\/www.deberes.net\/tesis\/wp-json\/wp\/v2\/categories?post=2212"},{"taxonomy":"post_tag","embeddable":true,"href":"https:\/\/www.deberes.net\/tesis\/wp-json\/wp\/v2\/tags?post=2212"}],"curies":[{"name":"wp","href":"https:\/\/api.w.org\/{rel}","templated":true}]}}