{"id":22159,"date":"2018-03-09T09:12:13","date_gmt":"2018-03-09T09:12:13","guid":{"rendered":"https:\/\/www.deberes.net\/tesis\/sin-categoria\/la-configuracion-del-poder-ejecutivo-en-las-comunidades-autonomas\/"},"modified":"2018-03-09T09:12:13","modified_gmt":"2018-03-09T09:12:13","slug":"la-configuracion-del-poder-ejecutivo-en-las-comunidades-autonomas","status":"publish","type":"post","link":"https:\/\/www.deberes.net\/tesis\/ciencias-juridicas-y-derecho\/la-configuracion-del-poder-ejecutivo-en-las-comunidades-autonomas\/","title":{"rendered":"La configuraci\u00f3n del poder ejecutivo en las comunidades aut\u00f3nomas"},"content":{"rendered":"<h2>Tesis doctoral de <strong> Mar\u00eda  Paz Sanchez Manzano <\/strong><\/h2>\n<p>La investigaci\u00f3n de los rasgos organizativos de las comunidades aut\u00f3nomas se presenta como un objeto de estudio relegado a un segundo plano, a pesar de las importantes aportaciones que puede suponer en relaci\u00f3n con la caracterizaci\u00f3n de nuestro estado de las autonom\u00edas, as\u00ed como los m\u00faltiples perfiles constitucionales y administrativos que entra\u00f1a.  somos plenamente conscientes de que el planteamiento de la doctrina alemana que mantiene que el poder ejecutivo est\u00e1 compuesto por el gobierno y la administraci\u00f3n no es asumido por el texto constitucional ni por el estatuto de autonom\u00eda y respectivas leyes de desarrollo. Hemos optado por esta momenclatura -\u00abpoder ejecutivo\u00bb- a los efectos de querer significar que, dentro del marco institucional delineado para las comunidades aut\u00f3nomas, vamos a centrar nuestra investigaci\u00f3n en el complejo de \u00f3rganos que ostentan las funciones de direcci\u00f3n pol\u00edtica, potestad reglamentaria y acci\u00f3n ejecutiva. Por lo tanto, partimos de la base de la distinci\u00f3n entre los conceptos de gobiernos y administraci\u00f3n de la que se hacen eco todas las disposiciones normativas que nos han  servido como material de trabajo. Sin embargo, no ha de olvidarse la \u00edntima conexi\u00f3n que existe entre ambos, ya que el gobierno dirige a la administraci\u00f3n. Asimismo, adoptamos la postura generalizadamente extendida que sostiene que el gobierno se presenta como un complejo multiorg\u00e1nico, compuesto de diversos \u00f3rganos, tanto colegiados o pluipersonales como unipersonales. esta premisa es la que inspira la estructura que adopta la tesis, dividida en tres grandes partes. En la primera (cap\u00edtulos i y ii) se recoge un detallado estudio, desde el punto de vista org\u00e1nico y funcional, del presidente. en la segunda (cap\u00edtulos iii, iv y v) la exposici\u00f3n se centra en el consejo de gobierno, especialmente en las funciones que tienen reconocidas, as\u00ed como en el an\u00e1lisis individualizado de los miembros que, junto al presidente<\/p>\n<p>&nbsp;<\/p>\n<h3>Datos acad\u00e9micos de la tesis doctoral \u00ab<strong>La configuraci\u00f3n del poder ejecutivo en las comunidades aut\u00f3nomas<\/strong>\u00ab<\/h3>\n<ul>\n<li><strong>T\u00edtulo de la tesis:<\/strong>\u00a0 La configuraci\u00f3n del poder ejecutivo en las comunidades aut\u00f3nomas <\/li>\n<li><strong>Autor:<\/strong>\u00a0 Mar\u00eda  Paz Sanchez Manzano <\/li>\n<li><strong>Universidad:<\/strong>\u00a0 C\u00e1diz<\/li>\n<li><strong>Fecha de lectura de la tesis:<\/strong>\u00a0 21\/03\/2003<\/li>\n<\/ul>\n<p>&nbsp;<\/p>\n<h3>Direcci\u00f3n y tribunal<\/h3>\n<ul>\n<li><strong>Director de la tesis<\/strong>\n<ul>\n<li>Jos\u00e9 Luis Garc\u00eda Ruiz<\/li>\n<\/ul>\n<\/li>\n<li><strong>Tribunal<\/strong>\n<ul>\n<li>Presidente del tribunal: lu\u00eds L\u00f3pez guerra <\/li>\n<li>gerardo Ruiz-rico ruiz (vocal)<\/li>\n<li>joan Oliver araujo (vocal)<\/li>\n<li>Manuel Medina guerrero (vocal)<\/li>\n<\/ul>\n<\/li>\n<\/ul>\n<p>&nbsp;<\/p>\n","protected":false},"excerpt":{"rendered":"<p>Tesis doctoral de Mar\u00eda Paz Sanchez Manzano La investigaci\u00f3n de los rasgos organizativos de las comunidades aut\u00f3nomas se presenta como [&hellip;]<\/p>\n","protected":false},"author":1,"featured_media":0,"comment_status":"open","ping_status":"open","sticky":false,"template":"","format":"standard","meta":{"site-sidebar-layout":"default","site-content-layout":"","ast-site-content-layout":"","site-content-style":"default","site-sidebar-style":"default","ast-global-header-display":"","ast-banner-title-visibility":"","ast-main-header-display":"","ast-hfb-above-header-display":"","ast-hfb-below-header-display":"","ast-hfb-mobile-header-display":"","site-post-title":"","ast-breadcrumbs-content":"","ast-featured-img":"","footer-sml-layout":"","theme-transparent-header-meta":"","adv-header-id-meta":"","stick-header-meta":"","header-above-stick-meta":"","header-main-stick-meta":"","header-below-stick-meta":"","astra-migrate-meta-layouts":"default","ast-page-background-enabled":"default","ast-page-background-meta":{"desktop":{"background-color":"var(--ast-global-color-4)","background-image":"","background-repeat":"repeat","background-position":"center center","background-size":"auto","background-attachment":"scroll","background-type":"","background-media":"","overlay-type":"","overlay-color":"","overlay-gradient":""},"tablet":{"background-color":"","background-image":"","background-repeat":"repeat","background-position":"center center","background-size":"auto","background-attachment":"scroll","background-type":"","background-media":"","overlay-type":"","overlay-color":"","overlay-gradient":""},"mobile":{"background-color":"","background-image":"","background-repeat":"repeat","background-position":"center center","background-size":"auto","background-attachment":"scroll","background-type":"","background-media":"","overlay-type":"","overlay-color":"","overlay-gradient":""}},"ast-content-background-meta":{"desktop":{"background-color":"var(--ast-global-color-5)","background-image":"","background-repeat":"repeat","background-position":"center center","background-size":"auto","background-attachment":"scroll","background-type":"","background-media":"","overlay-type":"","overlay-color":"","overlay-gradient":""},"tablet":{"background-color":"var(--ast-global-color-5)","background-image":"","background-repeat":"repeat","background-position":"center center","background-size":"auto","background-attachment":"scroll","background-type":"","background-media":"","overlay-type":"","overlay-color":"","overlay-gradient":""},"mobile":{"background-color":"var(--ast-global-color-5)","background-image":"","background-repeat":"repeat","background-position":"center center","background-size":"auto","background-attachment":"scroll","background-type":"","background-media":"","overlay-type":"","overlay-color":"","overlay-gradient":""}},"footnotes":""},"categories":[856,1506,838,612,1450,979,11803,6324,48457],"tags":[3966,44232,32846,9450,56830,66411],"class_list":["post-22159","post","type-post","status-publish","format-standard","hentry","category-administracion-publica","category-cadiz","category-ciencia-politica","category-ciencias-juridicas-y-derecho","category-derecho-constitucional","category-derecho-y-legislacion-nacionales","category-instituciones-politicas","category-instituciones-regionales","category-poder-ejecutivo","tag-gerardo-ruiz-rico-ruiz","tag-joan-oliver-araujo","tag-jose-luis-garcia-ruiz","tag-luis-lopez-guerra","tag-manuel-medina-guerrero","tag-maria-paz-sanchez-manzano"],"_links":{"self":[{"href":"https:\/\/www.deberes.net\/tesis\/wp-json\/wp\/v2\/posts\/22159","targetHints":{"allow":["GET"]}}],"collection":[{"href":"https:\/\/www.deberes.net\/tesis\/wp-json\/wp\/v2\/posts"}],"about":[{"href":"https:\/\/www.deberes.net\/tesis\/wp-json\/wp\/v2\/types\/post"}],"author":[{"embeddable":true,"href":"https:\/\/www.deberes.net\/tesis\/wp-json\/wp\/v2\/users\/1"}],"replies":[{"embeddable":true,"href":"https:\/\/www.deberes.net\/tesis\/wp-json\/wp\/v2\/comments?post=22159"}],"version-history":[{"count":0,"href":"https:\/\/www.deberes.net\/tesis\/wp-json\/wp\/v2\/posts\/22159\/revisions"}],"wp:attachment":[{"href":"https:\/\/www.deberes.net\/tesis\/wp-json\/wp\/v2\/media?parent=22159"}],"wp:term":[{"taxonomy":"category","embeddable":true,"href":"https:\/\/www.deberes.net\/tesis\/wp-json\/wp\/v2\/categories?post=22159"},{"taxonomy":"post_tag","embeddable":true,"href":"https:\/\/www.deberes.net\/tesis\/wp-json\/wp\/v2\/tags?post=22159"}],"curies":[{"name":"wp","href":"https:\/\/api.w.org\/{rel}","templated":true}]}}