{"id":22197,"date":"2018-03-09T09:12:16","date_gmt":"2018-03-09T09:12:16","guid":{"rendered":"https:\/\/www.deberes.net\/tesis\/sin-categoria\/el-eje-de-practicas-profesionales-en-el-marco-de-la-formacion-docente-un-estudio-de-caso\/"},"modified":"2018-03-09T09:12:16","modified_gmt":"2018-03-09T09:12:16","slug":"el-eje-de-practicas-profesionales-en-el-marco-de-la-formacion-docente-un-estudio-de-caso","status":"publish","type":"post","link":"https:\/\/www.deberes.net\/tesis\/rovira-i-virgili\/el-eje-de-practicas-profesionales-en-el-marco-de-la-formacion-docente-un-estudio-de-caso\/","title":{"rendered":"El eje de pr\u00e1cticas profesionales en el marco de la formaci\u00f3n docente (un estudio de caso)"},"content":{"rendered":"<h2>Tesis doctoral de <strong>  Sayago Quintana Zoraida Beatriz <\/strong><\/h2>\n<p>Esta investigaci\u00f3n abord\u00f3 el eje de pr\u00e1cticas profesionales de la carrera educaci\u00f3n b\u00e1sica integral que se dicta en la universidad de los andes &#8211; t\u00e1chira como problema de investigaci\u00f3n y en particular examin\u00f3, una experiencia particular como fue la pasant\u00eda. Se gui\u00f3 por dos objetivos generales como fueron: identificar los fundamentos te\u00f3ricos que le otorgan sentido e intencionalidad al eje dento del marco de la formaci\u00f3n docente y por la descripci\u00f3n de la experiencia de diez estudiantes en pasant\u00edas, el origen y consecuencias de sus concepciones y su aplicaci\u00f3n en el aula escolar.  se sirvi\u00f3 del paradigma interpretativo y como dise\u00f1o metodol\u00f3gico se utiliz\u00f3 el estudio de caso \u00fanico.  se combinaron estrategias cualitativas (observaci\u00f3n, diarios, notas de campo y entrevistas) y cuantitativas (encuesta) que estuviesen en conjunci\u00f3n con la orientaci\u00f3n te\u00f3rica que sustent\u00f3 la investigaci\u00f3n.  los datos recogidos de la aplicaci\u00f3n de esos instrumentos se triangularon y arrojaron un conjunto de interpretaciones que dieron origen a un cuerpo coherente de hallazgos.  las conclusiones se orientaron a sugerir alternativas para la mejora del eje y particularmente para el ajuste y reestructuraci\u00f3n curricular.<\/p>\n<p>&nbsp;<\/p>\n<h3>Datos acad\u00e9micos de la tesis doctoral \u00ab<strong>El eje de pr\u00e1cticas profesionales en el marco de la formaci\u00f3n docente (un estudio de caso)<\/strong>\u00ab<\/h3>\n<ul>\n<li><strong>T\u00edtulo de la tesis:<\/strong>\u00a0 El eje de pr\u00e1cticas profesionales en el marco de la formaci\u00f3n docente (un estudio de caso) <\/li>\n<li><strong>Autor:<\/strong>\u00a0  Sayago Quintana Zoraida Beatriz <\/li>\n<li><strong>Universidad:<\/strong>\u00a0 Rovira i virgili<\/li>\n<li><strong>Fecha de lectura de la tesis:<\/strong>\u00a0 21\/03\/2003<\/li>\n<\/ul>\n<p>&nbsp;<\/p>\n<h3>Direcci\u00f3n y tribunal<\/h3>\n<ul>\n<li><strong>Director de la tesis<\/strong>\n<ul>\n<li>Vicente Ferreres Pav\u00eda<\/li>\n<\/ul>\n<\/li>\n<li><strong>Tribunal<\/strong>\n<ul>\n<li>Presidente del tribunal: angel pio Gonzalez soto <\/li>\n<li>Mar\u00eda  lourdes Montero mesa (vocal)<\/li>\n<li>Manuel Fern\u00e1ndez cruz (vocal)<\/li>\n<li>jaione Apalategi begiristain (vocal)<\/li>\n<\/ul>\n<\/li>\n<\/ul>\n<p>&nbsp;<\/p>\n","protected":false},"excerpt":{"rendered":"<p>Tesis doctoral de Sayago Quintana Zoraida Beatriz Esta investigaci\u00f3n abord\u00f3 el eje de pr\u00e1cticas profesionales de la carrera educaci\u00f3n b\u00e1sica [&hellip;]<\/p>\n","protected":false},"author":1,"featured_media":0,"comment_status":"open","ping_status":"open","sticky":false,"template":"","format":"standard","meta":{"site-sidebar-layout":"default","site-content-layout":"","ast-site-content-layout":"","site-content-style":"default","site-sidebar-style":"default","ast-global-header-display":"","ast-banner-title-visibility":"","ast-main-header-display":"","ast-hfb-above-header-display":"","ast-hfb-below-header-display":"","ast-hfb-mobile-header-display":"","site-post-title":"","ast-breadcrumbs-content":"","ast-featured-img":"","footer-sml-layout":"","theme-transparent-header-meta":"","adv-header-id-meta":"","stick-header-meta":"","header-above-stick-meta":"","header-main-stick-meta":"","header-below-stick-meta":"","astra-migrate-meta-layouts":"default","ast-page-background-enabled":"default","ast-page-background-meta":{"desktop":{"background-color":"var(--ast-global-color-4)","background-image":"","background-repeat":"repeat","background-position":"center center","background-size":"auto","background-attachment":"scroll","background-type":"","background-media":"","overlay-type":"","overlay-color":"","overlay-gradient":""},"tablet":{"background-color":"","background-image":"","background-repeat":"repeat","background-position":"center center","background-size":"auto","background-attachment":"scroll","background-type":"","background-media":"","overlay-type":"","overlay-color":"","overlay-gradient":""},"mobile":{"background-color":"","background-image":"","background-repeat":"repeat","background-position":"center center","background-size":"auto","background-attachment":"scroll","background-type":"","background-media":"","overlay-type":"","overlay-color":"","overlay-gradient":""}},"ast-content-background-meta":{"desktop":{"background-color":"var(--ast-global-color-5)","background-image":"","background-repeat":"repeat","background-position":"center center","background-size":"auto","background-attachment":"scroll","background-type":"","background-media":"","overlay-type":"","overlay-color":"","overlay-gradient":""},"tablet":{"background-color":"var(--ast-global-color-5)","background-image":"","background-repeat":"repeat","background-position":"center center","background-size":"auto","background-attachment":"scroll","background-type":"","background-media":"","overlay-type":"","overlay-color":"","overlay-gradient":""},"mobile":{"background-color":"var(--ast-global-color-5)","background-image":"","background-repeat":"repeat","background-position":"center center","background-size":"auto","background-attachment":"scroll","background-type":"","background-media":"","overlay-type":"","overlay-color":"","overlay-gradient":""}},"footnotes":""},"categories":[18759],"tags":[13980,28021,21900,8125,66508,1291],"class_list":["post-22197","post","type-post","status-publish","format-standard","hentry","category-rovira-i-virgili","tag-angel-pio-gonzalez-soto","tag-jaione-apalategi-begiristain","tag-manuel-fernandez-cruz","tag-maria-lourdes-montero-mesa","tag-sayago-quintana-zoraida-beatriz","tag-vicente-ferreres-pavia"],"_links":{"self":[{"href":"https:\/\/www.deberes.net\/tesis\/wp-json\/wp\/v2\/posts\/22197","targetHints":{"allow":["GET"]}}],"collection":[{"href":"https:\/\/www.deberes.net\/tesis\/wp-json\/wp\/v2\/posts"}],"about":[{"href":"https:\/\/www.deberes.net\/tesis\/wp-json\/wp\/v2\/types\/post"}],"author":[{"embeddable":true,"href":"https:\/\/www.deberes.net\/tesis\/wp-json\/wp\/v2\/users\/1"}],"replies":[{"embeddable":true,"href":"https:\/\/www.deberes.net\/tesis\/wp-json\/wp\/v2\/comments?post=22197"}],"version-history":[{"count":0,"href":"https:\/\/www.deberes.net\/tesis\/wp-json\/wp\/v2\/posts\/22197\/revisions"}],"wp:attachment":[{"href":"https:\/\/www.deberes.net\/tesis\/wp-json\/wp\/v2\/media?parent=22197"}],"wp:term":[{"taxonomy":"category","embeddable":true,"href":"https:\/\/www.deberes.net\/tesis\/wp-json\/wp\/v2\/categories?post=22197"},{"taxonomy":"post_tag","embeddable":true,"href":"https:\/\/www.deberes.net\/tesis\/wp-json\/wp\/v2\/tags?post=22197"}],"curies":[{"name":"wp","href":"https:\/\/api.w.org\/{rel}","templated":true}]}}