{"id":22221,"date":"2018-03-09T09:12:18","date_gmt":"2018-03-09T09:12:18","guid":{"rendered":"https:\/\/www.deberes.net\/tesis\/sin-categoria\/efectos-del-tamano-ionico-en-el-transporte-a-traves-de-membranas\/"},"modified":"2018-03-09T09:12:18","modified_gmt":"2018-03-09T09:12:18","slug":"efectos-del-tamano-ionico-en-el-transporte-a-traves-de-membranas","status":"publish","type":"post","link":"https:\/\/www.deberes.net\/tesis\/sin-categoria\/efectos-del-tamano-ionico-en-el-transporte-a-traves-de-membranas\/","title":{"rendered":"Efectos del tama\u00f1o i\u00f3nico en el transporte a trav\u00e9s de membranas"},"content":{"rendered":"<h2>Tesis doctoral de <strong> Javier Cervera Montesinos <\/strong><\/h2>\n<p>La tesis se centra en membranas porosas de carga fija con poros muy estrechos, lo que hace necesaria la inclusi\u00f3n de los efectos de tama\u00f1o i\u00f3nico en las ecuaciones que describen los fen\u00f3menos de transporte. Con este fin se generaliza el modelo de carga espacial con la introducci\u00f3n de la correcci\u00f3n por el tama\u00f1o finito de las especies, partiendo de primeros principios de la termodin\u00e1mica de los procesos irreversibles. La parte experimental de la tesis ha abordado la ruta paracelular de los cultivos de c\u00e9lulas epiteliales. La aplicaci\u00f3n del modelo te\u00f3rico a este sistema ha permitido estimar los par\u00e1metros que dictaminan el transporte de f\u00e1rmacos en forma i\u00f3nica por esta v\u00eda.<\/p>\n<p>&nbsp;<\/p>\n<h3>Datos acad\u00e9micos de la tesis doctoral \u00ab<strong>Efectos del tama\u00f1o i\u00f3nico en el transporte a trav\u00e9s de membranas<\/strong>\u00ab<\/h3>\n<ul>\n<li><strong>T\u00edtulo de la tesis:<\/strong>\u00a0 Efectos del tama\u00f1o i\u00f3nico en el transporte a trav\u00e9s de membranas <\/li>\n<li><strong>Autor:<\/strong>\u00a0 Javier Cervera Montesinos <\/li>\n<li><strong>Universidad:<\/strong>\u00a0 Universitat de val\u00e9ncia (estudi general)<\/li>\n<li><strong>Fecha de lectura de la tesis:<\/strong>\u00a0 24\/03\/2003<\/li>\n<\/ul>\n<p>&nbsp;<\/p>\n<h3>Direcci\u00f3n y tribunal<\/h3>\n<ul>\n<li><strong>Director de la tesis<\/strong>\n<ul>\n<li>Salvador Maf\u00e9 Matoses<\/li>\n<\/ul>\n<\/li>\n<li><strong>Tribunal<\/strong>\n<ul>\n<li>Presidente del tribunal: julio Pellicer Garc\u00eda <\/li>\n<li>Antonio Barbero Garc\u00eda (vocal)<\/li>\n<li>vicente Manuel Aguilella fern\u00e1ndez (vocal)<\/li>\n<li>koutturi Ky\u00ed\u00b6sti (vocal)<\/li>\n<\/ul>\n<\/li>\n<\/ul>\n<p>&nbsp;<\/p>\n","protected":false},"excerpt":{"rendered":"<p>Tesis doctoral de Javier Cervera Montesinos La tesis se centra en membranas porosas de carga fija con poros muy estrechos, [&hellip;]<\/p>\n","protected":false},"author":1,"featured_media":0,"comment_status":"open","ping_status":"open","sticky":false,"template":"","format":"standard","meta":{"site-sidebar-layout":"default","site-content-layout":"","ast-site-content-layout":"","site-content-style":"default","site-sidebar-style":"default","ast-global-header-display":"","ast-banner-title-visibility":"","ast-main-header-display":"","ast-hfb-above-header-display":"","ast-hfb-below-header-display":"","ast-hfb-mobile-header-display":"","site-post-title":"","ast-breadcrumbs-content":"","ast-featured-img":"","footer-sml-layout":"","theme-transparent-header-meta":"","adv-header-id-meta":"","stick-header-meta":"","header-above-stick-meta":"","header-main-stick-meta":"","header-below-stick-meta":"","astra-migrate-meta-layouts":"default","ast-page-background-enabled":"default","ast-page-background-meta":{"desktop":{"background-color":"var(--ast-global-color-4)","background-image":"","background-repeat":"repeat","background-position":"center center","background-size":"auto","background-attachment":"scroll","background-type":"","background-media":"","overlay-type":"","overlay-color":"","overlay-gradient":""},"tablet":{"background-color":"","background-image":"","background-repeat":"repeat","background-position":"center center","background-size":"auto","background-attachment":"scroll","background-type":"","background-media":"","overlay-type":"","overlay-color":"","overlay-gradient":""},"mobile":{"background-color":"","background-image":"","background-repeat":"repeat","background-position":"center center","background-size":"auto","background-attachment":"scroll","background-type":"","background-media":"","overlay-type":"","overlay-color":"","overlay-gradient":""}},"ast-content-background-meta":{"desktop":{"background-color":"var(--ast-global-color-5)","background-image":"","background-repeat":"repeat","background-position":"center center","background-size":"auto","background-attachment":"scroll","background-type":"","background-media":"","overlay-type":"","overlay-color":"","overlay-gradient":""},"tablet":{"background-color":"var(--ast-global-color-5)","background-image":"","background-repeat":"repeat","background-position":"center center","background-size":"auto","background-attachment":"scroll","background-type":"","background-media":"","overlay-type":"","overlay-color":"","overlay-gradient":""},"mobile":{"background-color":"var(--ast-global-color-5)","background-image":"","background-repeat":"repeat","background-position":"center center","background-size":"auto","background-attachment":"scroll","background-type":"","background-media":"","overlay-type":"","overlay-color":"","overlay-gradient":""}},"footnotes":""},"categories":[1],"tags":[66568,66567,12244,66570,12242,66569],"class_list":["post-22221","post","type-post","status-publish","format-standard","hentry","category-sin-categoria","tag-antonio-barbero-garcia","tag-javier-cervera-montesinos","tag-julio-pellicer-garcia","tag-koutturi-kyisti","tag-salvador-mafe-matoses","tag-vicente-manuel-aguilella-fernandez"],"_links":{"self":[{"href":"https:\/\/www.deberes.net\/tesis\/wp-json\/wp\/v2\/posts\/22221","targetHints":{"allow":["GET"]}}],"collection":[{"href":"https:\/\/www.deberes.net\/tesis\/wp-json\/wp\/v2\/posts"}],"about":[{"href":"https:\/\/www.deberes.net\/tesis\/wp-json\/wp\/v2\/types\/post"}],"author":[{"embeddable":true,"href":"https:\/\/www.deberes.net\/tesis\/wp-json\/wp\/v2\/users\/1"}],"replies":[{"embeddable":true,"href":"https:\/\/www.deberes.net\/tesis\/wp-json\/wp\/v2\/comments?post=22221"}],"version-history":[{"count":0,"href":"https:\/\/www.deberes.net\/tesis\/wp-json\/wp\/v2\/posts\/22221\/revisions"}],"wp:attachment":[{"href":"https:\/\/www.deberes.net\/tesis\/wp-json\/wp\/v2\/media?parent=22221"}],"wp:term":[{"taxonomy":"category","embeddable":true,"href":"https:\/\/www.deberes.net\/tesis\/wp-json\/wp\/v2\/categories?post=22221"},{"taxonomy":"post_tag","embeddable":true,"href":"https:\/\/www.deberes.net\/tesis\/wp-json\/wp\/v2\/tags?post=22221"}],"curies":[{"name":"wp","href":"https:\/\/api.w.org\/{rel}","templated":true}]}}