{"id":22225,"date":"2018-03-09T09:12:18","date_gmt":"2018-03-09T09:12:18","guid":{"rendered":"https:\/\/www.deberes.net\/tesis\/sin-categoria\/concepto-y-regimen-jura%c2%addico-de-las-disposiciones-administrativas-en-el-ambito-de-la-administracion-del-estado-una-propuesta-desde-un-paradigma-social-de-derecho\/"},"modified":"2018-03-09T09:12:18","modified_gmt":"2018-03-09T09:12:18","slug":"concepto-y-regimen-jura%c2%addico-de-las-disposiciones-administrativas-en-el-ambito-de-la-administracion-del-estado-una-propuesta-desde-un-paradigma-social-de-derecho","status":"publish","type":"post","link":"https:\/\/www.deberes.net\/tesis\/sin-categoria\/concepto-y-regimen-jura%c2%addico-de-las-disposiciones-administrativas-en-el-ambito-de-la-administracion-del-estado-una-propuesta-desde-un-paradigma-social-de-derecho\/","title":{"rendered":"Concepto y r\u00e9gimen jur\u00eddico de las disposiciones administrativas en el \u00e1mbito de la administraci\u00f3n del estado. una propuesta desde un paradigma social de derecho"},"content":{"rendered":"<h2>Tesis doctoral de <strong> Eduardo Melero Alonso <\/strong><\/h2>\n<p>Esta tesis doctoral tiene como objeto de estudio la potestad normativa de la administraci\u00f3n. En concreto, las normas aprobadas por los \u00f3rganos administrativos de rango inferior al ministro, los organismos p\u00fablicos y las entidades de derecho p\u00fablico conocidas como administraciones independientes. tambi\u00e9n se analizan las instrucciones y \u00f3rdenes de servicio. La tesis propone la distinci\u00f3n conceptual entre los reglamentos y las disposiciones administrativas, distinci\u00f3n que es consecuencia de la diferente posici\u00f3n institucional que le corresponde al gobierno y a la administraci\u00f3n en nuestro sistema constitucional. de este modo, se propone que los reglamentos pueden suponer tanto el ejercicio de funciones de direcci\u00f3n pol\u00edtica como el ejercicio de funciones materialmente administrativas. Por el contrario, las disposiciones administrativas s\u00f3lo pueden implicar el ejercicio de funciones ejecutivas de car\u00e1cter administrativo.  la perspectiva de estudio parte de la comprensi\u00f3n paradigm\u00e1tica del derecho propuesta por j\u00ed\u00bcrgen habermas, adopatando un paradigma social de derecho, lo que significa que se otorga mayor importancia a los elementos propios del estado social, interpret\u00e1ndose desde ellos los elementos propios del estado de derecho.  en el primer bloque de la tesis se analiza el estado de la cuesti\u00f3n en la doctrina sobre la potestad normativa de la administraci\u00f3n, y la forma en que la administraci\u00f3n est\u00e1 ejerciendo en la pr\u00e1ctica esta potestad. en el segundo bloque se define y perfila el concepto de disposici\u00f3n administrativas, se\u00f1alando las condiciones y l\u00edmites para el ejercicio de la potestad normativa por parte de la administraci\u00f3n. Por \u00faltimo en el tercer bloque se estudian los requisitos de su procedimiento de elaboraci\u00f3n, publicaci\u00f3n y su control de legalidad tatno en v\u00eda administrativa como ante la jurisdicci\u00f3n contencioso-administrativa.<\/p>\n<p>&nbsp;<\/p>\n<h3>Datos acad\u00e9micos de la tesis doctoral \u00ab<strong>Concepto y r\u00e9gimen jur\u00eddico de las disposiciones administrativas en el \u00e1mbito de la administraci\u00f3n del estado. una propuesta desde un paradigma social de derecho<\/strong>\u00ab<\/h3>\n<ul>\n<li><strong>T\u00edtulo de la tesis:<\/strong>\u00a0 Concepto y r\u00e9gimen jur\u00eddico de las disposiciones administrativas en el \u00e1mbito de la administraci\u00f3n del estado. una propuesta desde un paradigma social de derecho <\/li>\n<li><strong>Autor:<\/strong>\u00a0 Eduardo Melero Alonso <\/li>\n<li><strong>Universidad:<\/strong>\u00a0 Aut\u00f3noma de Madrid<\/li>\n<li><strong>Fecha de lectura de la tesis:<\/strong>\u00a0 24\/03\/2003<\/li>\n<\/ul>\n<p>&nbsp;<\/p>\n<h3>Direcci\u00f3n y tribunal<\/h3>\n<ul>\n<li><strong>Director de la tesis<\/strong>\n<ul>\n<li>\u00e1ngel Men\u00e9ndez Rexach<\/li>\n<\/ul>\n<\/li>\n<li><strong>Tribunal<\/strong>\n<ul>\n<li>Presidente del tribunal: alfredo Gallego anabitarte <\/li>\n<li>Rafael G\u00f3mez-ferrer morant (vocal)<\/li>\n<li>\u00e1ngel Garrorena morales (vocal)<\/li>\n<li>Jos\u00e9 Antonio Estevez araujo (vocal)<\/li>\n<\/ul>\n<\/li>\n<\/ul>\n<p>&nbsp;<\/p>\n","protected":false},"excerpt":{"rendered":"<p>Tesis doctoral de Eduardo Melero Alonso Esta tesis doctoral tiene como objeto de estudio la potestad normativa de la administraci\u00f3n. [&hellip;]<\/p>\n","protected":false},"author":1,"featured_media":0,"comment_status":"open","ping_status":"open","sticky":false,"template":"","format":"standard","meta":{"site-sidebar-layout":"default","site-content-layout":"","ast-site-content-layout":"","site-content-style":"default","site-sidebar-style":"default","ast-global-header-display":"","ast-banner-title-visibility":"","ast-main-header-display":"","ast-hfb-above-header-display":"","ast-hfb-below-header-display":"","ast-hfb-mobile-header-display":"","site-post-title":"","ast-breadcrumbs-content":"","ast-featured-img":"","footer-sml-layout":"","theme-transparent-header-meta":"","adv-header-id-meta":"","stick-header-meta":"","header-above-stick-meta":"","header-main-stick-meta":"","header-below-stick-meta":"","astra-migrate-meta-layouts":"default","ast-page-background-enabled":"default","ast-page-background-meta":{"desktop":{"background-color":"var(--ast-global-color-4)","background-image":"","background-repeat":"repeat","background-position":"center center","background-size":"auto","background-attachment":"scroll","background-type":"","background-media":"","overlay-type":"","overlay-color":"","overlay-gradient":""},"tablet":{"background-color":"","background-image":"","background-repeat":"repeat","background-position":"center center","background-size":"auto","background-attachment":"scroll","background-type":"","background-media":"","overlay-type":"","overlay-color":"","overlay-gradient":""},"mobile":{"background-color":"","background-image":"","background-repeat":"repeat","background-position":"center center","background-size":"auto","background-attachment":"scroll","background-type":"","background-media":"","overlay-type":"","overlay-color":"","overlay-gradient":""}},"ast-content-background-meta":{"desktop":{"background-color":"var(--ast-global-color-5)","background-image":"","background-repeat":"repeat","background-position":"center center","background-size":"auto","background-attachment":"scroll","background-type":"","background-media":"","overlay-type":"","overlay-color":"","overlay-gradient":""},"tablet":{"background-color":"var(--ast-global-color-5)","background-image":"","background-repeat":"repeat","background-position":"center center","background-size":"auto","background-attachment":"scroll","background-type":"","background-media":"","overlay-type":"","overlay-color":"","overlay-gradient":""},"mobile":{"background-color":"var(--ast-global-color-5)","background-image":"","background-repeat":"repeat","background-position":"center center","background-size":"auto","background-attachment":"scroll","background-type":"","background-media":"","overlay-type":"","overlay-color":"","overlay-gradient":""}},"footnotes":""},"categories":[1],"tags":[14617,29539,14619,66579,33075,3455],"class_list":["post-22225","post","type-post","status-publish","format-standard","hentry","category-sin-categoria","tag-alfredo-gallego-anabitarte","tag-angel-garrorena-morales","tag-angel-menendez-rexach","tag-eduardo-melero-alonso","tag-jose-antonio-estevez-araujo","tag-rafael-gomez-ferrer-morant"],"_links":{"self":[{"href":"https:\/\/www.deberes.net\/tesis\/wp-json\/wp\/v2\/posts\/22225","targetHints":{"allow":["GET"]}}],"collection":[{"href":"https:\/\/www.deberes.net\/tesis\/wp-json\/wp\/v2\/posts"}],"about":[{"href":"https:\/\/www.deberes.net\/tesis\/wp-json\/wp\/v2\/types\/post"}],"author":[{"embeddable":true,"href":"https:\/\/www.deberes.net\/tesis\/wp-json\/wp\/v2\/users\/1"}],"replies":[{"embeddable":true,"href":"https:\/\/www.deberes.net\/tesis\/wp-json\/wp\/v2\/comments?post=22225"}],"version-history":[{"count":0,"href":"https:\/\/www.deberes.net\/tesis\/wp-json\/wp\/v2\/posts\/22225\/revisions"}],"wp:attachment":[{"href":"https:\/\/www.deberes.net\/tesis\/wp-json\/wp\/v2\/media?parent=22225"}],"wp:term":[{"taxonomy":"category","embeddable":true,"href":"https:\/\/www.deberes.net\/tesis\/wp-json\/wp\/v2\/categories?post=22225"},{"taxonomy":"post_tag","embeddable":true,"href":"https:\/\/www.deberes.net\/tesis\/wp-json\/wp\/v2\/tags?post=22225"}],"curies":[{"name":"wp","href":"https:\/\/api.w.org\/{rel}","templated":true}]}}