{"id":22240,"date":"2018-03-09T09:12:20","date_gmt":"2018-03-09T09:12:20","guid":{"rendered":"https:\/\/www.deberes.net\/tesis\/sin-categoria\/modificaciones-de-los-mediadores-de-la-respuesta-inmune-en-pacientes-sometidos-a-anestesia-general\/"},"modified":"2018-03-09T09:12:20","modified_gmt":"2018-03-09T09:12:20","slug":"modificaciones-de-los-mediadores-de-la-respuesta-inmune-en-pacientes-sometidos-a-anestesia-general","status":"publish","type":"post","link":"https:\/\/www.deberes.net\/tesis\/palmas-de-gran-canaria\/modificaciones-de-los-mediadores-de-la-respuesta-inmune-en-pacientes-sometidos-a-anestesia-general\/","title":{"rendered":"Modificaciones de los mediadores de la respuesta inmune en pacientes sometidos a anestesia general"},"content":{"rendered":"<h2>Tesis doctoral de <strong>  Ortiz Ponce Mirta Edith <\/strong><\/h2>\n<p>Introducci\u00f3n  es indudable que cuando se lleva a cabo una anestesia general balanceada, existe el riesgo de que aparezca una reacci\u00f3n anafil\u00e1ctica &#8211; anafilactoide, evaluando seg\u00fan la gravedad de la sintomatolog\u00eda en 1\/1000 a 1\/5000 anestesias; ya que las sustancias que se utilizan para efectuar dicha anestesia, son medicamentos con potencial al\u00e9rgico y liberador de histamina.  justificaci\u00f3n del presente estudio  el riesgo de anafilaxia perioperatoria, no deja de inquietar a las compa\u00f1\u00edas de seguros, a pesar de que las sociedades espa\u00f1olas de alergolog\u00eda y anestesiolog\u00eda, han establecido un protocolo de actuaci\u00f3n, publicado por la direcci\u00f3n general de insalud, sobre la realizaci\u00f3n de pruebas al\u00e9rgicas en anestesias generales y locorregionales, que data del 30 junio de 1994, la demanda asistencial en nuestro medio sobere petici\u00f3n de estudios alergol\u00f3gicos a anest\u00e9sicos ha aumentado. La causa radica en la mayor afluencia de sentencias judiciales contra anestesistas, por accidentes quir\u00fargicos de dudosa etiolog\u00eda al\u00e9rgica.  objetivo  el motivo del presente estudio es aclarar la etiopatogenia de las reacciones adversas a miorrelajantes, que se producen en pacientes quir\u00fargicos sometidos a anesteia general y si realmente tienen un origen de hipersensibilidad, estudiar los cambios que sufren los mediadores de la respuesta inmune a trav\u00e9s de estudios inmuno alergol\u00f3gicos que incluyen estudios inmediatos que parten de: historia cl\u00ednica, para continuar con estudio de manifestaciones cl\u00ednicas y la realizaci\u00f3n de pruebas especiales in vitro, en situaci\u00f3n pre y postanest\u00e9sicas.  material y m\u00e9todo  una vez aprobado el trabajo por el comit\u00e9 de \u00e9tica y previo consentimiento informado, por escrito, se llev\u00f3 a cabo, un estudio prospectivo en 200 pacientes a.S.A. I a iii, programados para cirug\u00eda general, de las especialidades quir\u00fargicas; cirug\u00eda general, ginecolog\u00eda, traumatolog\u00eda, urolog\u00eda y orl; con el equ<\/p>\n<p>&nbsp;<\/p>\n<h3>Datos acad\u00e9micos de la tesis doctoral \u00ab<strong>Modificaciones de los mediadores de la respuesta inmune en pacientes sometidos a anestesia general<\/strong>\u00ab<\/h3>\n<ul>\n<li><strong>T\u00edtulo de la tesis:<\/strong>\u00a0 Modificaciones de los mediadores de la respuesta inmune en pacientes sometidos a anestesia general <\/li>\n<li><strong>Autor:<\/strong>\u00a0  Ortiz Ponce Mirta Edith <\/li>\n<li><strong>Universidad:<\/strong>\u00a0 Palmas de gran canaria<\/li>\n<li><strong>Fecha de lectura de la tesis:<\/strong>\u00a0 25\/03\/2003<\/li>\n<\/ul>\n<p>&nbsp;<\/p>\n<h3>Direcci\u00f3n y tribunal<\/h3>\n<ul>\n<li><strong>Director de la tesis<\/strong>\n<ul>\n<li>Anselmo S\u00e1nchez Palacios<\/li>\n<\/ul>\n<\/li>\n<li><strong>Tribunal<\/strong>\n<ul>\n<li>Presidente del tribunal: zoilo Gonz\u00e1lez lama <\/li>\n<li>ricardo Gonz\u00e1lez canton (vocal)<\/li>\n<li>Manuel S\u00e1nchez palacios (vocal)<\/li>\n<li>Rafael Castro moraleja (vocal)<\/li>\n<\/ul>\n<\/li>\n<\/ul>\n<p>&nbsp;<\/p>\n","protected":false},"excerpt":{"rendered":"<p>Tesis doctoral de Ortiz Ponce Mirta Edith Introducci\u00f3n es indudable que cuando se lleva a cabo una anestesia general balanceada, [&hellip;]<\/p>\n","protected":false},"author":1,"featured_media":0,"comment_status":"open","ping_status":"open","sticky":false,"template":"","format":"standard","meta":{"site-sidebar-layout":"default","site-content-layout":"","ast-site-content-layout":"","site-content-style":"default","site-sidebar-style":"default","ast-global-header-display":"","ast-banner-title-visibility":"","ast-main-header-display":"","ast-hfb-above-header-display":"","ast-hfb-below-header-display":"","ast-hfb-mobile-header-display":"","site-post-title":"","ast-breadcrumbs-content":"","ast-featured-img":"","footer-sml-layout":"","theme-transparent-header-meta":"","adv-header-id-meta":"","stick-header-meta":"","header-above-stick-meta":"","header-main-stick-meta":"","header-below-stick-meta":"","astra-migrate-meta-layouts":"default","ast-page-background-enabled":"default","ast-page-background-meta":{"desktop":{"background-color":"var(--ast-global-color-4)","background-image":"","background-repeat":"repeat","background-position":"center center","background-size":"auto","background-attachment":"scroll","background-type":"","background-media":"","overlay-type":"","overlay-color":"","overlay-gradient":""},"tablet":{"background-color":"","background-image":"","background-repeat":"repeat","background-position":"center center","background-size":"auto","background-attachment":"scroll","background-type":"","background-media":"","overlay-type":"","overlay-color":"","overlay-gradient":""},"mobile":{"background-color":"","background-image":"","background-repeat":"repeat","background-position":"center center","background-size":"auto","background-attachment":"scroll","background-type":"","background-media":"","overlay-type":"","overlay-color":"","overlay-gradient":""}},"ast-content-background-meta":{"desktop":{"background-color":"var(--ast-global-color-5)","background-image":"","background-repeat":"repeat","background-position":"center center","background-size":"auto","background-attachment":"scroll","background-type":"","background-media":"","overlay-type":"","overlay-color":"","overlay-gradient":""},"tablet":{"background-color":"var(--ast-global-color-5)","background-image":"","background-repeat":"repeat","background-position":"center center","background-size":"auto","background-attachment":"scroll","background-type":"","background-media":"","overlay-type":"","overlay-color":"","overlay-gradient":""},"mobile":{"background-color":"var(--ast-global-color-5)","background-image":"","background-repeat":"repeat","background-position":"center center","background-size":"auto","background-attachment":"scroll","background-type":"","background-media":"","overlay-type":"","overlay-color":"","overlay-gradient":""}},"footnotes":""},"categories":[16629],"tags":[31180,66610,66609,66611,10129,2348],"class_list":["post-22240","post","type-post","status-publish","format-standard","hentry","category-palmas-de-gran-canaria","tag-anselmo-sanchez-palacios","tag-manuel-sanchez-palacios","tag-ortiz-ponce-mirta-edith","tag-rafael-castro-moraleja","tag-ricardo-gonzalez-canton","tag-zoilo-gonzalez-lama"],"_links":{"self":[{"href":"https:\/\/www.deberes.net\/tesis\/wp-json\/wp\/v2\/posts\/22240","targetHints":{"allow":["GET"]}}],"collection":[{"href":"https:\/\/www.deberes.net\/tesis\/wp-json\/wp\/v2\/posts"}],"about":[{"href":"https:\/\/www.deberes.net\/tesis\/wp-json\/wp\/v2\/types\/post"}],"author":[{"embeddable":true,"href":"https:\/\/www.deberes.net\/tesis\/wp-json\/wp\/v2\/users\/1"}],"replies":[{"embeddable":true,"href":"https:\/\/www.deberes.net\/tesis\/wp-json\/wp\/v2\/comments?post=22240"}],"version-history":[{"count":0,"href":"https:\/\/www.deberes.net\/tesis\/wp-json\/wp\/v2\/posts\/22240\/revisions"}],"wp:attachment":[{"href":"https:\/\/www.deberes.net\/tesis\/wp-json\/wp\/v2\/media?parent=22240"}],"wp:term":[{"taxonomy":"category","embeddable":true,"href":"https:\/\/www.deberes.net\/tesis\/wp-json\/wp\/v2\/categories?post=22240"},{"taxonomy":"post_tag","embeddable":true,"href":"https:\/\/www.deberes.net\/tesis\/wp-json\/wp\/v2\/tags?post=22240"}],"curies":[{"name":"wp","href":"https:\/\/api.w.org\/{rel}","templated":true}]}}