{"id":22266,"date":"2018-03-09T09:12:22","date_gmt":"2018-03-09T09:12:22","guid":{"rendered":"https:\/\/www.deberes.net\/tesis\/sin-categoria\/prensa-y-educacion-en-el-proceso-de-integracion-europeo\/"},"modified":"2018-03-09T09:12:22","modified_gmt":"2018-03-09T09:12:22","slug":"prensa-y-educacion-en-el-proceso-de-integracion-europeo","status":"publish","type":"post","link":"https:\/\/www.deberes.net\/tesis\/malaga\/prensa-y-educacion-en-el-proceso-de-integracion-europeo\/","title":{"rendered":"Prensa y educaci\u00f3n en el proceso de integraci\u00f3n europeo"},"content":{"rendered":"<h2>Tesis doctoral de <strong> Emilio Fuentes Romero <\/strong><\/h2>\n<p>La tesis parte del an\u00e1lisis de la coyuntura sociopol\u00edtica que genera la creaci\u00f3n del espacio de la ue, para ir examinando el papel jugado por los medios de comunicaci\u00f3n impresos en el proceso de socializaci\u00f3n por los ciudadanos de la nueva europa.  el marco descriptivo viene dado por el examen en paralelo del discurso pol\u00edtico, el socioecon\u00f3mico y el medi\u00e1tico. A partir de ah\u00ed se centra en los problemas que se han ido evidenciando a ra\u00edz de determinadas carencias en el discurso de la integraci\u00f3n, en los obst\u00e1culos introducidos por los propios pa\u00edses integrantes, en el desconocimiento de los ciudadanos de la importancia de las decisiones pol\u00edticas comunitarias en su apuesta por diluir las fronteras nacionales y en la ausencia de una pol\u00edtica efectiva que premie y facilite los esfuerzos del \u00e1mbito educativo.  el autor llega a la conclusi\u00f3n de la existencia de un d\u00e9ficit de informaci\u00f3n achacable a la ausencia de una informaci\u00f3n adecuada, atribuible tanto a los medios como a los propios \u00abarquitectos\u00bb comunitarios.<\/p>\n<p>&nbsp;<\/p>\n<h3>Datos acad\u00e9micos de la tesis doctoral \u00ab<strong>Prensa y educaci\u00f3n en el proceso de integraci\u00f3n europeo<\/strong>\u00ab<\/h3>\n<ul>\n<li><strong>T\u00edtulo de la tesis:<\/strong>\u00a0 Prensa y educaci\u00f3n en el proceso de integraci\u00f3n europeo <\/li>\n<li><strong>Autor:<\/strong>\u00a0 Emilio Fuentes Romero <\/li>\n<li><strong>Universidad:<\/strong>\u00a0 M\u00e1laga<\/li>\n<li><strong>Fecha de lectura de la tesis:<\/strong>\u00a0 27\/03\/2003<\/li>\n<\/ul>\n<p>&nbsp;<\/p>\n<h3>Direcci\u00f3n y tribunal<\/h3>\n<ul>\n<li><strong>Director de la tesis<\/strong>\n<ul>\n<li>Juan  Antonio Garcia Galindo<\/li>\n<\/ul>\n<\/li>\n<li><strong>Tribunal<\/strong>\n<ul>\n<li>Presidente del tribunal: bernardo Diaz nosty <\/li>\n<li> G\u00f3mez mompart Jos\u00e9 Luis (vocal)<\/li>\n<li>amparo Moreno sard? (vocal)<\/li>\n<li>trinidad carolina Moreno castro (vocal)<\/li>\n<\/ul>\n<\/li>\n<\/ul>\n<p>&nbsp;<\/p>\n","protected":false},"excerpt":{"rendered":"<p>Tesis doctoral de Emilio Fuentes Romero La tesis parte del an\u00e1lisis de la coyuntura sociopol\u00edtica que genera la creaci\u00f3n del [&hellip;]<\/p>\n","protected":false},"author":1,"featured_media":0,"comment_status":"open","ping_status":"open","sticky":false,"template":"","format":"standard","meta":{"site-sidebar-layout":"default","site-content-layout":"","ast-site-content-layout":"","site-content-style":"default","site-sidebar-style":"default","ast-global-header-display":"","ast-banner-title-visibility":"","ast-main-header-display":"","ast-hfb-above-header-display":"","ast-hfb-below-header-display":"","ast-hfb-mobile-header-display":"","site-post-title":"","ast-breadcrumbs-content":"","ast-featured-img":"","footer-sml-layout":"","theme-transparent-header-meta":"","adv-header-id-meta":"","stick-header-meta":"","header-above-stick-meta":"","header-main-stick-meta":"","header-below-stick-meta":"","astra-migrate-meta-layouts":"default","ast-page-background-enabled":"default","ast-page-background-meta":{"desktop":{"background-color":"var(--ast-global-color-4)","background-image":"","background-repeat":"repeat","background-position":"center center","background-size":"auto","background-attachment":"scroll","background-type":"","background-media":"","overlay-type":"","overlay-color":"","overlay-gradient":""},"tablet":{"background-color":"","background-image":"","background-repeat":"repeat","background-position":"center center","background-size":"auto","background-attachment":"scroll","background-type":"","background-media":"","overlay-type":"","overlay-color":"","overlay-gradient":""},"mobile":{"background-color":"","background-image":"","background-repeat":"repeat","background-position":"center center","background-size":"auto","background-attachment":"scroll","background-type":"","background-media":"","overlay-type":"","overlay-color":"","overlay-gradient":""}},"ast-content-background-meta":{"desktop":{"background-color":"var(--ast-global-color-5)","background-image":"","background-repeat":"repeat","background-position":"center center","background-size":"auto","background-attachment":"scroll","background-type":"","background-media":"","overlay-type":"","overlay-color":"","overlay-gradient":""},"tablet":{"background-color":"var(--ast-global-color-5)","background-image":"","background-repeat":"repeat","background-position":"center center","background-size":"auto","background-attachment":"scroll","background-type":"","background-media":"","overlay-type":"","overlay-color":"","overlay-gradient":""},"mobile":{"background-color":"var(--ast-global-color-5)","background-image":"","background-repeat":"repeat","background-position":"center center","background-size":"auto","background-attachment":"scroll","background-type":"","background-media":"","overlay-type":"","overlay-color":"","overlay-gradient":""}},"footnotes":""},"categories":[7834],"tags":[19047,23795,66672,13709,47661,45332],"class_list":["post-22266","post","type-post","status-publish","format-standard","hentry","category-malaga","tag-amparo-moreno-sard","tag-bernardo-diaz-nosty","tag-emilio-fuentes-romero","tag-gomez-mompart-jose-luis","tag-juan-antonio-garcia-galindo","tag-trinidad-carolina-moreno-castro"],"_links":{"self":[{"href":"https:\/\/www.deberes.net\/tesis\/wp-json\/wp\/v2\/posts\/22266","targetHints":{"allow":["GET"]}}],"collection":[{"href":"https:\/\/www.deberes.net\/tesis\/wp-json\/wp\/v2\/posts"}],"about":[{"href":"https:\/\/www.deberes.net\/tesis\/wp-json\/wp\/v2\/types\/post"}],"author":[{"embeddable":true,"href":"https:\/\/www.deberes.net\/tesis\/wp-json\/wp\/v2\/users\/1"}],"replies":[{"embeddable":true,"href":"https:\/\/www.deberes.net\/tesis\/wp-json\/wp\/v2\/comments?post=22266"}],"version-history":[{"count":0,"href":"https:\/\/www.deberes.net\/tesis\/wp-json\/wp\/v2\/posts\/22266\/revisions"}],"wp:attachment":[{"href":"https:\/\/www.deberes.net\/tesis\/wp-json\/wp\/v2\/media?parent=22266"}],"wp:term":[{"taxonomy":"category","embeddable":true,"href":"https:\/\/www.deberes.net\/tesis\/wp-json\/wp\/v2\/categories?post=22266"},{"taxonomy":"post_tag","embeddable":true,"href":"https:\/\/www.deberes.net\/tesis\/wp-json\/wp\/v2\/tags?post=22266"}],"curies":[{"name":"wp","href":"https:\/\/api.w.org\/{rel}","templated":true}]}}