{"id":22279,"date":"2018-03-09T09:12:23","date_gmt":"2018-03-09T09:12:23","guid":{"rendered":"https:\/\/www.deberes.net\/tesis\/sin-categoria\/a-proposito-de-una-novela-postmoderna-en-el-ejemplo-de-das-parfum-die-geschichte-eines-ma%c2%b6rders\/"},"modified":"2018-03-09T09:12:23","modified_gmt":"2018-03-09T09:12:23","slug":"a-proposito-de-una-novela-postmoderna-en-el-ejemplo-de-das-parfum-die-geschichte-eines-ma%c2%b6rders","status":"publish","type":"post","link":"https:\/\/www.deberes.net\/tesis\/palmas-de-gran-canaria\/a-proposito-de-una-novela-postmoderna-en-el-ejemplo-de-das-parfum-die-geschichte-eines-ma%c2%b6rders\/","title":{"rendered":"A prop\u00f3sito de una novela postmoderna en el ejemplo de das parfum. die geschichte eines m\u00c1\u00b6rders"},"content":{"rendered":"<h2>Tesis doctoral de <strong>  Santana Quintana M. Cristina <\/strong><\/h2>\n<p>En la sociedad actual existe la evidencia de que el sentido de realidad se ha hecho m\u00e1s discontinuo, m\u00e1s inconcluso y cada vez m\u00e1s parecido a la ficci\u00f3n. Se vive sin llegar a experimentar, dot\u00e1ndose la vida a trav\u00e9s de im\u00e1genes imaginarias con significado. El mundo est\u00e1 cambiando vertiginosamente de forma heterog\u00e9nea, marcado por las diferencias y la pluralidad, donde ya no se admite ninguna norma o fundamentaci\u00f3n \u00fanica. Detr\u00e1s de este pensamiento, que indica una expresi\u00f3n fundamental del presente s eha originado una situaci\u00f3n de varias interpretaciones y necesidades, y es a todas estas dudas lo que la postmodernidad intentar responder. A esta forma de vivir le corresponde una literatura que rechace el af\u00e1n de dictadura cultural y criterios de evaluaci\u00f3n, permitiendo la coexistencia de diversas tendencias. Esta nueva literatura que recibe el nombre de postmoderna busca la experimentaci\u00f3n con la combinaci\u00f3n de la tradici\u00f3n popular, creando obras que son aceptadas por un gran n\u00famero de lectores.  la visi\u00f3n del texto postmoderno es positiva ante esta nueva situaci\u00f3n social e hist\u00f3rica, e intenta representar esta concepci\u00f3n de la ambiValencia en forma de variedad y tolerancia. Das parfum die geshichte eines m\u00ed\u00b6rders de patrick s\u00ed\u00bcskind se caracteriza en esta nueva orientaci\u00f3n por compartir la abundancia de diferentes juegos de lenguajes y por combinar varias formas de acci\u00f3n, expresando un sentido de pluralidad y de interdisciplinariedad.  como se ha podido observar en esta tesis patrick s\u00ed\u00bcskind, como autor postmoderno, representa un producto totalmente sorprendente, novedoso y llamativo, buscando una comunicaci\u00f3n que no concuerda con la noci\u00f3n tradicional. Das parfum. die geschichte eines m\u00ed\u00b6rders lleva a cabo la posibilidad de pensar en un sistema abierto end onde se entremzclan y coexiste lo que es incompatible, con una capacidad de mezclar lo inconciliable, por lo que alcanza una complejidad nueva en la experi<\/p>\n<p>&nbsp;<\/p>\n<h3>Datos acad\u00e9micos de la tesis doctoral \u00ab<strong>A prop\u00f3sito de una novela postmoderna en el ejemplo de das parfum. die geschichte eines m\u00c1\u00b6rders<\/strong>\u00ab<\/h3>\n<ul>\n<li><strong>T\u00edtulo de la tesis:<\/strong>\u00a0 A prop\u00f3sito de una novela postmoderna en el ejemplo de das parfum. die geschichte eines m\u00c1\u00b6rders <\/li>\n<li><strong>Autor:<\/strong>\u00a0  Santana Quintana M. Cristina <\/li>\n<li><strong>Universidad:<\/strong>\u00a0 Palmas de gran canaria<\/li>\n<li><strong>Fecha de lectura de la tesis:<\/strong>\u00a0 27\/03\/2003<\/li>\n<\/ul>\n<p>&nbsp;<\/p>\n<h3>Direcci\u00f3n y tribunal<\/h3>\n<ul>\n<li><strong>Director de la tesis<\/strong>\n<ul>\n<li>Luis Angel Acosta Gomez<\/li>\n<\/ul>\n<\/li>\n<li><strong>Tribunal<\/strong>\n<ul>\n<li>Presidente del tribunal: manuel Maldonado alem\u00e1n <\/li>\n<li> Mateo del pino m. angeles (vocal)<\/li>\n<li>Francisco Manuel Mari\u00f1o g\u00f3mez (vocal)<\/li>\n<li>m. carmen Toledano buendia (vocal)<\/li>\n<\/ul>\n<\/li>\n<\/ul>\n<p>&nbsp;<\/p>\n","protected":false},"excerpt":{"rendered":"<p>Tesis doctoral de Santana Quintana M. Cristina En la sociedad actual existe la evidencia de que el sentido de realidad [&hellip;]<\/p>\n","protected":false},"author":1,"featured_media":0,"comment_status":"open","ping_status":"open","sticky":false,"template":"","format":"standard","meta":{"site-sidebar-layout":"default","site-content-layout":"","ast-site-content-layout":"","site-content-style":"default","site-sidebar-style":"default","ast-global-header-display":"","ast-banner-title-visibility":"","ast-main-header-display":"","ast-hfb-above-header-display":"","ast-hfb-below-header-display":"","ast-hfb-mobile-header-display":"","site-post-title":"","ast-breadcrumbs-content":"","ast-featured-img":"","footer-sml-layout":"","theme-transparent-header-meta":"","adv-header-id-meta":"","stick-header-meta":"","header-above-stick-meta":"","header-main-stick-meta":"","header-below-stick-meta":"","astra-migrate-meta-layouts":"default","ast-page-background-enabled":"default","ast-page-background-meta":{"desktop":{"background-color":"var(--ast-global-color-4)","background-image":"","background-repeat":"repeat","background-position":"center center","background-size":"auto","background-attachment":"scroll","background-type":"","background-media":"","overlay-type":"","overlay-color":"","overlay-gradient":""},"tablet":{"background-color":"","background-image":"","background-repeat":"repeat","background-position":"center center","background-size":"auto","background-attachment":"scroll","background-type":"","background-media":"","overlay-type":"","overlay-color":"","overlay-gradient":""},"mobile":{"background-color":"","background-image":"","background-repeat":"repeat","background-position":"center center","background-size":"auto","background-attachment":"scroll","background-type":"","background-media":"","overlay-type":"","overlay-color":"","overlay-gradient":""}},"ast-content-background-meta":{"desktop":{"background-color":"var(--ast-global-color-5)","background-image":"","background-repeat":"repeat","background-position":"center center","background-size":"auto","background-attachment":"scroll","background-type":"","background-media":"","overlay-type":"","overlay-color":"","overlay-gradient":""},"tablet":{"background-color":"var(--ast-global-color-5)","background-image":"","background-repeat":"repeat","background-position":"center center","background-size":"auto","background-attachment":"scroll","background-type":"","background-media":"","overlay-type":"","overlay-color":"","overlay-gradient":""},"mobile":{"background-color":"var(--ast-global-color-5)","background-image":"","background-repeat":"repeat","background-position":"center center","background-size":"auto","background-attachment":"scroll","background-type":"","background-media":"","overlay-type":"","overlay-color":"","overlay-gradient":""}},"footnotes":""},"categories":[16629],"tags":[61173,6246,66707,11086,16743,66706],"class_list":["post-22279","post","type-post","status-publish","format-standard","hentry","category-palmas-de-gran-canaria","tag-francisco-manuel-marino-gomez","tag-luis-angel-acosta-gomez","tag-m-carmen-toledano-buendia","tag-manuel-maldonado-aleman","tag-mateo-del-pino-m-angeles","tag-santana-quintana-m-cristina"],"_links":{"self":[{"href":"https:\/\/www.deberes.net\/tesis\/wp-json\/wp\/v2\/posts\/22279","targetHints":{"allow":["GET"]}}],"collection":[{"href":"https:\/\/www.deberes.net\/tesis\/wp-json\/wp\/v2\/posts"}],"about":[{"href":"https:\/\/www.deberes.net\/tesis\/wp-json\/wp\/v2\/types\/post"}],"author":[{"embeddable":true,"href":"https:\/\/www.deberes.net\/tesis\/wp-json\/wp\/v2\/users\/1"}],"replies":[{"embeddable":true,"href":"https:\/\/www.deberes.net\/tesis\/wp-json\/wp\/v2\/comments?post=22279"}],"version-history":[{"count":0,"href":"https:\/\/www.deberes.net\/tesis\/wp-json\/wp\/v2\/posts\/22279\/revisions"}],"wp:attachment":[{"href":"https:\/\/www.deberes.net\/tesis\/wp-json\/wp\/v2\/media?parent=22279"}],"wp:term":[{"taxonomy":"category","embeddable":true,"href":"https:\/\/www.deberes.net\/tesis\/wp-json\/wp\/v2\/categories?post=22279"},{"taxonomy":"post_tag","embeddable":true,"href":"https:\/\/www.deberes.net\/tesis\/wp-json\/wp\/v2\/tags?post=22279"}],"curies":[{"name":"wp","href":"https:\/\/api.w.org\/{rel}","templated":true}]}}