{"id":22304,"date":"2018-03-09T09:12:25","date_gmt":"2018-03-09T09:12:25","guid":{"rendered":"https:\/\/www.deberes.net\/tesis\/sin-categoria\/la-codificacion-tributaria-como-medio-garante-de-seguridad-jura%c2%addica\/"},"modified":"2018-03-09T09:12:25","modified_gmt":"2018-03-09T09:12:25","slug":"la-codificacion-tributaria-como-medio-garante-de-seguridad-jura%c2%addica","status":"publish","type":"post","link":"https:\/\/www.deberes.net\/tesis\/salamanca\/la-codificacion-tributaria-como-medio-garante-de-seguridad-jura%c2%addica\/","title":{"rendered":"La codificaci\u00f3n tributaria como medio garante de seguridad jur\u00eddica"},"content":{"rendered":"<h2>Tesis doctoral de <strong> Jos\u00e9 Miguel S\u00e1nchez L\u00f3pez <\/strong><\/h2>\n<p>El esquema previsto para la actuaci\u00f3n del estado a trav\u00e9s de una constituci\u00f3n r\u00edgida, resulta incompatible con la falta de certeza que el factor sorpresa provoca a los destinatarios por lo que el legislador debe procurar dictar disposiciones abstractas y con cierta permanencia, que procuren el equilibrio entre las exigencias del dinamismo social necesitado de un derecho vivo y permeable y las de seguridad jur\u00eddica que se satisface con un m\u00ednimo de estabilidad y fijeza de las situaciones y consiguientemente de la disciplina jur\u00eddica a trav\u00e9s de un correcto empleo de la t\u00e9cnica jur\u00eddica normativa legada por el movimiento codificador cl\u00e1sico e impregnar as\u00ed al sistema tributario de las caracter\u00edsticas de coherencia interna, mayor publicidad, manejabilidad, estructurado racionalmente, compuesto por normas generales, abstractas claras y precisas, encaminadas hacia la sencillez y hacia una estructura formal, constante, cognoscible y con ello f\u00e1cilmente conocible, con vocaci\u00f3n de exhaustividad que entra\u00f1e la conformidad del derecho codificado con el derecho practicable.<\/p>\n<p>&nbsp;<\/p>\n<h3>Datos acad\u00e9micos de la tesis doctoral \u00ab<strong>La codificaci\u00f3n tributaria como medio garante de seguridad jur\u00eddica<\/strong>\u00ab<\/h3>\n<ul>\n<li><strong>T\u00edtulo de la tesis:<\/strong>\u00a0 La codificaci\u00f3n tributaria como medio garante de seguridad jur\u00eddica <\/li>\n<li><strong>Autor:<\/strong>\u00a0 Jos\u00e9 Miguel S\u00e1nchez L\u00f3pez <\/li>\n<li><strong>Universidad:<\/strong>\u00a0 Salamanca<\/li>\n<li><strong>Fecha de lectura de la tesis:<\/strong>\u00a0 28\/03\/2003<\/li>\n<\/ul>\n<p>&nbsp;<\/p>\n<h3>Direcci\u00f3n y tribunal<\/h3>\n<ul>\n<li><strong>Director de la tesis<\/strong>\n<ul>\n<li>Eusebio Gonzalez Garcia<\/li>\n<\/ul>\n<\/li>\n<li><strong>Tribunal<\/strong>\n<ul>\n<li>Presidente del tribunal: Jos\u00e9 Luis P\u00e9rez de ayala <\/li>\n<li>gabriel Casado ollero (vocal)<\/li>\n<li>Jos\u00e9 Mar\u00eda Lago montero (vocal)<\/li>\n<li>  (vocal)<\/li>\n<\/ul>\n<\/li>\n<\/ul>\n<p>&nbsp;<\/p>\n","protected":false},"excerpt":{"rendered":"<p>Tesis doctoral de Jos\u00e9 Miguel S\u00e1nchez L\u00f3pez El esquema previsto para la actuaci\u00f3n del estado a trav\u00e9s de una constituci\u00f3n [&hellip;]<\/p>\n","protected":false},"author":1,"featured_media":0,"comment_status":"open","ping_status":"open","sticky":false,"template":"","format":"standard","meta":{"site-sidebar-layout":"default","site-content-layout":"","ast-site-content-layout":"","site-content-style":"default","site-sidebar-style":"default","ast-global-header-display":"","ast-banner-title-visibility":"","ast-main-header-display":"","ast-hfb-above-header-display":"","ast-hfb-below-header-display":"","ast-hfb-mobile-header-display":"","site-post-title":"","ast-breadcrumbs-content":"","ast-featured-img":"","footer-sml-layout":"","theme-transparent-header-meta":"","adv-header-id-meta":"","stick-header-meta":"","header-above-stick-meta":"","header-main-stick-meta":"","header-below-stick-meta":"","astra-migrate-meta-layouts":"default","ast-page-background-enabled":"default","ast-page-background-meta":{"desktop":{"background-color":"var(--ast-global-color-4)","background-image":"","background-repeat":"repeat","background-position":"center center","background-size":"auto","background-attachment":"scroll","background-type":"","background-media":"","overlay-type":"","overlay-color":"","overlay-gradient":""},"tablet":{"background-color":"","background-image":"","background-repeat":"repeat","background-position":"center center","background-size":"auto","background-attachment":"scroll","background-type":"","background-media":"","overlay-type":"","overlay-color":"","overlay-gradient":""},"mobile":{"background-color":"","background-image":"","background-repeat":"repeat","background-position":"center center","background-size":"auto","background-attachment":"scroll","background-type":"","background-media":"","overlay-type":"","overlay-color":"","overlay-gradient":""}},"ast-content-background-meta":{"desktop":{"background-color":"var(--ast-global-color-5)","background-image":"","background-repeat":"repeat","background-position":"center center","background-size":"auto","background-attachment":"scroll","background-type":"","background-media":"","overlay-type":"","overlay-color":"","overlay-gradient":""},"tablet":{"background-color":"var(--ast-global-color-5)","background-image":"","background-repeat":"repeat","background-position":"center center","background-size":"auto","background-attachment":"scroll","background-type":"","background-media":"","overlay-type":"","overlay-color":"","overlay-gradient":""},"mobile":{"background-color":"var(--ast-global-color-5)","background-image":"","background-repeat":"repeat","background-position":"center center","background-size":"auto","background-attachment":"scroll","background-type":"","background-media":"","overlay-type":"","overlay-color":"","overlay-gradient":""}},"footnotes":""},"categories":[9386],"tags":[25641,2261,6932,52019,66759],"class_list":["post-22304","post","type-post","status-publish","format-standard","hentry","category-salamanca","tag-eusebio-gonzalez-garcia","tag-gabriel-casado-ollero","tag-jose-luis-perez-de-ayala","tag-jose-maria-lago-montero","tag-jose-miguel-sanchez-lopez"],"_links":{"self":[{"href":"https:\/\/www.deberes.net\/tesis\/wp-json\/wp\/v2\/posts\/22304","targetHints":{"allow":["GET"]}}],"collection":[{"href":"https:\/\/www.deberes.net\/tesis\/wp-json\/wp\/v2\/posts"}],"about":[{"href":"https:\/\/www.deberes.net\/tesis\/wp-json\/wp\/v2\/types\/post"}],"author":[{"embeddable":true,"href":"https:\/\/www.deberes.net\/tesis\/wp-json\/wp\/v2\/users\/1"}],"replies":[{"embeddable":true,"href":"https:\/\/www.deberes.net\/tesis\/wp-json\/wp\/v2\/comments?post=22304"}],"version-history":[{"count":0,"href":"https:\/\/www.deberes.net\/tesis\/wp-json\/wp\/v2\/posts\/22304\/revisions"}],"wp:attachment":[{"href":"https:\/\/www.deberes.net\/tesis\/wp-json\/wp\/v2\/media?parent=22304"}],"wp:term":[{"taxonomy":"category","embeddable":true,"href":"https:\/\/www.deberes.net\/tesis\/wp-json\/wp\/v2\/categories?post=22304"},{"taxonomy":"post_tag","embeddable":true,"href":"https:\/\/www.deberes.net\/tesis\/wp-json\/wp\/v2\/tags?post=22304"}],"curies":[{"name":"wp","href":"https:\/\/api.w.org\/{rel}","templated":true}]}}