{"id":22320,"date":"2018-03-09T09:12:26","date_gmt":"2018-03-09T09:12:26","guid":{"rendered":"https:\/\/www.deberes.net\/tesis\/sin-categoria\/madrid-laboratorio-de-pobres-asistencia-y-control-social-en-la-corte-de-los-austrias\/"},"modified":"2018-03-09T09:12:26","modified_gmt":"2018-03-09T09:12:26","slug":"madrid-laboratorio-de-pobres-asistencia-y-control-social-en-la-corte-de-los-austrias","status":"publish","type":"post","link":"https:\/\/www.deberes.net\/tesis\/sin-categoria\/madrid-laboratorio-de-pobres-asistencia-y-control-social-en-la-corte-de-los-austrias\/","title":{"rendered":"Madrid, laboratorio de pobres. asistencia y control social en la corte de los austrias"},"content":{"rendered":"<h2>Tesis doctoral de <strong> Jos\u00e9 Luis De Los Reyes Leoz <\/strong><\/h2>\n<p>Concebida la beneficiencia y la caridad del antiguo r\u00e9gimen como un sistema estructurado de control social por parte de las clases privilegiadas hacia pobres y marginados, es estudiada como una estrategia destinada a mantener el orden actuando sobre las manifestaciones de la pobreza con una pol\u00edtica social determinada. Frutio de las obras de te\u00f3ricos y reformadores, el Madrid cortesano (desde 1561) se convierte en un aut\u00e9ntico \u00ablaboratorio\u00bb donde se experimentan todo tipo de soluciones &#8211; ya fueran copia de las arbitradas en europa o medidas claramente represivas ligadas al encierro de los pobres -. Hospitales, asilos, colegios y otras instituciones servir\u00e1n para establecer una red hospitalaria muy alejada del objetivo de acabar con la pobreza, sino m\u00e1s bien tenerla bajo un f\u00e9rreo control.  Madrid antes y desp\u00e9s de la capitalidad (ss. Xv-xvii) ser\u00e1 el escenario donde la monarqu\u00eda, la iglesia, las elites y los pobres desempe\u00f1ar\u00e1n los papeles correspondientes en el m\u00e1s claro precedente y punto de referencia delas reformas ilustradas del sistema asistencial.<\/p>\n<p>&nbsp;<\/p>\n<h3>Datos acad\u00e9micos de la tesis doctoral \u00ab<strong>Madrid, laboratorio de pobres. asistencia y control social en la corte de los austrias<\/strong>\u00ab<\/h3>\n<ul>\n<li><strong>T\u00edtulo de la tesis:<\/strong>\u00a0 Madrid, laboratorio de pobres. asistencia y control social en la corte de los austrias <\/li>\n<li><strong>Autor:<\/strong>\u00a0 Jos\u00e9 Luis De Los Reyes Leoz <\/li>\n<li><strong>Universidad:<\/strong>\u00a0 Aut\u00f3noma de Madrid<\/li>\n<li><strong>Fecha de lectura de la tesis:<\/strong>\u00a0 28\/03\/2003<\/li>\n<\/ul>\n<p>&nbsp;<\/p>\n<h3>Direcci\u00f3n y tribunal<\/h3>\n<ul>\n<li><strong>Director de la tesis<\/strong>\n<ul>\n<li>Santos Madrazo Madrazo<\/li>\n<\/ul>\n<\/li>\n<li><strong>Tribunal<\/strong>\n<ul>\n<li>Presidente del tribunal: teofanes Egido lopez <\/li>\n<li>jacques Soubeyroux jean (vocal)<\/li>\n<li>Alberto Marcos mart\u00edn (vocal)<\/li>\n<li>virgilio Pinto crespo (vocal)<\/li>\n<\/ul>\n<\/li>\n<\/ul>\n<p>&nbsp;<\/p>\n","protected":false},"excerpt":{"rendered":"<p>Tesis doctoral de Jos\u00e9 Luis De Los Reyes Leoz Concebida la beneficiencia y la caridad del antiguo r\u00e9gimen como un [&hellip;]<\/p>\n","protected":false},"author":1,"featured_media":0,"comment_status":"open","ping_status":"open","sticky":false,"template":"","format":"standard","meta":{"site-sidebar-layout":"default","site-content-layout":"","ast-site-content-layout":"","site-content-style":"default","site-sidebar-style":"default","ast-global-header-display":"","ast-banner-title-visibility":"","ast-main-header-display":"","ast-hfb-above-header-display":"","ast-hfb-below-header-display":"","ast-hfb-mobile-header-display":"","site-post-title":"","ast-breadcrumbs-content":"","ast-featured-img":"","footer-sml-layout":"","theme-transparent-header-meta":"","adv-header-id-meta":"","stick-header-meta":"","header-above-stick-meta":"","header-main-stick-meta":"","header-below-stick-meta":"","astra-migrate-meta-layouts":"default","ast-page-background-enabled":"default","ast-page-background-meta":{"desktop":{"background-color":"var(--ast-global-color-4)","background-image":"","background-repeat":"repeat","background-position":"center center","background-size":"auto","background-attachment":"scroll","background-type":"","background-media":"","overlay-type":"","overlay-color":"","overlay-gradient":""},"tablet":{"background-color":"","background-image":"","background-repeat":"repeat","background-position":"center center","background-size":"auto","background-attachment":"scroll","background-type":"","background-media":"","overlay-type":"","overlay-color":"","overlay-gradient":""},"mobile":{"background-color":"","background-image":"","background-repeat":"repeat","background-position":"center center","background-size":"auto","background-attachment":"scroll","background-type":"","background-media":"","overlay-type":"","overlay-color":"","overlay-gradient":""}},"ast-content-background-meta":{"desktop":{"background-color":"var(--ast-global-color-5)","background-image":"","background-repeat":"repeat","background-position":"center center","background-size":"auto","background-attachment":"scroll","background-type":"","background-media":"","overlay-type":"","overlay-color":"","overlay-gradient":""},"tablet":{"background-color":"var(--ast-global-color-5)","background-image":"","background-repeat":"repeat","background-position":"center center","background-size":"auto","background-attachment":"scroll","background-type":"","background-media":"","overlay-type":"","overlay-color":"","overlay-gradient":""},"mobile":{"background-color":"var(--ast-global-color-5)","background-image":"","background-repeat":"repeat","background-position":"center center","background-size":"auto","background-attachment":"scroll","background-type":"","background-media":"","overlay-type":"","overlay-color":"","overlay-gradient":""}},"footnotes":""},"categories":[1],"tags":[12525,66801,66800,15312,3360,15310],"class_list":["post-22320","post","type-post","status-publish","format-standard","hentry","category-sin-categoria","tag-alberto-marcos-martin","tag-jacques-soubeyroux-jean","tag-jose-luis-de-los-reyes-leoz","tag-santos-madrazo-madrazo","tag-teofanes-egido-lopez","tag-virgilio-pinto-crespo"],"_links":{"self":[{"href":"https:\/\/www.deberes.net\/tesis\/wp-json\/wp\/v2\/posts\/22320","targetHints":{"allow":["GET"]}}],"collection":[{"href":"https:\/\/www.deberes.net\/tesis\/wp-json\/wp\/v2\/posts"}],"about":[{"href":"https:\/\/www.deberes.net\/tesis\/wp-json\/wp\/v2\/types\/post"}],"author":[{"embeddable":true,"href":"https:\/\/www.deberes.net\/tesis\/wp-json\/wp\/v2\/users\/1"}],"replies":[{"embeddable":true,"href":"https:\/\/www.deberes.net\/tesis\/wp-json\/wp\/v2\/comments?post=22320"}],"version-history":[{"count":0,"href":"https:\/\/www.deberes.net\/tesis\/wp-json\/wp\/v2\/posts\/22320\/revisions"}],"wp:attachment":[{"href":"https:\/\/www.deberes.net\/tesis\/wp-json\/wp\/v2\/media?parent=22320"}],"wp:term":[{"taxonomy":"category","embeddable":true,"href":"https:\/\/www.deberes.net\/tesis\/wp-json\/wp\/v2\/categories?post=22320"},{"taxonomy":"post_tag","embeddable":true,"href":"https:\/\/www.deberes.net\/tesis\/wp-json\/wp\/v2\/tags?post=22320"}],"curies":[{"name":"wp","href":"https:\/\/api.w.org\/{rel}","templated":true}]}}