{"id":22346,"date":"2018-03-09T09:12:29","date_gmt":"2018-03-09T09:12:29","guid":{"rendered":"https:\/\/www.deberes.net\/tesis\/sin-categoria\/la-subversion-contra-la-dictadura-de-primo-de-rivera\/"},"modified":"2018-03-09T09:12:29","modified_gmt":"2018-03-09T09:12:29","slug":"la-subversion-contra-la-dictadura-de-primo-de-rivera","status":"publish","type":"post","link":"https:\/\/www.deberes.net\/tesis\/zaragoza\/la-subversion-contra-la-dictadura-de-primo-de-rivera\/","title":{"rendered":"La subversi\u00f3n contra la dictadura de primo de rivera"},"content":{"rendered":"<h2>Tesis doctoral de <strong>  O\u00f1a Fern\u00e1ndez Juan  Jose <\/strong><\/h2>\n<p>La subversi\u00f3n como fen\u00f3meno pol\u00edtico; el enfrentamiento violento entre poder dictatorial y oposici\u00f3n; la conexi\u00f3n hist\u00f3rica de esos dos aspectos en una singular etapa contempor\u00e1nea espa\u00f1ola; la aproximaci\u00f3n a las vicisitudes de unos colectivos ideol\u00f3gicos en ese periodo y, por \u00faltimo, una revisi\u00f3n local sobre las ciudades de Valencia, alcoy y ciudad real como marco de las manifestaciones del principal movimiento hostil de la cadena suaversiva y antiprimoriverista, centra, junto a los recursos violentos del gobierno dictatorial y la oposici\u00f3n, esta tesis.<\/p>\n<p>&nbsp;<\/p>\n<h3>Datos acad\u00e9micos de la tesis doctoral \u00ab<strong>La subversi\u00f3n contra la dictadura de primo de rivera<\/strong>\u00ab<\/h3>\n<ul>\n<li><strong>T\u00edtulo de la tesis:<\/strong>\u00a0 La subversi\u00f3n contra la dictadura de primo de rivera <\/li>\n<li><strong>Autor:<\/strong>\u00a0  O\u00f1a Fern\u00e1ndez Juan  Jose <\/li>\n<li><strong>Universidad:<\/strong>\u00a0 Zaragoza<\/li>\n<li><strong>Fecha de lectura de la tesis:<\/strong>\u00a0 31\/03\/2003<\/li>\n<\/ul>\n<p>&nbsp;<\/p>\n<h3>Direcci\u00f3n y tribunal<\/h3>\n<ul>\n<li><strong>Director de la tesis<\/strong>\n<ul>\n<li> Carrera Ares Juan  Jose<\/li>\n<\/ul>\n<\/li>\n<li><strong>Tribunal<\/strong>\n<ul>\n<li>Presidente del tribunal: Carlos Forcadel alvarez <\/li>\n<li>julio Anostegui s\u00e1nchez (vocal)<\/li>\n<li>encarna Nicolas marin (vocal)<\/li>\n<li>eloy Fernandez clemente (vocal)<\/li>\n<\/ul>\n<\/li>\n<\/ul>\n<p>&nbsp;<\/p>\n","protected":false},"excerpt":{"rendered":"<p>Tesis doctoral de O\u00f1a Fern\u00e1ndez Juan Jose La subversi\u00f3n como fen\u00f3meno pol\u00edtico; el enfrentamiento violento entre poder dictatorial y oposici\u00f3n; [&hellip;]<\/p>\n","protected":false},"author":1,"featured_media":0,"comment_status":"open","ping_status":"open","sticky":false,"template":"","format":"standard","meta":{"site-sidebar-layout":"default","site-content-layout":"","ast-site-content-layout":"","site-content-style":"default","site-sidebar-style":"default","ast-global-header-display":"","ast-banner-title-visibility":"","ast-main-header-display":"","ast-hfb-above-header-display":"","ast-hfb-below-header-display":"","ast-hfb-mobile-header-display":"","site-post-title":"","ast-breadcrumbs-content":"","ast-featured-img":"","footer-sml-layout":"","theme-transparent-header-meta":"","adv-header-id-meta":"","stick-header-meta":"","header-above-stick-meta":"","header-main-stick-meta":"","header-below-stick-meta":"","astra-migrate-meta-layouts":"default","ast-page-background-enabled":"default","ast-page-background-meta":{"desktop":{"background-color":"var(--ast-global-color-4)","background-image":"","background-repeat":"repeat","background-position":"center center","background-size":"auto","background-attachment":"scroll","background-type":"","background-media":"","overlay-type":"","overlay-color":"","overlay-gradient":""},"tablet":{"background-color":"","background-image":"","background-repeat":"repeat","background-position":"center center","background-size":"auto","background-attachment":"scroll","background-type":"","background-media":"","overlay-type":"","overlay-color":"","overlay-gradient":""},"mobile":{"background-color":"","background-image":"","background-repeat":"repeat","background-position":"center center","background-size":"auto","background-attachment":"scroll","background-type":"","background-media":"","overlay-type":"","overlay-color":"","overlay-gradient":""}},"ast-content-background-meta":{"desktop":{"background-color":"var(--ast-global-color-5)","background-image":"","background-repeat":"repeat","background-position":"center center","background-size":"auto","background-attachment":"scroll","background-type":"","background-media":"","overlay-type":"","overlay-color":"","overlay-gradient":""},"tablet":{"background-color":"var(--ast-global-color-5)","background-image":"","background-repeat":"repeat","background-position":"center center","background-size":"auto","background-attachment":"scroll","background-type":"","background-media":"","overlay-type":"","overlay-color":"","overlay-gradient":""},"mobile":{"background-color":"var(--ast-global-color-5)","background-image":"","background-repeat":"repeat","background-position":"center center","background-size":"auto","background-attachment":"scroll","background-type":"","background-media":"","overlay-type":"","overlay-color":"","overlay-gradient":""}},"footnotes":""},"categories":[13610],"tags":[66868,66867,8632,28708,66869,66866],"class_list":["post-22346","post","type-post","status-publish","format-standard","hentry","category-zaragoza","tag-carlos-forcadel-alvarez","tag-carrera-ares-juan-jose","tag-eloy-fernandez-clemente","tag-encarna-nicolas-marin","tag-julio-anostegui-sanchez","tag-ona-fernandez-juan-jose"],"_links":{"self":[{"href":"https:\/\/www.deberes.net\/tesis\/wp-json\/wp\/v2\/posts\/22346","targetHints":{"allow":["GET"]}}],"collection":[{"href":"https:\/\/www.deberes.net\/tesis\/wp-json\/wp\/v2\/posts"}],"about":[{"href":"https:\/\/www.deberes.net\/tesis\/wp-json\/wp\/v2\/types\/post"}],"author":[{"embeddable":true,"href":"https:\/\/www.deberes.net\/tesis\/wp-json\/wp\/v2\/users\/1"}],"replies":[{"embeddable":true,"href":"https:\/\/www.deberes.net\/tesis\/wp-json\/wp\/v2\/comments?post=22346"}],"version-history":[{"count":0,"href":"https:\/\/www.deberes.net\/tesis\/wp-json\/wp\/v2\/posts\/22346\/revisions"}],"wp:attachment":[{"href":"https:\/\/www.deberes.net\/tesis\/wp-json\/wp\/v2\/media?parent=22346"}],"wp:term":[{"taxonomy":"category","embeddable":true,"href":"https:\/\/www.deberes.net\/tesis\/wp-json\/wp\/v2\/categories?post=22346"},{"taxonomy":"post_tag","embeddable":true,"href":"https:\/\/www.deberes.net\/tesis\/wp-json\/wp\/v2\/tags?post=22346"}],"curies":[{"name":"wp","href":"https:\/\/api.w.org\/{rel}","templated":true}]}}