{"id":22368,"date":"2003-01-04T00:00:00","date_gmt":"2003-01-04T00:00:00","guid":{"rendered":"https:\/\/www.deberes.net\/tesis\/sin-categoria\/la-poetica-de-mark-rothko\/"},"modified":"2003-01-04T00:00:00","modified_gmt":"2003-01-04T00:00:00","slug":"la-poetica-de-mark-rothko","status":"publish","type":"post","link":"https:\/\/www.deberes.net\/tesis\/navarra\/la-poetica-de-mark-rothko\/","title":{"rendered":"La po\u00e9tica de mark rothko"},"content":{"rendered":"<h2>Tesis doctoral de <strong> Miguel L\u00f3pez-remiro Forcada <\/strong><\/h2>\n<p>El estudio de la obra de mark rothko ha sido objeto durante las \u00faltimas d\u00e9cadas de un importante n\u00famero de publicaciones. Rothko se consolida como la figura clave de la escuela de nueva york y una de las figuras m\u00e1s importantes del arte del siglo xx.  sin embargo, el estudio de la obra art\u00edstica de rothko ha partido con frecuencia de un an\u00e1lisis sesgado, obviando por un lado la importancia del per\u00edodo surrealista de este autor, etapa que rosenblum denomina terra incognita, en beneficio del estudio de su \u00e9poca cl\u00e1sica, y no atendiendo, por otro lado, a la importancia de la obra escrita de este autor.  estas dos lagunas en el estudio de la obra de mark rothko tienen como consecuencia principal la presentaci\u00f3n de su obra art\u00edstica y pensamiento te\u00f3rico de una forma discontinua.  el objetivo de la tesis era el de realizar un estudio de corte po\u00e9tico sobre la obra de mark rothko. El estudio po\u00e9tico se caracteriza por abordar desde una perspectiva amplia el hecho art\u00edstico facilitando vislumbrar la unidad que reside en el planteamiento art\u00edstico. Este plan de investigaci\u00f3n parte del inter\u00e9s por realizar una exposici\u00f3n de las claves del pensamiento y pr\u00e1ctica art\u00edstico de este artista.  el desarrollo la tesis est\u00e1 dirigido justamente hacia este aspecto, al de realizar una aproximaci\u00f3n a la obra de mark rothko teniendo en cuenta a lo largo de todo el trabajo la siguiente perspectiva: el respeto a la unidad latente en toda su obra y pensamiento.<\/p>\n<p>&nbsp;<\/p>\n<h3>Datos acad\u00e9micos de la tesis doctoral \u00ab<strong>La po\u00e9tica de mark rothko<\/strong>\u00ab<\/h3>\n<ul>\n<li><strong>T\u00edtulo de la tesis:<\/strong>\u00a0 La po\u00e9tica de mark rothko <\/li>\n<li><strong>Autor:<\/strong>\u00a0 Miguel L\u00f3pez-remiro Forcada <\/li>\n<li><strong>Universidad:<\/strong>\u00a0 Navarra<\/li>\n<li><strong>Fecha de lectura de la tesis:<\/strong>\u00a0 01\/04\/2003<\/li>\n<\/ul>\n<p>&nbsp;<\/p>\n<h3>Direcci\u00f3n y tribunal<\/h3>\n<ul>\n<li><strong>Director de la tesis<\/strong>\n<ul>\n<li> Labrada Rubio M. Antonia<\/li>\n<\/ul>\n<\/li>\n<li><strong>Tribunal<\/strong>\n<ul>\n<li>Presidente del tribunal: valeriano Bozal <\/li>\n<li> Calle rom\u00e1n de la (vocal)<\/li>\n<li>Juan Cruz cruz (vocal)<\/li>\n<li>sheldon Nodelman (vocal)<\/li>\n<\/ul>\n<\/li>\n<\/ul>\n<p>&nbsp;<\/p>\n","protected":false},"excerpt":{"rendered":"<p>Tesis doctoral de Miguel L\u00f3pez-remiro Forcada El estudio de la obra de mark rothko ha sido objeto durante las \u00faltimas [&hellip;]<\/p>\n","protected":false},"author":1,"featured_media":0,"comment_status":"open","ping_status":"open","sticky":false,"template":"","format":"standard","meta":{"site-sidebar-layout":"default","site-content-layout":"","ast-site-content-layout":"","site-content-style":"default","site-sidebar-style":"default","ast-global-header-display":"","ast-banner-title-visibility":"","ast-main-header-display":"","ast-hfb-above-header-display":"","ast-hfb-below-header-display":"","ast-hfb-mobile-header-display":"","site-post-title":"","ast-breadcrumbs-content":"","ast-featured-img":"","footer-sml-layout":"","theme-transparent-header-meta":"","adv-header-id-meta":"","stick-header-meta":"","header-above-stick-meta":"","header-main-stick-meta":"","header-below-stick-meta":"","astra-migrate-meta-layouts":"default","ast-page-background-enabled":"default","ast-page-background-meta":{"desktop":{"background-color":"var(--ast-global-color-4)","background-image":"","background-repeat":"repeat","background-position":"center center","background-size":"auto","background-attachment":"scroll","background-type":"","background-media":"","overlay-type":"","overlay-color":"","overlay-gradient":""},"tablet":{"background-color":"","background-image":"","background-repeat":"repeat","background-position":"center center","background-size":"auto","background-attachment":"scroll","background-type":"","background-media":"","overlay-type":"","overlay-color":"","overlay-gradient":""},"mobile":{"background-color":"","background-image":"","background-repeat":"repeat","background-position":"center center","background-size":"auto","background-attachment":"scroll","background-type":"","background-media":"","overlay-type":"","overlay-color":"","overlay-gradient":""}},"ast-content-background-meta":{"desktop":{"background-color":"var(--ast-global-color-5)","background-image":"","background-repeat":"repeat","background-position":"center center","background-size":"auto","background-attachment":"scroll","background-type":"","background-media":"","overlay-type":"","overlay-color":"","overlay-gradient":""},"tablet":{"background-color":"var(--ast-global-color-5)","background-image":"","background-repeat":"repeat","background-position":"center center","background-size":"auto","background-attachment":"scroll","background-type":"","background-media":"","overlay-type":"","overlay-color":"","overlay-gradient":""},"mobile":{"background-color":"var(--ast-global-color-5)","background-image":"","background-repeat":"repeat","background-position":"center center","background-size":"auto","background-attachment":"scroll","background-type":"","background-media":"","overlay-type":"","overlay-color":"","overlay-gradient":""}},"footnotes":""},"categories":[17749],"tags":[66916,18049,18198,66915,66917,43654],"class_list":["post-22368","post","type-post","status-publish","format-standard","hentry","category-navarra","tag-calle-roman-de-la","tag-juan-cruz-cruz","tag-labrada-rubio-m-antonia","tag-miguel-lopez-remiro-forcada","tag-sheldon-nodelman","tag-valeriano-bozal"],"_links":{"self":[{"href":"https:\/\/www.deberes.net\/tesis\/wp-json\/wp\/v2\/posts\/22368","targetHints":{"allow":["GET"]}}],"collection":[{"href":"https:\/\/www.deberes.net\/tesis\/wp-json\/wp\/v2\/posts"}],"about":[{"href":"https:\/\/www.deberes.net\/tesis\/wp-json\/wp\/v2\/types\/post"}],"author":[{"embeddable":true,"href":"https:\/\/www.deberes.net\/tesis\/wp-json\/wp\/v2\/users\/1"}],"replies":[{"embeddable":true,"href":"https:\/\/www.deberes.net\/tesis\/wp-json\/wp\/v2\/comments?post=22368"}],"version-history":[{"count":0,"href":"https:\/\/www.deberes.net\/tesis\/wp-json\/wp\/v2\/posts\/22368\/revisions"}],"wp:attachment":[{"href":"https:\/\/www.deberes.net\/tesis\/wp-json\/wp\/v2\/media?parent=22368"}],"wp:term":[{"taxonomy":"category","embeddable":true,"href":"https:\/\/www.deberes.net\/tesis\/wp-json\/wp\/v2\/categories?post=22368"},{"taxonomy":"post_tag","embeddable":true,"href":"https:\/\/www.deberes.net\/tesis\/wp-json\/wp\/v2\/tags?post=22368"}],"curies":[{"name":"wp","href":"https:\/\/api.w.org\/{rel}","templated":true}]}}