{"id":22377,"date":"2003-02-04T00:00:00","date_gmt":"2003-02-04T00:00:00","guid":{"rendered":"https:\/\/www.deberes.net\/tesis\/sin-categoria\/teoria-psicocra%c2%adtica-de-la-comedia-la-comedia-espanola-del-siglo-de-oro\/"},"modified":"2003-02-04T00:00:00","modified_gmt":"2003-02-04T00:00:00","slug":"teoria-psicocra%c2%adtica-de-la-comedia-la-comedia-espanola-del-siglo-de-oro","status":"publish","type":"post","link":"https:\/\/www.deberes.net\/tesis\/oviedo\/teoria-psicocra%c2%adtica-de-la-comedia-la-comedia-espanola-del-siglo-de-oro\/","title":{"rendered":"Teor\u00eda psicocr\u00edtica de la comedia. la comedia espa\u00f1ola del siglo de oro"},"content":{"rendered":"<h2>Tesis doctoral de <strong>  Llanos L\u00f3pez Rosa Ana <\/strong><\/h2>\n<p>Tras revisar el panorama general de las distintas teor\u00edas de la comedia desde la antig\u00ed\u00bcedad grecolatina hasta el renacimiento, a trav\u00e9s del que se observan las muchas deficiencias que caracterizan el proceso de formaci\u00f3n de la teor\u00eda de la comedia (entre las que destacan el uso de criterios fundamentalmente descriptivos como diferenciadores de g\u00e9nero) y cuyas consecuencias se ejemplifican en el complejo caso de la preceptiva dram\u00e1tica espa\u00f1ola del siglo xvii, se estudia y se propone la concepci\u00f3n te\u00f3rica sobre el g\u00e9nero c\u00f3mico de la psicocr\u00edtica de charles mauron como una teor\u00eda de la comedia integral no s\u00f3lo porque parta para su definici\u00f3n precisamente desde las ausencias detectadas en las propuestas anteriores y elija como criterio definidor del g\u00e9nero el del efecto, sino tambi\u00e9n porque su alcance es adem\u00e1s general, como demuestra el propio mauron al aplicar sus ideas al an\u00e1lisis de tres paradigmas c\u00f3micos cl\u00e1sicos, la comedia griega, la comedia latina y la gran comedia francesa de moli\u00e9re, y como esta tesis intentar\u00e1 demostrar tambi\u00e9n con la aplicaci\u00f3n al caso de la comedia espa\u00f1ola del siglo de oro.<\/p>\n<p>&nbsp;<\/p>\n<h3>Datos acad\u00e9micos de la tesis doctoral \u00ab<strong>Teor\u00eda psicocr\u00edtica de la comedia. la comedia espa\u00f1ola del siglo de oro<\/strong>\u00ab<\/h3>\n<ul>\n<li><strong>T\u00edtulo de la tesis:<\/strong>\u00a0 Teor\u00eda psicocr\u00edtica de la comedia. la comedia espa\u00f1ola del siglo de oro <\/li>\n<li><strong>Autor:<\/strong>\u00a0  Llanos L\u00f3pez Rosa Ana <\/li>\n<li><strong>Universidad:<\/strong>\u00a0 Oviedo<\/li>\n<li><strong>Fecha de lectura de la tesis:<\/strong>\u00a0 02\/04\/2003<\/li>\n<\/ul>\n<p>&nbsp;<\/p>\n<h3>Direcci\u00f3n y tribunal<\/h3>\n<ul>\n<li><strong>Director de la tesis<\/strong>\n<ul>\n<li> Bobes Naves M. Carmen<\/li>\n<\/ul>\n<\/li>\n<li><strong>Tribunal<\/strong>\n<ul>\n<li>Presidente del tribunal: tomas Albaladejo mayordomo <\/li>\n<li> Garc\u00eda barrientos Jos\u00e9 Luis (vocal)<\/li>\n<li>isabel Para\u00edso almansa (vocal)<\/li>\n<li>magadalena Cueto p\u00e9rez (vocal)<\/li>\n<\/ul>\n<\/li>\n<\/ul>\n<p>&nbsp;<\/p>\n","protected":false},"excerpt":{"rendered":"<p>Tesis doctoral de Llanos L\u00f3pez Rosa Ana Tras revisar el panorama general de las distintas teor\u00edas de la comedia desde [&hellip;]<\/p>\n","protected":false},"author":1,"featured_media":0,"comment_status":"open","ping_status":"open","sticky":false,"template":"","format":"standard","meta":{"site-sidebar-layout":"default","site-content-layout":"","ast-site-content-layout":"","site-content-style":"default","site-sidebar-style":"default","ast-global-header-display":"","ast-banner-title-visibility":"","ast-main-header-display":"","ast-hfb-above-header-display":"","ast-hfb-below-header-display":"","ast-hfb-mobile-header-display":"","site-post-title":"","ast-breadcrumbs-content":"","ast-featured-img":"","footer-sml-layout":"","theme-transparent-header-meta":"","adv-header-id-meta":"","stick-header-meta":"","header-above-stick-meta":"","header-main-stick-meta":"","header-below-stick-meta":"","astra-migrate-meta-layouts":"default","ast-page-background-enabled":"default","ast-page-background-meta":{"desktop":{"background-color":"var(--ast-global-color-4)","background-image":"","background-repeat":"repeat","background-position":"center center","background-size":"auto","background-attachment":"scroll","background-type":"","background-media":"","overlay-type":"","overlay-color":"","overlay-gradient":""},"tablet":{"background-color":"","background-image":"","background-repeat":"repeat","background-position":"center center","background-size":"auto","background-attachment":"scroll","background-type":"","background-media":"","overlay-type":"","overlay-color":"","overlay-gradient":""},"mobile":{"background-color":"","background-image":"","background-repeat":"repeat","background-position":"center center","background-size":"auto","background-attachment":"scroll","background-type":"","background-media":"","overlay-type":"","overlay-color":"","overlay-gradient":""}},"ast-content-background-meta":{"desktop":{"background-color":"var(--ast-global-color-5)","background-image":"","background-repeat":"repeat","background-position":"center center","background-size":"auto","background-attachment":"scroll","background-type":"","background-media":"","overlay-type":"","overlay-color":"","overlay-gradient":""},"tablet":{"background-color":"var(--ast-global-color-5)","background-image":"","background-repeat":"repeat","background-position":"center center","background-size":"auto","background-attachment":"scroll","background-type":"","background-media":"","overlay-type":"","overlay-color":"","overlay-gradient":""},"mobile":{"background-color":"var(--ast-global-color-5)","background-image":"","background-repeat":"repeat","background-position":"center center","background-size":"auto","background-attachment":"scroll","background-type":"","background-media":"","overlay-type":"","overlay-color":"","overlay-gradient":""}},"footnotes":""},"categories":[8846],"tags":[631,66937,14763,66936,66938,4759],"class_list":["post-22377","post","type-post","status-publish","format-standard","hentry","category-oviedo","tag-bobes-naves-m-carmen","tag-garcia-barrientos-jose-luis","tag-isabel-paraiso-almansa","tag-llanos-lopez-rosa-ana","tag-magadalena-cueto-perez","tag-tomas-albaladejo-mayordomo"],"_links":{"self":[{"href":"https:\/\/www.deberes.net\/tesis\/wp-json\/wp\/v2\/posts\/22377","targetHints":{"allow":["GET"]}}],"collection":[{"href":"https:\/\/www.deberes.net\/tesis\/wp-json\/wp\/v2\/posts"}],"about":[{"href":"https:\/\/www.deberes.net\/tesis\/wp-json\/wp\/v2\/types\/post"}],"author":[{"embeddable":true,"href":"https:\/\/www.deberes.net\/tesis\/wp-json\/wp\/v2\/users\/1"}],"replies":[{"embeddable":true,"href":"https:\/\/www.deberes.net\/tesis\/wp-json\/wp\/v2\/comments?post=22377"}],"version-history":[{"count":0,"href":"https:\/\/www.deberes.net\/tesis\/wp-json\/wp\/v2\/posts\/22377\/revisions"}],"wp:attachment":[{"href":"https:\/\/www.deberes.net\/tesis\/wp-json\/wp\/v2\/media?parent=22377"}],"wp:term":[{"taxonomy":"category","embeddable":true,"href":"https:\/\/www.deberes.net\/tesis\/wp-json\/wp\/v2\/categories?post=22377"},{"taxonomy":"post_tag","embeddable":true,"href":"https:\/\/www.deberes.net\/tesis\/wp-json\/wp\/v2\/tags?post=22377"}],"curies":[{"name":"wp","href":"https:\/\/api.w.org\/{rel}","templated":true}]}}