{"id":22411,"date":"2003-04-04T00:00:00","date_gmt":"2003-04-04T00:00:00","guid":{"rendered":"https:\/\/www.deberes.net\/tesis\/sin-categoria\/response-dependencies-colors-and-values\/"},"modified":"2003-04-04T00:00:00","modified_gmt":"2003-04-04T00:00:00","slug":"response-dependencies-colors-and-values","status":"publish","type":"post","link":"https:\/\/www.deberes.net\/tesis\/filosofia\/response-dependencies-colors-and-values\/","title":{"rendered":"Response-dependencies: colors and values"},"content":{"rendered":"<h2>Tesis doctoral de <strong>  L\u00f3pez De Sa Medina Dan <\/strong><\/h2>\n<p>La noci\u00f3n de dependencia de respuesta se introdujo con el objetivo de generalizar la noci\u00f3n de cualidad secundaria, de un modo que cubriera a los valores tambi\u00e9n, reivindicando as\u00ed el realismos evaluativo. La tesis distingue dos tipos de dependencia de respuesta: r\u00edgida y flexible, y defiende que s\u00f3lo el primero y no el segundo es capaz de reivindicar el realismo, mientras que los valores, en contra de lo que presumiblemente pasa con los colores, son propiedades dependientes de respuesta en el sentido flexible. Es as\u00ed un trabajo en metaf\u00edsica contempor\u00e1nea, pero tambi\u00e9n en meta-\u00e9tica y filosof\u00eda del lenguaje.<\/p>\n<p>&nbsp;<\/p>\n<h3>Datos acad\u00e9micos de la tesis doctoral \u00ab<strong>Response-dependencies: colors and values<\/strong>\u00ab<\/h3>\n<ul>\n<li><strong>T\u00edtulo de la tesis:<\/strong>\u00a0 Response-dependencies: colors and values <\/li>\n<li><strong>Autor:<\/strong>\u00a0  L\u00f3pez De Sa Medina Dan <\/li>\n<li><strong>Universidad:<\/strong>\u00a0 Barcelona<\/li>\n<li><strong>Fecha de lectura de la tesis:<\/strong>\u00a0 04\/04\/2003<\/li>\n<\/ul>\n<p>&nbsp;<\/p>\n<h3>Direcci\u00f3n y tribunal<\/h3>\n<ul>\n<li><strong>Director de la tesis<\/strong>\n<ul>\n<li>carpintero S\u00e1nchez Garc\u00eda<\/li>\n<\/ul>\n<\/li>\n<li><strong>Tribunal<\/strong>\n<ul>\n<li>Presidente del tribunal: kevin Mulligan <\/li>\n<li>Jos\u00e9 Antonio Diez calzada (vocal)<\/li>\n<li>jo\u00ed\u00a2o Brnaquinho (vocal)<\/li>\n<li>genoveva Marti campillo (vocal)<\/li>\n<\/ul>\n<\/li>\n<\/ul>\n<p>&nbsp;<\/p>\n","protected":false},"excerpt":{"rendered":"<p>Tesis doctoral de L\u00f3pez De Sa Medina Dan La noci\u00f3n de dependencia de respuesta se introdujo con el objetivo de [&hellip;]<\/p>\n","protected":false},"author":1,"featured_media":0,"comment_status":"open","ping_status":"open","sticky":false,"template":"","format":"standard","meta":{"site-sidebar-layout":"default","site-content-layout":"","ast-site-content-layout":"","site-content-style":"default","site-sidebar-style":"default","ast-global-header-display":"","ast-banner-title-visibility":"","ast-main-header-display":"","ast-hfb-above-header-display":"","ast-hfb-below-header-display":"","ast-hfb-mobile-header-display":"","site-post-title":"","ast-breadcrumbs-content":"","ast-featured-img":"","footer-sml-layout":"","theme-transparent-header-meta":"","adv-header-id-meta":"","stick-header-meta":"","header-above-stick-meta":"","header-main-stick-meta":"","header-below-stick-meta":"","astra-migrate-meta-layouts":"default","ast-page-background-enabled":"default","ast-page-background-meta":{"desktop":{"background-color":"var(--ast-global-color-4)","background-image":"","background-repeat":"repeat","background-position":"center center","background-size":"auto","background-attachment":"scroll","background-type":"","background-media":"","overlay-type":"","overlay-color":"","overlay-gradient":""},"tablet":{"background-color":"","background-image":"","background-repeat":"repeat","background-position":"center center","background-size":"auto","background-attachment":"scroll","background-type":"","background-media":"","overlay-type":"","overlay-color":"","overlay-gradient":""},"mobile":{"background-color":"","background-image":"","background-repeat":"repeat","background-position":"center center","background-size":"auto","background-attachment":"scroll","background-type":"","background-media":"","overlay-type":"","overlay-color":"","overlay-gradient":""}},"ast-content-background-meta":{"desktop":{"background-color":"var(--ast-global-color-5)","background-image":"","background-repeat":"repeat","background-position":"center center","background-size":"auto","background-attachment":"scroll","background-type":"","background-media":"","overlay-type":"","overlay-color":"","overlay-gradient":""},"tablet":{"background-color":"var(--ast-global-color-5)","background-image":"","background-repeat":"repeat","background-position":"center center","background-size":"auto","background-attachment":"scroll","background-type":"","background-media":"","overlay-type":"","overlay-color":"","overlay-gradient":""},"mobile":{"background-color":"var(--ast-global-color-5)","background-image":"","background-repeat":"repeat","background-position":"center center","background-size":"auto","background-attachment":"scroll","background-type":"","background-media":"","overlay-type":"","overlay-color":"","overlay-gradient":""}},"footnotes":""},"categories":[960,6313,951,165,316,5342,3747,6428],"tags":[19755,41514,67019,13160,67018,67017],"class_list":["post-22411","post","type-post","status-publish","format-standard","hentry","category-antropologia-filosofica","category-aplicaciones-de-la-logica","category-barcelona","category-filosofia","category-filosofia-del-lenguaje","category-filosofia-general","category-logica","category-metafisica-y-ontologia","tag-carpintero-sanchez-garcia","tag-genoveva-marti-campillo","tag-joio-brnaquinho","tag-jose-antonio-diez-calzada","tag-kevin-mulligan","tag-lopez-de-sa-medina-dan"],"_links":{"self":[{"href":"https:\/\/www.deberes.net\/tesis\/wp-json\/wp\/v2\/posts\/22411","targetHints":{"allow":["GET"]}}],"collection":[{"href":"https:\/\/www.deberes.net\/tesis\/wp-json\/wp\/v2\/posts"}],"about":[{"href":"https:\/\/www.deberes.net\/tesis\/wp-json\/wp\/v2\/types\/post"}],"author":[{"embeddable":true,"href":"https:\/\/www.deberes.net\/tesis\/wp-json\/wp\/v2\/users\/1"}],"replies":[{"embeddable":true,"href":"https:\/\/www.deberes.net\/tesis\/wp-json\/wp\/v2\/comments?post=22411"}],"version-history":[{"count":0,"href":"https:\/\/www.deberes.net\/tesis\/wp-json\/wp\/v2\/posts\/22411\/revisions"}],"wp:attachment":[{"href":"https:\/\/www.deberes.net\/tesis\/wp-json\/wp\/v2\/media?parent=22411"}],"wp:term":[{"taxonomy":"category","embeddable":true,"href":"https:\/\/www.deberes.net\/tesis\/wp-json\/wp\/v2\/categories?post=22411"},{"taxonomy":"post_tag","embeddable":true,"href":"https:\/\/www.deberes.net\/tesis\/wp-json\/wp\/v2\/tags?post=22411"}],"curies":[{"name":"wp","href":"https:\/\/api.w.org\/{rel}","templated":true}]}}